{"id":99134,"date":"2020-05-28T07:30:07","date_gmt":"2020-05-28T11:30:07","guid":{"rendered":"https:\/\/www.eltrabajo.cl\/portal\/?p=99134"},"modified":"2020-05-27T20:49:44","modified_gmt":"2020-05-28T00:49:44","slug":"iniciativa-de-sanfelipeno-para-reclamar-fondos-de-afp-se-hace-nacional-en-solo-una-semana","status":"publish","type":"post","link":"https:\/\/eltrabajo.cl\/portal\/iniciativa-de-sanfelipeno-para-reclamar-fondos-de-afp-se-hace-nacional-en-solo-una-semana\/","title":{"rendered":"Iniciativa de sanfelipe\u00f1o para reclamar fondos de AFP se hace nacional en s\u00f3lo una semana"},"content":{"rendered":"<p style=\"text-align: justify;\"><span style=\"color: #c81400;\"><strong>Lo patentan con una carta al Presidente Pi\u00f1era:<\/strong><\/span><\/p>\n<p style=\"text-align: justify;\">La indignaci\u00f3n de miles de chilenos sin empleo ya es nacional y se refleja en la resonancia que se registra de esta iniciativa a nivel de Chile. Sanfelipe\u00f1o fundador del movimiento habla con Diario El Trabajo y nos explica qu\u00e9 tan mal lo est\u00e1 pasando la gente en varias partes del pa\u00eds.<\/p>\n<p style=\"text-align: justify;\">El tema es desesperante y est\u00e1 uniendo a miles de chilenos en todo el pa\u00eds para solicitar al presidente Sebasti\u00e1n Pi\u00f1era y a quienes deben actuar, que decreten el derecho a poder hacer uso de al menos un 20% de los dineros ahorrados por concepto de AFP. Esto para que quienes lo puedan hacer logren enfrentar con dignidad la crisis laboral y econ\u00f3mica que ya est\u00e1 declarada a nivel mundial.<\/p>\n<p style=\"text-align: justify;\">Aconcagua no es la excepci\u00f3n y ayer mi\u00e9rcoles visit\u00f3 nuestra Sala de Redacci\u00f3n uno de los integrantes del grupo ciudadano \u2018<strong>Todos Contra las AFP<\/strong>\u2019, iniciativa que naci\u00f3 hace pocas semanas y ya han conseguido miles de firmas, adem\u00e1s de redactar y entregar en La Moneda una Carta Petitoria dirigida a Pi\u00f1era. En la misiva los titulares del grupo <strong>Efra\u00edn Matta Ram\u00edrez<\/strong>, <strong>Rodolfo Irarr\u00e1zaval<\/strong> y <strong>Ninoska Meza<\/strong>, los tres cesantes, estampan su firma y exponen su propuesta al Ejecutivo.<\/p>\n<p style=\"text-align: justify;\">\n<p style=\"text-align: justify;\"><span style=\"color: #c81400;\"><strong>OBJETIVOS CLAROS<\/strong><\/span><\/p>\n<p style=\"text-align: justify;\"><strong>Diario El Trabajo<\/strong> habl\u00f3 con Efra\u00edn Matta, quien explic\u00f3 que <em>\u00absomos un grupo sin fines de lucro y sin colores pol\u00edticos, que cuenta con participantes en todas las regiones del pa\u00eds. En primera instancia buscamos recuperar un porcentaje de nuestros ahorros de las AFP. Esto no es un capricho como piensan algunos pol\u00edticos que han traicionado constitucionalmente al\u00a0 pueblo que los eligi\u00f3, es una necesidad y m\u00e1s que eso un derecho, que a\u00fan no est\u00e1 en la Constituci\u00f3n, pero que el congreso debe cambiar lo antes posible, es decir ahora ya. Chile est\u00e1 viviendo la peor cat\u00e1strofe antes vista. El pueblo va a comenzar a morir de hambre y m\u00e1s a\u00fan, esto nos llevar\u00e1 a caer en una gran depresi\u00f3n\u00bb,<\/em> indic\u00f3 el indignado vecino.<\/p>\n<p style=\"text-align: justify;\">&#8211; <strong>\u00bfC\u00f3mo se conform\u00f3 este grupo?<\/strong><\/p>\n<p style=\"text-align: justify;\">&#8211; Con la cesant\u00eda que hay, hoy por hoy en el pa\u00eds es f\u00e1cil encontrar gente en redes sociales quej\u00e1ndose de su situaci\u00f3n, finalmente nadie hace algo en concreto, es por esto que me contact\u00e9 con Rodolfo Irarr\u00e1zaval y Ninoska Meza entre otros y creamos el grupo de WhatsApp \u2018<strong>No m\u00e1s AFP quiero mi plata<\/strong>\u2019. Hace una semana \u00e9ramos tres, hoy estamos colapsados en WhatsApp, y llevamos m\u00e1s de 3.000 firmas virtuales en apoyo a esta demanda, adem\u00e1s son miles y miles los comentarios de apoyo en Facebook. No somos un movimiento social, s\u00f3lo somos miles de compatriotas sufriendo y luchando por una misma causa.<\/p>\n<p style=\"text-align: justify;\">&#8211; <strong>\u00bfCu\u00e1les situaciones o dramas personales puedes mencionar de quienes participan en este grupo o iniciativa personal?<\/strong><\/p>\n<p style=\"text-align: justify;\">&#8211; Algunos casos o ejemplos de vivencias de los participantes del grupo, te puedo mencionar a Elsa de Santiago, su padre sufri\u00f3 la amputaci\u00f3n de sus dos piernas por una diabetes, trabaj\u00f3 toda su vida para recibir una pensi\u00f3n de $90.000; Carlota P\u00e9rez de Concepci\u00f3n, est\u00e1 cesante, tiene tres hijos, separada y no tiene beneficios de bonos; Maricela Osorio de La Florida, est\u00e1 con licencia desde el 2014, desde el 2016 no recibe pago de estas, y no le quieren dar pensi\u00f3n de Invalidez porque a\u00fan est\u00e1 con contrato; Miriam Ram\u00edrez de San Felipe, esta vecina sanfelipe\u00f1a hace meses le cortaron la pensi\u00f3n sin previo aviso, porque seg\u00fan la AFP no le quedan fondos. Muchos trabajadores que hoy en d\u00eda sus empleadores se acogieron a la Ley de Protecci\u00f3n al Empleo, y se encuentran suspendidos de sus labores,\u00a0 a\u00fan llevan esperando que AFC (Administradora de Fondos de Cesant\u00eda) les haga pago de sus propios ahorros.<\/p>\n<p style=\"text-align: justify;\">\n<p style=\"text-align: justify;\"><span style=\"color: #c81400;\"><strong>CARTA A PI\u00d1ERA<\/strong><\/span><\/p>\n<p style=\"text-align: justify;\">Se\u00f1or<\/p>\n<p style=\"text-align: justify;\">Sebasti\u00e1n Pi\u00f1era Echenique<\/p>\n<p style=\"text-align: justify;\">Presidente de la Rep\u00fablica de Chile<\/p>\n<p style=\"text-align: justify;\">Presente<\/p>\n<p style=\"text-align: justify;\"><strong>Estimado Presidente<\/strong>:<\/p>\n<p style=\"text-align: justify;\">De nuestra consideraci\u00f3n, nos dirigimos a usted respetuosamente para informarle una propuesta que ayudar\u00eda a sobrellevar esta crisis del Covid-19. En este \u00faltimo tiempo quiz\u00e1s Chile ha sido uno de los pa\u00edses que m\u00e1s ha tenido control en esta pandemia. Sin embargo, estos \u00faltimos d\u00edas los contagiado han aumentado considerablemente y todo ha logrado salirse de las manos. Por esta raz\u00f3n queremos pedirle a usted, como m\u00e1xima Autoridad del pa\u00eds, la liberaci\u00f3n del 20% de las AFP. Este ingreso en la vida de los ciudadanos a nivel nacional, cambiar\u00eda la calidad de vida de muchas familias, as\u00ed podr\u00edan pasar c\u00f3modamente la cuarentena que ha estado rigiendo en este \u00faltimo tiempo, la cual la pandemia nos obliga a estar en nuestros hogares.<\/p>\n<p style=\"text-align: justify;\">La mayor parte de la poblaci\u00f3n ha estado sin ning\u00fan ingreso monetario por estas \u00faltimas semanas y meses. M\u00e1s de cientos de familias no tienen los suministros b\u00e1sicos que una persona \u00abdigna\u00bb necesita. Adem\u00e1s, recordar que el dinero es de los afiliados. Esto les pertenece, ya que, aun sacando este 20% tendr\u00edan la otra parte para poder llevar una jubilaci\u00f3n en sus a\u00f1os futuros. Estas medidas son solicitadas porque estamos en circunstancias catastr\u00f3ficas.<\/p>\n<p style=\"text-align: justify;\">En a\u00f1os anteriores, en su campa\u00f1a electoral, usted dijo que quer\u00eda tener poder&#8230; poder cambiar las cosas, poder mejorar el pa\u00eds, poder mejorar la calidad de vida y poder juntar al pueblo, ahora que usted tiene el poder con esta petici\u00f3n solicitamos que haga lo que usted debe hacer.<\/p>\n<p style=\"text-align: justify;\">Cierta persona dijo una vez\u00a0 \u00abEs dif\u00edcil ser presidente, pero es peor tener asesores que no escuchan al pueblo\u00bb.<\/p>\n<p style=\"text-align: justify;\">Si nos ponemos a analizar la situaci\u00f3n, el desempleo ha aumentado en gran medida, por ende, la gente no tiene otra opci\u00f3n que salir a las calles en busca de alg\u00fan ingreso. Debido a esto el confinamiento no se ha respetado correctamente. Se agradece la ayuda que el gobierno ha entregado, pero no ha sido suficiente ni para un tercio de la poblaci\u00f3n nacional. El pueblo a\u00f1ora poder manejar su dinero para darle un impulso a la econom\u00eda de nuestro pa\u00eds. Adem\u00e1s esto podr\u00eda ayudar a que la gente tenga una mejor visi\u00f3n de las AFP, ya que han sido un punto cr\u00edtico durante los \u00faltimos a\u00f1os.<\/p>\n<p style=\"text-align: justify;\"><em>Lamentablemente su gobierno ha sido proactivo para la informaci\u00f3n y reactivo para soluci\u00f3n de problemas que realmente est\u00e1n afectando al pueblo. Ya somos miles los que firmando esta causa y esperamos que \u00abno haga o\u00eddos sordos a la voz del pueblo\u00bb. Esperando que esta petici\u00f3n tenga una pronta y favorable acogida, nos despedimos cordialmente de usted, Grupo No + AFP<\/em>\u00bb.<\/p>\n<p style=\"text-align: justify;\">Los interesados en contactar a estos vecinos pueden llamar al <strong>56 9 7694 8952<\/strong>.<\/p>\n<p style=\"text-align: justify;\"><strong>Roberto Gonz\u00e1lez Short<\/strong><\/p>\n<p style=\"text-align: justify;\">\n<figure id=\"attachment_99137\" aria-describedby=\"caption-attachment-99137\" style=\"width: 580px\" class=\"wp-caption alignnone\"><img data-recalc-dims=\"1\" loading=\"lazy\" decoding=\"async\" class=\"size-full wp-image-99137\" src=\"https:\/\/i0.wp.com\/eltrabajo.cl\/portal\/wp-content\/uploads\/2020\/05\/Carta1.jpg?resize=580%2C359&#038;ssl=1\" alt=\"Como se aprecia en esta foto de las anteriores protestas, el tema de las AFP es uno de los m\u00e1s reclamados por los chilenos. (Archivo)\" width=\"580\" height=\"359\" srcset=\"https:\/\/i0.wp.com\/eltrabajo.cl\/portal\/wp-content\/uploads\/2020\/05\/Carta1.jpg?w=580&amp;ssl=1 580w, https:\/\/i0.wp.com\/eltrabajo.cl\/portal\/wp-content\/uploads\/2020\/05\/Carta1.jpg?resize=300%2C186&amp;ssl=1 300w, https:\/\/i0.wp.com\/eltrabajo.cl\/portal\/wp-content\/uploads\/2020\/05\/Carta1.jpg?resize=200%2C124&amp;ssl=1 200w, https:\/\/i0.wp.com\/eltrabajo.cl\/portal\/wp-content\/uploads\/2020\/05\/Carta1.jpg?resize=150%2C93&amp;ssl=1 150w\" sizes=\"auto, (max-width: 580px) 100vw, 580px\" \/><figcaption id=\"caption-attachment-99137\" class=\"wp-caption-text\">Como se aprecia en esta foto de las anteriores protestas, el tema de las AFP es uno de los m\u00e1s reclamados por los chilenos. (Archivo)<\/figcaption><\/figure>\n<figure id=\"attachment_99138\" aria-describedby=\"caption-attachment-99138\" style=\"width: 580px\" class=\"wp-caption alignnone\"><img data-recalc-dims=\"1\" loading=\"lazy\" decoding=\"async\" class=\"size-full wp-image-99138\" src=\"https:\/\/i0.wp.com\/eltrabajo.cl\/portal\/wp-content\/uploads\/2020\/05\/Carta2.jpg?resize=580%2C359&#038;ssl=1\" alt=\"DEBER\u00cdA LLEGAR A PI\u00d1ERA.- El timbre de La Moneda fue estampado en este documento tras ser recepcionado en Santiago.\" width=\"580\" height=\"359\" srcset=\"https:\/\/i0.wp.com\/eltrabajo.cl\/portal\/wp-content\/uploads\/2020\/05\/Carta2.jpg?w=580&amp;ssl=1 580w, https:\/\/i0.wp.com\/eltrabajo.cl\/portal\/wp-content\/uploads\/2020\/05\/Carta2.jpg?resize=300%2C186&amp;ssl=1 300w, https:\/\/i0.wp.com\/eltrabajo.cl\/portal\/wp-content\/uploads\/2020\/05\/Carta2.jpg?resize=200%2C124&amp;ssl=1 200w, https:\/\/i0.wp.com\/eltrabajo.cl\/portal\/wp-content\/uploads\/2020\/05\/Carta2.jpg?resize=150%2C93&amp;ssl=1 150w\" sizes=\"auto, (max-width: 580px) 100vw, 580px\" \/><figcaption id=\"caption-attachment-99138\" class=\"wp-caption-text\">DEBER\u00cdA LLEGAR A PI\u00d1ERA.- El timbre de La Moneda fue estampado en este documento tras ser recepcionado en Santiago.<\/figcaption><\/figure>\n<figure id=\"attachment_99136\" aria-describedby=\"caption-attachment-99136\" style=\"width: 578px\" class=\"wp-caption alignnone\"><img data-recalc-dims=\"1\" loading=\"lazy\" decoding=\"async\" class=\"size-full wp-image-99136\" src=\"https:\/\/i0.wp.com\/eltrabajo.cl\/portal\/wp-content\/uploads\/2020\/05\/Carta_Efrain-Matta.jpg?resize=578%2C600&#038;ssl=1\" alt=\"Efra\u00edn Matta, uno de los fundadores del grupo ciudadano \u2018Todos Contra las AFP\u2019.\" width=\"578\" height=\"600\" srcset=\"https:\/\/i0.wp.com\/eltrabajo.cl\/portal\/wp-content\/uploads\/2020\/05\/Carta_Efrain-Matta.jpg?w=578&amp;ssl=1 578w, https:\/\/i0.wp.com\/eltrabajo.cl\/portal\/wp-content\/uploads\/2020\/05\/Carta_Efrain-Matta.jpg?resize=289%2C300&amp;ssl=1 289w, https:\/\/i0.wp.com\/eltrabajo.cl\/portal\/wp-content\/uploads\/2020\/05\/Carta_Efrain-Matta.jpg?resize=145%2C150&amp;ssl=1 145w\" sizes=\"auto, (max-width: 578px) 100vw, 578px\" \/><figcaption id=\"caption-attachment-99136\" class=\"wp-caption-text\">Efra\u00edn Matta, uno de los fundadores del grupo ciudadano \u2018Todos Contra las AFP\u2019.<\/figcaption><\/figure>\n","protected":false},"excerpt":{"rendered":"<p>Lo patentan con una carta al Presidente Pi\u00f1era: La indignaci\u00f3n de miles de chilenos sin empleo ya es nacional y se refleja en la resonancia que se registra de esta iniciativa a&#8230;<\/p>\n","protected":false},"author":482,"featured_media":99135,"comment_status":"closed","ping_status":"closed","sticky":false,"template":"","format":"standard","meta":{"advanced_seo_description":"","jetpack_seo_html_title":"","jetpack_seo_noindex":false,"_jetpack_memberships_contains_paid_content":false,"footnotes":""},"categories":[15],"tags":[],"class_list":["post-99134","post","type-post","status-publish","format-standard","has-post-thumbnail","hentry","category-comunidad"],"jetpack_featured_media_url":"https:\/\/i0.wp.com\/eltrabajo.cl\/portal\/wp-content\/uploads\/2020\/05\/Carta_Efrain-Matta-copia.jpg?fit=580%2C358&ssl=1","jetpack_sharing_enabled":true,"jetpack_likes_enabled":true,"jetpack-related-posts":[],"_links":{"self":[{"href":"https:\/\/eltrabajo.cl\/portal\/wp-json\/wp\/v2\/posts\/99134","targetHints":{"allow":["GET"]}}],"collection":[{"href":"https:\/\/eltrabajo.cl\/portal\/wp-json\/wp\/v2\/posts"}],"about":[{"href":"https:\/\/eltrabajo.cl\/portal\/wp-json\/wp\/v2\/types\/post"}],"author":[{"embeddable":true,"href":"https:\/\/eltrabajo.cl\/portal\/wp-json\/wp\/v2\/users\/482"}],"replies":[{"embeddable":true,"href":"https:\/\/eltrabajo.cl\/portal\/wp-json\/wp\/v2\/comments?post=99134"}],"version-history":[{"count":0,"href":"https:\/\/eltrabajo.cl\/portal\/wp-json\/wp\/v2\/posts\/99134\/revisions"}],"wp:featuredmedia":[{"embeddable":true,"href":"https:\/\/eltrabajo.cl\/portal\/wp-json\/wp\/v2\/media\/99135"}],"wp:attachment":[{"href":"https:\/\/eltrabajo.cl\/portal\/wp-json\/wp\/v2\/media?parent=99134"}],"wp:term":[{"taxonomy":"category","embeddable":true,"href":"https:\/\/eltrabajo.cl\/portal\/wp-json\/wp\/v2\/categories?post=99134"},{"taxonomy":"post_tag","embeddable":true,"href":"https:\/\/eltrabajo.cl\/portal\/wp-json\/wp\/v2\/tags?post=99134"}],"curies":[{"name":"wp","href":"https:\/\/api.w.org\/{rel}","templated":true}]}}