{"id":99140,"date":"2020-05-28T07:40:58","date_gmt":"2020-05-28T11:40:58","guid":{"rendered":"https:\/\/www.eltrabajo.cl\/portal\/?p=99140"},"modified":"2020-05-27T20:54:15","modified_gmt":"2020-05-28T00:54:15","slug":"estufa-en-llamas-casi-provoca-incendio-en-sotano-del-municipio-sanfelipeno","status":"publish","type":"post","link":"https:\/\/eltrabajo.cl\/portal\/estufa-en-llamas-casi-provoca-incendio-en-sotano-del-municipio-sanfelipeno\/","title":{"rendered":"Estufa en llamas casi provoca incendio en s\u00f3tano del Municipio sanfelipe\u00f1o"},"content":{"rendered":"<p style=\"text-align: justify;\">Tremendo susto vivieron los funcionarios municipales que cerca del mediod\u00eda de ayer mi\u00e9rcoles vieron c\u00f3mo las llamas envolv\u00edan repentinamente una de las estufas de uso en las oficinas en el s\u00f3tano de la Municipalidad de San Felipe. Su r\u00e1pido actuar con los extintores evit\u00f3 una gran tragedia, seg\u00fan lo confirm\u00f3 a <strong>Diario El Trabajo<\/strong> una autoridad bomberil calificada.<\/p>\n<p style=\"text-align: justify;\"><strong>Manuel Zavala Riffo<\/strong>, tercer comandante del Cuerpo de Bomberos de San Felipe, nos report\u00f3 que <em>\u00abse recibi\u00f3 llamado por fuego al interior de la Municipalidad en el sector subterr\u00e1neo, concurriendo las unidades B3 y B2 las cuales constatan al llegar al lugar que se trat\u00f3 de una estufa que estaba en las oficinas, la que se inflam\u00f3. Las causas del percance se establecer\u00e1n por el Departamento de Investigaciones de Bomberos. Los funcionarios municipales procedieron a usar los extintores que tienen en esas dependencias, apagaron el fuego y se retiraron inmediatamente, por lo tanto lo que Bomberos hizo fue pr\u00e1cticamente ventilar las dependencias con extractor de gases, entre esos, el polvillo de extinguidor en suspensi\u00f3n m\u00e1s el humo. No hubo personas afectadas (\u2026) Recalcar que fue la r\u00e1pida acci\u00f3n de los funcionarios lo que evit\u00f3 que el incendio se propagara en el edificio y sus oficinas\u00bb,<\/em> dijo Zavala.<\/p>\n<p style=\"text-align: justify;\">La operaci\u00f3n se tard\u00f3 unas dos horas en terminar, cuando ya el aire t\u00f3xico fue extra\u00eddo del inmueble municipal.<\/p>\n<p style=\"text-align: justify;\"><strong>Roberto Gonz\u00e1lez Short<\/strong><\/p>\n<p style=\"text-align: justify;\">\n<figure id=\"attachment_99145\" aria-describedby=\"caption-attachment-99145\" style=\"width: 580px\" class=\"wp-caption alignnone\"><img data-recalc-dims=\"1\" loading=\"lazy\" decoding=\"async\" class=\"size-full wp-image-99145\" src=\"https:\/\/i0.wp.com\/eltrabajo.cl\/portal\/wp-content\/uploads\/2020\/05\/Estufa4.jpg?resize=580%2C358&#038;ssl=1\" alt=\"ALARMA EN EL CENTRO.- Por varias horas esta fue la escena frente al edificio de la Municipalidad de San Felipe.\" width=\"580\" height=\"358\" srcset=\"https:\/\/i0.wp.com\/eltrabajo.cl\/portal\/wp-content\/uploads\/2020\/05\/Estufa4.jpg?w=580&amp;ssl=1 580w, https:\/\/i0.wp.com\/eltrabajo.cl\/portal\/wp-content\/uploads\/2020\/05\/Estufa4.jpg?resize=300%2C185&amp;ssl=1 300w, https:\/\/i0.wp.com\/eltrabajo.cl\/portal\/wp-content\/uploads\/2020\/05\/Estufa4.jpg?resize=200%2C123&amp;ssl=1 200w, https:\/\/i0.wp.com\/eltrabajo.cl\/portal\/wp-content\/uploads\/2020\/05\/Estufa4.jpg?resize=150%2C93&amp;ssl=1 150w\" sizes=\"auto, (max-width: 580px) 100vw, 580px\" \/><figcaption id=\"caption-attachment-99145\" class=\"wp-caption-text\">ALARMA EN EL CENTRO.- Por varias horas esta fue la escena frente al edificio de la Municipalidad de San Felipe.<\/figcaption><\/figure>\n<figure id=\"attachment_99142\" aria-describedby=\"caption-attachment-99142\" style=\"width: 580px\" class=\"wp-caption alignnone\"><img data-recalc-dims=\"1\" loading=\"lazy\" decoding=\"async\" class=\"size-full wp-image-99142\" src=\"https:\/\/i0.wp.com\/eltrabajo.cl\/portal\/wp-content\/uploads\/2020\/05\/Estufa1.jpg?resize=580%2C360&#038;ssl=1\" alt=\"EXTRAYENDO GASES.- Los bomberos con diligencia lograron extraer los gases emanados de la estufa, adem\u00e1s de los residuos de los extintores usados.\" width=\"580\" height=\"360\" srcset=\"https:\/\/i0.wp.com\/eltrabajo.cl\/portal\/wp-content\/uploads\/2020\/05\/Estufa1.jpg?w=580&amp;ssl=1 580w, https:\/\/i0.wp.com\/eltrabajo.cl\/portal\/wp-content\/uploads\/2020\/05\/Estufa1.jpg?resize=300%2C186&amp;ssl=1 300w, https:\/\/i0.wp.com\/eltrabajo.cl\/portal\/wp-content\/uploads\/2020\/05\/Estufa1.jpg?resize=200%2C124&amp;ssl=1 200w, https:\/\/i0.wp.com\/eltrabajo.cl\/portal\/wp-content\/uploads\/2020\/05\/Estufa1.jpg?resize=150%2C93&amp;ssl=1 150w\" sizes=\"auto, (max-width: 580px) 100vw, 580px\" \/><figcaption id=\"caption-attachment-99142\" class=\"wp-caption-text\">EXTRAYENDO GASES.- Los bomberos con diligencia lograron extraer los gases emanados de la estufa, adem\u00e1s de los residuos de los extintores usados.<\/figcaption><\/figure>\n<figure id=\"attachment_99144\" aria-describedby=\"caption-attachment-99144\" style=\"width: 580px\" class=\"wp-caption alignnone\"><img data-recalc-dims=\"1\" loading=\"lazy\" decoding=\"async\" class=\"size-full wp-image-99144\" src=\"https:\/\/i0.wp.com\/eltrabajo.cl\/portal\/wp-content\/uploads\/2020\/05\/Estufa3.jpg?resize=580%2C359&#038;ssl=1\" alt=\"PELIGRO CON ESTUFA.- Esta es la estufa que estall\u00f3 en llamas cuando era usada en el subterr\u00e1neo del Municipio.\" width=\"580\" height=\"359\" srcset=\"https:\/\/i0.wp.com\/eltrabajo.cl\/portal\/wp-content\/uploads\/2020\/05\/Estufa3.jpg?w=580&amp;ssl=1 580w, https:\/\/i0.wp.com\/eltrabajo.cl\/portal\/wp-content\/uploads\/2020\/05\/Estufa3.jpg?resize=300%2C186&amp;ssl=1 300w, https:\/\/i0.wp.com\/eltrabajo.cl\/portal\/wp-content\/uploads\/2020\/05\/Estufa3.jpg?resize=200%2C124&amp;ssl=1 200w, https:\/\/i0.wp.com\/eltrabajo.cl\/portal\/wp-content\/uploads\/2020\/05\/Estufa3.jpg?resize=150%2C93&amp;ssl=1 150w\" sizes=\"auto, (max-width: 580px) 100vw, 580px\" \/><figcaption id=\"caption-attachment-99144\" class=\"wp-caption-text\">PELIGRO CON ESTUFA.- Esta es la estufa que estall\u00f3 en llamas cuando era usada en el subterr\u00e1neo del Municipio.<\/figcaption><\/figure>\n<figure id=\"attachment_99143\" aria-describedby=\"caption-attachment-99143\" style=\"width: 580px\" class=\"wp-caption alignnone\"><img data-recalc-dims=\"1\" loading=\"lazy\" decoding=\"async\" class=\"size-full wp-image-99143\" src=\"https:\/\/i0.wp.com\/eltrabajo.cl\/portal\/wp-content\/uploads\/2020\/05\/Estufa2.jpg?resize=580%2C600&#038;ssl=1\" alt=\"FUEGO EN OFICINA.- En esta oficina se incendi\u00f3 la estufa, todos los empleados salieron del lugar tras controladas las llamas.\" width=\"580\" height=\"600\" srcset=\"https:\/\/i0.wp.com\/eltrabajo.cl\/portal\/wp-content\/uploads\/2020\/05\/Estufa2.jpg?w=580&amp;ssl=1 580w, https:\/\/i0.wp.com\/eltrabajo.cl\/portal\/wp-content\/uploads\/2020\/05\/Estufa2.jpg?resize=290%2C300&amp;ssl=1 290w, https:\/\/i0.wp.com\/eltrabajo.cl\/portal\/wp-content\/uploads\/2020\/05\/Estufa2.jpg?resize=145%2C150&amp;ssl=1 145w\" sizes=\"auto, (max-width: 580px) 100vw, 580px\" \/><figcaption id=\"caption-attachment-99143\" class=\"wp-caption-text\">FUEGO EN OFICINA.- En esta oficina se incendi\u00f3 la estufa, todos los empleados salieron del lugar tras controladas las llamas.<\/figcaption><\/figure>\n<p>&nbsp;<\/p>\n","protected":false},"excerpt":{"rendered":"<p>Tremendo susto vivieron los funcionarios municipales que cerca del mediod\u00eda de ayer mi\u00e9rcoles vieron c\u00f3mo las llamas envolv\u00edan repentinamente una de las estufas de uso en las oficinas en el s\u00f3tano de&#8230;<\/p>\n","protected":false},"author":482,"featured_media":99142,"comment_status":"closed","ping_status":"closed","sticky":false,"template":"","format":"standard","meta":{"advanced_seo_description":"","jetpack_seo_html_title":"","jetpack_seo_noindex":false,"_jetpack_memberships_contains_paid_content":false,"footnotes":""},"categories":[21],"tags":[],"class_list":["post-99140","post","type-post","status-publish","format-standard","has-post-thumbnail","hentry","category-policial"],"jetpack_featured_media_url":"https:\/\/i0.wp.com\/eltrabajo.cl\/portal\/wp-content\/uploads\/2020\/05\/Estufa1.jpg?fit=580%2C360&ssl=1","jetpack_sharing_enabled":true,"jetpack_likes_enabled":true,"jetpack-related-posts":[],"_links":{"self":[{"href":"https:\/\/eltrabajo.cl\/portal\/wp-json\/wp\/v2\/posts\/99140","targetHints":{"allow":["GET"]}}],"collection":[{"href":"https:\/\/eltrabajo.cl\/portal\/wp-json\/wp\/v2\/posts"}],"about":[{"href":"https:\/\/eltrabajo.cl\/portal\/wp-json\/wp\/v2\/types\/post"}],"author":[{"embeddable":true,"href":"https:\/\/eltrabajo.cl\/portal\/wp-json\/wp\/v2\/users\/482"}],"replies":[{"embeddable":true,"href":"https:\/\/eltrabajo.cl\/portal\/wp-json\/wp\/v2\/comments?post=99140"}],"version-history":[{"count":0,"href":"https:\/\/eltrabajo.cl\/portal\/wp-json\/wp\/v2\/posts\/99140\/revisions"}],"wp:featuredmedia":[{"embeddable":true,"href":"https:\/\/eltrabajo.cl\/portal\/wp-json\/wp\/v2\/media\/99142"}],"wp:attachment":[{"href":"https:\/\/eltrabajo.cl\/portal\/wp-json\/wp\/v2\/media?parent=99140"}],"wp:term":[{"taxonomy":"category","embeddable":true,"href":"https:\/\/eltrabajo.cl\/portal\/wp-json\/wp\/v2\/categories?post=99140"},{"taxonomy":"post_tag","embeddable":true,"href":"https:\/\/eltrabajo.cl\/portal\/wp-json\/wp\/v2\/tags?post=99140"}],"curies":[{"name":"wp","href":"https:\/\/api.w.org\/{rel}","templated":true}]}}