{"id":99147,"date":"2020-05-28T07:50:34","date_gmt":"2020-05-28T11:50:34","guid":{"rendered":"https:\/\/www.eltrabajo.cl\/portal\/?p=99147"},"modified":"2020-05-27T20:56:18","modified_gmt":"2020-05-28T00:56:18","slug":"hoy-sepultan-en-catemu-a-querida-funcionaria-del-liceo-corina-urbina","status":"publish","type":"post","link":"https:\/\/eltrabajo.cl\/portal\/hoy-sepultan-en-catemu-a-querida-funcionaria-del-liceo-corina-urbina\/","title":{"rendered":"Hoy sepultan en Catemu a querida funcionaria del Liceo Corina Urbina"},"content":{"rendered":"<p style=\"text-align: justify;\"><span style=\"color: #c81400;\"><strong>Falleci\u00f3 de un fulminante infarto la ma\u00f1ana de ayer:<\/strong><\/span><\/p>\n<p style=\"text-align: justify;\">Gran pesar se vive en la Asociaci\u00f3n de Los Asistentes de la Educaci\u00f3n de San Felipe y con potente resonancia en el Liceo Corina Urbina, luego que al filo de las 7 de la ma\u00f1ana de este mi\u00e9rcoles, un fulminante infarto acabara con la vida de la apreciada administrativa del Liceo de Ni\u00f1as, <strong>Carmen Mar\u00eda Leiva Cruz<\/strong>, de 50 a\u00f1os de edad. Su muerte fue inmediata cuando estaba en \u00d1ilhue de Catemu.<\/p>\n<p style=\"text-align: justify;\">Leiva era administrativa de dicha casa estudiantil y a la vez llevaba la secretar\u00eda de la Asociaci\u00f3n de Los Asistentes de la Educaci\u00f3n de San Felipe. Ella era oriunda de Catemu y a la vez resid\u00eda en nuestra comuna desde hace a\u00f1os, as\u00ed, tambi\u00e9n viajaba con mucha frecuencia a \u00d1ilhue de Catemu, lugar en donde su velatorio se est\u00e1 realizando en la capilla del sector.<\/p>\n<p style=\"text-align: justify;\">La informaci\u00f3n la confirm\u00f3 a <strong>Diario El Trabajo<\/strong> la presidenta de la Asociaci\u00f3n de Los Asistentes de la Educaci\u00f3n de San Felipe, <strong>Mignol Mu\u00f1oz Guti\u00e9rrez<\/strong>, quien muy apenada nos coment\u00f3 que <em>\u00abten\u00eda m\u00e1s de 30 a\u00f1os laborando en el Liceo Corina Urbina, muy querida por todos y mi Mano Derecha en la Asociaci\u00f3n, dej\u00f3 a su \u00fanico hijo el joven Jos\u00e9 Luis Menares Leiva, que cursa cuarto medio en la Escuela Industrial de San Felipe <\/em>(\u2026) <em>En estos momentos de inmenso dolor los asistentes de la educaci\u00f3n nos encontramos de duelo por la partida de nuestra compa\u00f1era asociada, secretaria y muy querida amiga, nos deja un gran vac\u00edo y una enorme tristeza<\/em>\u00bb, dijo Mu\u00f1oz.<\/p>\n<p style=\"text-align: justify;\">Carmen Mar\u00eda ser\u00e1 sepultada hoy jueves en el Cementerio Parroquial de Catemu a las 16:00 horas, despu\u00e9s del Responso que se har\u00e1 en el patio principal del camposanto.<\/p>\n<p style=\"text-align: justify;\"><strong>Roberto Gonz\u00e1lez Short<\/strong><\/p>\n<p style=\"text-align: justify;\">\n<figure id=\"attachment_99149\" aria-describedby=\"caption-attachment-99149\" style=\"width: 580px\" class=\"wp-caption alignnone\"><img data-recalc-dims=\"1\" loading=\"lazy\" decoding=\"async\" class=\"size-full wp-image-99149\" src=\"https:\/\/i0.wp.com\/eltrabajo.cl\/portal\/wp-content\/uploads\/2020\/05\/Infarto_Carmen-Maria-Leiva-Cruz.jpg?resize=580%2C600&#038;ssl=1\" alt=\"Carmen Mar\u00eda Leiva Cruz, querida funcionaria del Liceo Corina Urbina, ser\u00e1 despedida hoy en Catemu.\" width=\"580\" height=\"600\" srcset=\"https:\/\/i0.wp.com\/eltrabajo.cl\/portal\/wp-content\/uploads\/2020\/05\/Infarto_Carmen-Maria-Leiva-Cruz.jpg?w=580&amp;ssl=1 580w, https:\/\/i0.wp.com\/eltrabajo.cl\/portal\/wp-content\/uploads\/2020\/05\/Infarto_Carmen-Maria-Leiva-Cruz.jpg?resize=290%2C300&amp;ssl=1 290w, https:\/\/i0.wp.com\/eltrabajo.cl\/portal\/wp-content\/uploads\/2020\/05\/Infarto_Carmen-Maria-Leiva-Cruz.jpg?resize=145%2C150&amp;ssl=1 145w\" sizes=\"auto, (max-width: 580px) 100vw, 580px\" \/><figcaption id=\"caption-attachment-99149\" class=\"wp-caption-text\">Carmen Mar\u00eda Leiva Cruz, querida funcionaria del Liceo Corina Urbina, ser\u00e1 despedida hoy en Catemu.<\/figcaption><\/figure>\n<figure id=\"attachment_99150\" aria-describedby=\"caption-attachment-99150\" style=\"width: 580px\" class=\"wp-caption alignnone\"><img data-recalc-dims=\"1\" loading=\"lazy\" decoding=\"async\" class=\"size-full wp-image-99150\" src=\"https:\/\/i0.wp.com\/eltrabajo.cl\/portal\/wp-content\/uploads\/2020\/05\/Infarto_Mignol-Mu%C3%B1oz-Gutierrez.jpg?resize=580%2C600&#038;ssl=1\" alt=\"Presidenta de la Asociaci\u00f3n de Los Asistentes de la Educaci\u00f3n de San Felipe, Mignol Mu\u00f1oz Guti\u00e9rrez.\" width=\"580\" height=\"600\" srcset=\"https:\/\/i0.wp.com\/eltrabajo.cl\/portal\/wp-content\/uploads\/2020\/05\/Infarto_Mignol-Mu%C3%B1oz-Gutierrez.jpg?w=580&amp;ssl=1 580w, https:\/\/i0.wp.com\/eltrabajo.cl\/portal\/wp-content\/uploads\/2020\/05\/Infarto_Mignol-Mu%C3%B1oz-Gutierrez.jpg?resize=290%2C300&amp;ssl=1 290w, https:\/\/i0.wp.com\/eltrabajo.cl\/portal\/wp-content\/uploads\/2020\/05\/Infarto_Mignol-Mu%C3%B1oz-Gutierrez.jpg?resize=145%2C150&amp;ssl=1 145w\" sizes=\"auto, (max-width: 580px) 100vw, 580px\" \/><figcaption id=\"caption-attachment-99150\" class=\"wp-caption-text\">Presidenta de la Asociaci\u00f3n de Los Asistentes de la Educaci\u00f3n de San Felipe, Mignol Mu\u00f1oz Guti\u00e9rrez.<\/figcaption><\/figure>\n","protected":false},"excerpt":{"rendered":"<p>Falleci\u00f3 de un fulminante infarto la ma\u00f1ana de ayer: Gran pesar se vive en la Asociaci\u00f3n de Los Asistentes de la Educaci\u00f3n de San Felipe y con potente resonancia en el Liceo&#8230;<\/p>\n","protected":false},"author":482,"featured_media":99148,"comment_status":"closed","ping_status":"closed","sticky":false,"template":"","format":"standard","meta":{"advanced_seo_description":"","jetpack_seo_html_title":"","jetpack_seo_noindex":false,"_jetpack_memberships_contains_paid_content":false,"footnotes":""},"categories":[15],"tags":[],"class_list":["post-99147","post","type-post","status-publish","format-standard","has-post-thumbnail","hentry","category-comunidad"],"jetpack_featured_media_url":"https:\/\/i0.wp.com\/eltrabajo.cl\/portal\/wp-content\/uploads\/2020\/05\/Infarto_Carmen-Maria-Leiva-Cruz-copia.jpg?fit=580%2C359&ssl=1","jetpack_sharing_enabled":true,"jetpack_likes_enabled":true,"jetpack-related-posts":[],"_links":{"self":[{"href":"https:\/\/eltrabajo.cl\/portal\/wp-json\/wp\/v2\/posts\/99147","targetHints":{"allow":["GET"]}}],"collection":[{"href":"https:\/\/eltrabajo.cl\/portal\/wp-json\/wp\/v2\/posts"}],"about":[{"href":"https:\/\/eltrabajo.cl\/portal\/wp-json\/wp\/v2\/types\/post"}],"author":[{"embeddable":true,"href":"https:\/\/eltrabajo.cl\/portal\/wp-json\/wp\/v2\/users\/482"}],"replies":[{"embeddable":true,"href":"https:\/\/eltrabajo.cl\/portal\/wp-json\/wp\/v2\/comments?post=99147"}],"version-history":[{"count":0,"href":"https:\/\/eltrabajo.cl\/portal\/wp-json\/wp\/v2\/posts\/99147\/revisions"}],"wp:featuredmedia":[{"embeddable":true,"href":"https:\/\/eltrabajo.cl\/portal\/wp-json\/wp\/v2\/media\/99148"}],"wp:attachment":[{"href":"https:\/\/eltrabajo.cl\/portal\/wp-json\/wp\/v2\/media?parent=99147"}],"wp:term":[{"taxonomy":"category","embeddable":true,"href":"https:\/\/eltrabajo.cl\/portal\/wp-json\/wp\/v2\/categories?post=99147"},{"taxonomy":"post_tag","embeddable":true,"href":"https:\/\/eltrabajo.cl\/portal\/wp-json\/wp\/v2\/tags?post=99147"}],"curies":[{"name":"wp","href":"https:\/\/api.w.org\/{rel}","templated":true}]}}