{"id":99152,"date":"2020-05-28T08:00:36","date_gmt":"2020-05-28T12:00:36","guid":{"rendered":"https:\/\/www.eltrabajo.cl\/portal\/?p=99152"},"modified":"2020-05-27T20:58:37","modified_gmt":"2020-05-28T00:58:37","slug":"a-balazos-atacan-a-joven-cuando-caminaba-con-su-pareja-en-la-via-publica","status":"publish","type":"post","link":"https:\/\/eltrabajo.cl\/portal\/a-balazos-atacan-a-joven-cuando-caminaba-con-su-pareja-en-la-via-publica\/","title":{"rendered":"A balazos atacan a joven cuando caminaba con su pareja en la v\u00eda p\u00fablica"},"content":{"rendered":"<p style=\"text-align: justify;\">Con heridas de bala en ambas piernas result\u00f3 un joven que caminaba junto a su pareja la noche de este martes por uno de los pasajes del Condominio Peumay\u00e9n de San Felipe. Incluso uno de los proyectiles qued\u00f3 alojado en su pierna, comprometiendo aparentemente tejido \u00f3seo.<\/p>\n<p style=\"text-align: justify;\">La informaci\u00f3n fue confirmada y entregada por el capit\u00e1n <strong>Franco Herrera Quezada<\/strong>, subcomisario de los Servicios de la Segunda Comisar\u00eda de Carabineros de San Felipe<\/p>\n<p style=\"text-align: justify;\">\u00ab<em>Aproximadamente a las 22:30 horas se recibi\u00f3 un comunicado por parte del Hospital San Camilo, indicando que al servicio de urgencia arrib\u00f3 una persona que manten\u00eda lesiones por impacto bal\u00edstico en ambas piernas. El personal de Carabineros al llegar al lugar y realizar las primeras diligencias, entrevistarse con la pareja y tambi\u00e9n con el afectado, se\u00f1alaron que momentos antes en circunstancias que se desplazaban por el interior de la Villa Peumay\u00e9n, fueron abordados por un sujeto desconocido el cual vest\u00eda ropa deportiva y un poler\u00f3n de color rojo, el cual sin mediar provocaci\u00f3n alguna comenz\u00f3 a dispararle en reiteradas oportunidades en sus extremidades inferiores. La situaci\u00f3n fue alertada por vecinos del lugar que salieron en ayuda del afectado, siendo trasladado en forma inmediata al servicio de urgencia del hospital, mientras que el antisocial que le dispar\u00f3 se dio a la fuga\u00bb,<\/em> se\u00f1al\u00f3 el capit\u00e1n Franco Herrera Quezada.<\/p>\n<p style=\"text-align: justify;\">Luego personal de Carabineros concurri\u00f3 al sitio del suceso, <em>\u00ablogrando establecer que en el lugar hab\u00eda siete\u00a0 casquillos de munici\u00f3n 9 mil\u00edmetros que hab\u00edan sido percutidos, los cuales fueron fijados fotogr\u00e1ficamente; fueron remitidos con cadena de custodia al Ministerio P\u00fablico. Adem\u00e1s, al efectuar una revisi\u00f3n de las c\u00e1maras domiciliarias del lugar, se logr\u00f3 acreditar lo que estaba denunciando este se\u00f1or, un delincuente que ven\u00eda desde la avenida Enc\u00f3n fue de manera directa hacia donde se encontraba \u00e9l, extrajo desde entre sus vestimentas un arma de fuego tipo pistola y con ella ocasion\u00f3 estas lesiones, d\u00e1ndose a la fuga en la misma direcci\u00f3n. Del hecho tom\u00f3 conocimiento en fiscal de turno quien dispuso que la BH de la PDI hiciera los peritajes que el caso ameritaba\u00bb,<\/em> se\u00f1al\u00f3 Herrera.<\/p>\n<p style=\"text-align: justify;\">A consecuencia de lo anterior la v\u00edctima result\u00f3 con un impacto bal\u00edstico con salida de proyectil en la pantorrilla de la pierna derecha, mientras que el otro impacto qued\u00f3 alojado en su pierna izquierda.<\/p>\n<p style=\"text-align: justify;\">Al cierre de la presente edici\u00f3n el herido se manten\u00eda fuera de riesgo vital, luego de ser intervenido en forma inmediata por los profesionales del Hospital San Camilo donde se encuentra internado. De todas maneras al parecer ten\u00eda compromiso \u00f3seo en una de sus extremidades producto de uno de los disparos.<\/p>\n<p style=\"text-align: justify;\">Carabineros confirm\u00f3 que el herido fue trasladado en un veh\u00edculo particular al servicio de urgencia del Hospital San Camilo. No se requiri\u00f3 la presencia del Samu en el lugar.<\/p>\n<p style=\"text-align: justify;\">\n<p style=\"text-align: justify;\"><strong>CAUSA DESCONOCIDA<\/strong><\/p>\n<p style=\"text-align: justify;\">Sobre las causas o motivos de este hecho o algo que haya comentado la v\u00edctima, el capit\u00e1n Franco Herrera Quezada dijo: <em>\u00abLa verdad que no quiso entregar muchos antecedentes. En primera instancia entreg\u00f3 datos respecto a su identidad y donde fue el hecho, pero al paso del tiempo finalmente no quiso entregar mayores detalles e incluso no quiso denunciar. Precisamente Carabineros le acogi\u00f3 la denuncia a la pareja del lesionado, quien finalmente entreg\u00f3 mayores detalles. En realidad hay varias hip\u00f3tesis que se manejan, por el momento es demasiado prematuro entregar alg\u00fan tipo de versi\u00f3n, toda vez que la investigaci\u00f3n reci\u00e9n se est\u00e1 realizando; solamente nos consta el hecho que \u00e9l fue herido con arma de fuego, ya por lo menos hay c\u00e1maras que sit\u00faan en el lugar y de las caracter\u00edsticas f\u00edsicas de una persona, un hombre de aproximadamente de 15 a 20 a\u00f1os de edad que vest\u00eda en este caso ropa deportiva\u00bb<\/em>.<\/p>\n<p style=\"text-align: justify;\">Hasta el momento no se ha detenido al presunto responsable.<\/p>\n<p style=\"text-align: justify;\">\n<figure id=\"attachment_99153\" aria-describedby=\"caption-attachment-99153\" style=\"width: 580px\" class=\"wp-caption alignnone\"><img data-recalc-dims=\"1\" loading=\"lazy\" decoding=\"async\" class=\"size-full wp-image-99153\" src=\"https:\/\/i0.wp.com\/eltrabajo.cl\/portal\/wp-content\/uploads\/2020\/05\/balazos.jpg?resize=580%2C360&#038;ssl=1\" alt=\"En la imagen se puede apreciar a la pareja caminando tranquilamente, seguidos posteriormente por un sujeto que al poco rato reaparece corriendo con el arma en su mano derecha.\" width=\"580\" height=\"360\" srcset=\"https:\/\/i0.wp.com\/eltrabajo.cl\/portal\/wp-content\/uploads\/2020\/05\/balazos.jpg?w=580&amp;ssl=1 580w, https:\/\/i0.wp.com\/eltrabajo.cl\/portal\/wp-content\/uploads\/2020\/05\/balazos.jpg?resize=300%2C186&amp;ssl=1 300w, https:\/\/i0.wp.com\/eltrabajo.cl\/portal\/wp-content\/uploads\/2020\/05\/balazos.jpg?resize=200%2C124&amp;ssl=1 200w, https:\/\/i0.wp.com\/eltrabajo.cl\/portal\/wp-content\/uploads\/2020\/05\/balazos.jpg?resize=150%2C93&amp;ssl=1 150w\" sizes=\"auto, (max-width: 580px) 100vw, 580px\" \/><figcaption id=\"caption-attachment-99153\" class=\"wp-caption-text\">En la imagen se puede apreciar a la pareja caminando tranquilamente, seguidos posteriormente por un sujeto que al poco rato reaparece corriendo con el arma en su mano derecha.<\/figcaption><\/figure>\n","protected":false},"excerpt":{"rendered":"<p>Con heridas de bala en ambas piernas result\u00f3 un joven que caminaba junto a su pareja la noche de este martes por uno de los pasajes del Condominio Peumay\u00e9n de San Felipe&#8230;.<\/p>\n","protected":false},"author":482,"featured_media":99153,"comment_status":"closed","ping_status":"closed","sticky":false,"template":"","format":"standard","meta":{"advanced_seo_description":"","jetpack_seo_html_title":"","jetpack_seo_noindex":false,"_jetpack_memberships_contains_paid_content":false,"footnotes":""},"categories":[21],"tags":[],"class_list":["post-99152","post","type-post","status-publish","format-standard","has-post-thumbnail","hentry","category-policial"],"jetpack_featured_media_url":"https:\/\/i0.wp.com\/eltrabajo.cl\/portal\/wp-content\/uploads\/2020\/05\/balazos.jpg?fit=580%2C360&ssl=1","jetpack_sharing_enabled":true,"jetpack_likes_enabled":true,"jetpack-related-posts":[],"_links":{"self":[{"href":"https:\/\/eltrabajo.cl\/portal\/wp-json\/wp\/v2\/posts\/99152","targetHints":{"allow":["GET"]}}],"collection":[{"href":"https:\/\/eltrabajo.cl\/portal\/wp-json\/wp\/v2\/posts"}],"about":[{"href":"https:\/\/eltrabajo.cl\/portal\/wp-json\/wp\/v2\/types\/post"}],"author":[{"embeddable":true,"href":"https:\/\/eltrabajo.cl\/portal\/wp-json\/wp\/v2\/users\/482"}],"replies":[{"embeddable":true,"href":"https:\/\/eltrabajo.cl\/portal\/wp-json\/wp\/v2\/comments?post=99152"}],"version-history":[{"count":0,"href":"https:\/\/eltrabajo.cl\/portal\/wp-json\/wp\/v2\/posts\/99152\/revisions"}],"wp:featuredmedia":[{"embeddable":true,"href":"https:\/\/eltrabajo.cl\/portal\/wp-json\/wp\/v2\/media\/99153"}],"wp:attachment":[{"href":"https:\/\/eltrabajo.cl\/portal\/wp-json\/wp\/v2\/media?parent=99152"}],"wp:term":[{"taxonomy":"category","embeddable":true,"href":"https:\/\/eltrabajo.cl\/portal\/wp-json\/wp\/v2\/categories?post=99152"},{"taxonomy":"post_tag","embeddable":true,"href":"https:\/\/eltrabajo.cl\/portal\/wp-json\/wp\/v2\/tags?post=99152"}],"curies":[{"name":"wp","href":"https:\/\/api.w.org\/{rel}","templated":true}]}}