{"id":99155,"date":"2020-05-28T22:00:49","date_gmt":"2020-05-29T02:00:49","guid":{"rendered":"https:\/\/www.eltrabajo.cl\/portal\/?p=99155"},"modified":"2020-05-28T20:30:03","modified_gmt":"2020-05-29T00:30:03","slug":"parte-albergue-para-enfermos-cronicos-y-adultos-mayores-en-situacion-de-calle","status":"publish","type":"post","link":"https:\/\/eltrabajo.cl\/portal\/parte-albergue-para-enfermos-cronicos-y-adultos-mayores-en-situacion-de-calle\/","title":{"rendered":"Parte albergue para enfermos cr\u00f3nicos y adultos mayores en situaci\u00f3n de calle"},"content":{"rendered":"<p style=\"text-align: justify;\"><span style=\"color: #c81400;\"><strong>Gobernador de San Felipe dio por iniciado el programa:<\/strong><\/span><\/p>\n<ul style=\"text-align: justify;\">\n<li><strong>Iniciativa piloto en Aconcagua cuenta con vivienda especialmente acondicionada para acoger a 20 personas que recibir\u00e1n alimentaci\u00f3n y atenci\u00f3n de salud<\/strong><\/li>\n<\/ul>\n<p style=\"text-align: justify;\">Ya con todo el personal, muebles y requerimientos de salud necesarios; desde la ma\u00f1ana de este mi\u00e9rcoles 27 de mayo se dio por iniciado el funcionamiento y la apertura de las puertas del primer albergue de la provincia de San Felipe que recibir\u00e1 a un total de 20 adultos mayores y enfermos cr\u00f3nicos que se encuentran en situaci\u00f3n de calle y pertenezcan a las seis comunas de esta jurisdicci\u00f3n.<\/p>\n<p style=\"text-align: justify;\">As\u00ed lo dio a conocer el gobernador de San Felipe, <strong>Claudio Rodr\u00edguez<\/strong>, en visita realizada a este recinto, el que est\u00e1 especialmente acondicionado y que a las pocas horas de abierto ya hab\u00eda acogido a tres usuarios que contar\u00e1n con techo, abrigo y alimentaci\u00f3n las 24 horas del d\u00eda los 7 d\u00edas de la semana en calle Abraham Ahumada 99, San Felipe.<\/p>\n<p style=\"text-align: justify;\">Dicho logro fue destacado por el gobernador en la recepci\u00f3n que ofreci\u00f3 a los usuarios y al personal de turno que estar\u00e1 dedicado a la atenci\u00f3n de las personas que decidan cobijarse en estas dependencias especialmente habilitadas para los meses m\u00e1s fr\u00edos de este invierno; donde se entregar\u00e1 adem\u00e1s protecci\u00f3n para evitar posibles casos de contagio por coronavirus.<\/p>\n<p style=\"text-align: justify;\"><em>\u00abEsta ha sido una instrucci\u00f3n del Presidente Sebasti\u00e1n Pi\u00f1era, quien instruy\u00f3 que deb\u00edamos habilitar cuanto antes el Plan Invierno y el plan preventivo por coronavirus para personas en situaci\u00f3n de calle, as\u00ed es que estamos felices de contar con instalaciones c\u00f3modas, con un equipo comprometido socialmente, listo para atender a las personas que lleguen. Lo que queremos es darle a esta casa un sello de familia, un hogar, donde quienes lleguen,\u00a0 podr\u00e1n ser muy bien atendidos\u00bb,<\/em> destac\u00f3 la autoridad provincial.<\/p>\n<p style=\"text-align: justify;\">En este sentido, Rodr\u00edguez destac\u00f3 el apoyo recibido por parte del Ministerio y Seremi de Desarrollo Social y Familia, Ricardo Figueroa, el que permiti\u00f3 contar finalmente con esta residencia en San Felipe.<\/p>\n<p style=\"text-align: justify;\">Se trata de un programa pionero en la regi\u00f3n y que contempla la atenci\u00f3n por 4 meses de un total de 20 personas en situaci\u00f3n de calle que correspondan al grupo de mayor riesgo frente a la emergencia sanitaria actual que vive el pa\u00eds producto del coronavirus.<\/p>\n<p style=\"text-align: justify;\">Una de las primeras en llegar al albergue fue <strong>Constanza C\u00e9spedes<\/strong>, destacando que sin duda este invierno ser\u00e1 diferente a los anteriores. <em>\u00abEstoy muy agradecida, porque gente que no tiene nada que ver conmigo me ha ayudado mucho. Esto significa que voy a estar calentita, con comida, ducha, ropa limpia y gente que te va a poner atenci\u00f3n, hay gente que me va a ayudar y estoy muy agradecida de la vida por ponerme a todas estas personas en mi vida\u00bb.<\/em><\/p>\n<p style=\"text-align: justify;\">De manera adicional el gobernador precis\u00f3 que <em>\u00aba esta iniciativa se suman dos programas que se est\u00e1n poniendo en marcha, uno tiene que ver con llevar alimento y abrigo a personas que por distintas razones optan por mantenerse en los lugares que lo hacen habitualmente y no van a los albergues habilitados, tambi\u00e9n eso hay que respetarlo, no podemos obligarlos. Este a\u00f1o est\u00e1 siendo atendido este programa Ruta Calle por Carabineros, haci\u00e9ndole llegar abrigo y alimento a quienes optaron por mantenerse en la calle\u00bb.<\/em><\/p>\n<p style=\"text-align: justify;\">A lo anterior se sum\u00f3 la implementaci\u00f3n de un segundo albergue durante los meses de junio y julio, el que cobijar\u00e1 a personas en situaci\u00f3n de calle m\u00e1s j\u00f3venes y sin enfermedades de base. <em>\u00abEsta atenci\u00f3n tambi\u00e9n ser\u00e1 24\/7 para quienes est\u00e1n en situaci\u00f3n de calle. Viene a reemplazar el C\u00f3digo Azul del a\u00f1o pasado, que s\u00f3lo se activaba por la noche cuando las temperaturas eran extremas. Este a\u00f1o, en cambio, funcionar\u00e1 durante dos meses las 24 horas del d\u00eda los siete d\u00edas de la semana\u00bb,<\/em> adelant\u00f3 Rodr\u00edguez.<\/p>\n<p style=\"text-align: justify;\">\n<figure id=\"attachment_99156\" aria-describedby=\"caption-attachment-99156\" style=\"width: 580px\" class=\"wp-caption alignnone\"><img data-recalc-dims=\"1\" loading=\"lazy\" decoding=\"async\" class=\"size-full wp-image-99156\" src=\"https:\/\/i0.wp.com\/eltrabajo.cl\/portal\/wp-content\/uploads\/2020\/05\/inicio-albergue.jpg?resize=580%2C360&#038;ssl=1\" alt=\"Gobernador de San Felipe, Claudio Rodr\u00edguez, dio el recibimiento al personal que estar\u00e1 a cargo de la atenci\u00f3n de los adultos mayores y enfermos cr\u00f3nicos en situaci\u00f3n de calle que lleguen a este albergue.\" width=\"580\" height=\"360\" srcset=\"https:\/\/i0.wp.com\/eltrabajo.cl\/portal\/wp-content\/uploads\/2020\/05\/inicio-albergue.jpg?w=580&amp;ssl=1 580w, https:\/\/i0.wp.com\/eltrabajo.cl\/portal\/wp-content\/uploads\/2020\/05\/inicio-albergue.jpg?resize=300%2C186&amp;ssl=1 300w, https:\/\/i0.wp.com\/eltrabajo.cl\/portal\/wp-content\/uploads\/2020\/05\/inicio-albergue.jpg?resize=200%2C124&amp;ssl=1 200w, https:\/\/i0.wp.com\/eltrabajo.cl\/portal\/wp-content\/uploads\/2020\/05\/inicio-albergue.jpg?resize=150%2C93&amp;ssl=1 150w\" sizes=\"auto, (max-width: 580px) 100vw, 580px\" \/><figcaption id=\"caption-attachment-99156\" class=\"wp-caption-text\">Gobernador de San Felipe, Claudio Rodr\u00edguez, dio el recibimiento al personal que estar\u00e1 a cargo de la atenci\u00f3n de los adultos mayores y enfermos cr\u00f3nicos en situaci\u00f3n de calle que lleguen a este albergue.<\/figcaption><\/figure>\n","protected":false},"excerpt":{"rendered":"<p>Gobernador de San Felipe dio por iniciado el programa: Iniciativa piloto en Aconcagua cuenta con vivienda especialmente acondicionada para acoger a 20 personas que recibir\u00e1n alimentaci\u00f3n y atenci\u00f3n de salud Ya con&#8230;<\/p>\n","protected":false},"author":482,"featured_media":99156,"comment_status":"closed","ping_status":"closed","sticky":false,"template":"","format":"standard","meta":{"advanced_seo_description":"","jetpack_seo_html_title":"","jetpack_seo_noindex":false,"_jetpack_memberships_contains_paid_content":false,"footnotes":""},"categories":[103],"tags":[],"class_list":["post-99155","post","type-post","status-publish","format-standard","has-post-thumbnail","hentry","category-cronica-2"],"jetpack_featured_media_url":"https:\/\/i0.wp.com\/eltrabajo.cl\/portal\/wp-content\/uploads\/2020\/05\/inicio-albergue.jpg?fit=580%2C360&ssl=1","jetpack_sharing_enabled":true,"jetpack_likes_enabled":true,"jetpack-related-posts":[],"_links":{"self":[{"href":"https:\/\/eltrabajo.cl\/portal\/wp-json\/wp\/v2\/posts\/99155","targetHints":{"allow":["GET"]}}],"collection":[{"href":"https:\/\/eltrabajo.cl\/portal\/wp-json\/wp\/v2\/posts"}],"about":[{"href":"https:\/\/eltrabajo.cl\/portal\/wp-json\/wp\/v2\/types\/post"}],"author":[{"embeddable":true,"href":"https:\/\/eltrabajo.cl\/portal\/wp-json\/wp\/v2\/users\/482"}],"replies":[{"embeddable":true,"href":"https:\/\/eltrabajo.cl\/portal\/wp-json\/wp\/v2\/comments?post=99155"}],"version-history":[{"count":0,"href":"https:\/\/eltrabajo.cl\/portal\/wp-json\/wp\/v2\/posts\/99155\/revisions"}],"wp:featuredmedia":[{"embeddable":true,"href":"https:\/\/eltrabajo.cl\/portal\/wp-json\/wp\/v2\/media\/99156"}],"wp:attachment":[{"href":"https:\/\/eltrabajo.cl\/portal\/wp-json\/wp\/v2\/media?parent=99155"}],"wp:term":[{"taxonomy":"category","embeddable":true,"href":"https:\/\/eltrabajo.cl\/portal\/wp-json\/wp\/v2\/categories?post=99155"},{"taxonomy":"post_tag","embeddable":true,"href":"https:\/\/eltrabajo.cl\/portal\/wp-json\/wp\/v2\/tags?post=99155"}],"curies":[{"name":"wp","href":"https:\/\/api.w.org\/{rel}","templated":true}]}}