{"id":99161,"date":"2020-05-28T22:10:25","date_gmt":"2020-05-29T02:10:25","guid":{"rendered":"https:\/\/www.eltrabajo.cl\/portal\/?p=99161"},"modified":"2020-05-28T20:32:09","modified_gmt":"2020-05-29T00:32:09","slug":"gendarmeria-confirma-primer-caso-de-funcionaria-contagiada-en-aconcagua","status":"publish","type":"post","link":"https:\/\/eltrabajo.cl\/portal\/gendarmeria-confirma-primer-caso-de-funcionaria-contagiada-en-aconcagua\/","title":{"rendered":"Gendarmer\u00eda confirma primer caso de funcionaria contagiada en Aconcagua"},"content":{"rendered":"<ul>\n<li style=\"text-align: justify;\"><strong>Gendarme de Los Andes mantuvo cuarentena preventiva desde el primer d\u00eda que present\u00f3 s\u00edntomas.<\/strong><\/li>\n<\/ul>\n<p style=\"text-align: justify;\">La serem\u00eda de Salud confirm\u00f3 a Gendarmer\u00eda que una gendarme del Centro de Cumplimiento Penitenciario (CCP) de Los Andes dio positivo al test de PCR efectuado el mi\u00e9rcoles 20 de mayo. La gendarme se convierte en el primer caso confirmado de personal de dotaci\u00f3n de la regi\u00f3n de Valpara\u00edso contagiado.<\/p>\n<p style=\"text-align: justify;\">El director regional (s) de Gendarmer\u00eda, coronel <strong>Manuel Palacios<\/strong>, sostuvo que <em>\u00ablamentablemente debemos informar que una funcionaria del Centro de Cumplimiento Penitenciario de Los Andes dio positivo en el examen de PCR que se realiz\u00f3 el mi\u00e9rcoles 20 del presente mes. Ella se mantuvo en cuarentena preventiva desde el mismo d\u00eda que inform\u00f3 los s\u00edntomas y se realiz\u00f3 los ex\u00e1menes, por lo que a partir de ese momento no mantuvo contacto directo con el contingente de la unidad ni con la poblaci\u00f3n penal\u00bb.<\/em><\/p>\n<p style=\"text-align: justify;\">La mujer confirm\u00f3 que habr\u00eda adquirido el coronavirus por un contacto producido en su domicilio.<\/p>\n<p style=\"text-align: justify;\">\n<p style=\"text-align: justify;\"><span style=\"color: #c81400;\"><strong>VALPARA\u00cdSO<\/strong><\/span><\/p>\n<p style=\"text-align: justify;\">Por su parte una funcionaria civil del Complejo Penitenciario de Valpara\u00edso se encuentra en cuarentena preventiva a la espera del resultado del PCR realizado la semana pasada, esto luego de que un familiar directo diera positivo en el test.<\/p>\n<p style=\"text-align: justify;\">A la fecha la instituci\u00f3n penitenciaria registra 433 casos confirmados de internos y 355 de funcionarios, quienes permanecen bajo monitoreo permanente.<\/p>\n<p style=\"text-align: justify;\">Gendarmer\u00eda de Chile ante la emergencia sanitaria por el brote de Covid-19 est\u00e1 ejecutando un plan de contingencia institucional para resguardar la salud de las personas privadas de libertad, sus familiares y los funcionarios\/as:<\/p>\n<ul style=\"text-align: justify;\">\n<li>Creaci\u00f3n de unidades de aislamiento preventivo en todos los recintos penitenciarios de la regi\u00f3n.<\/li>\n<li>Utilizaci\u00f3n de caba\u00f1as del departamento de bienestar social de Gendarmer\u00eda como unidades preventivas de aislamiento del personal.<\/li>\n<li>Suspensi\u00f3n de las visitas a los establecimientos penitenciarios para disminuir el flujo de personas que ingresan.<\/li>\n<li>Protocolo de aislamiento en cada recinto penitenciario para caso sospechoso de contagio o ante una eventual confirmaci\u00f3n, traslado a hospital si es que fuera necesario.<\/li>\n<li>Plan de atenci\u00f3n a los adultos mayores.<\/li>\n<li>Todas las unidades penales cuentan con insumos sanitarios como mascarillas, guantes, dispensadores de jab\u00f3n, term\u00f3metros infrarrojos y alcohol gel (uso responsable).<\/li>\n<li>Sanitizaci\u00f3n de los espacios de los recintos penitenciarios y carros de traslados.<\/li>\n<li>Inicio anticipado de vacunaci\u00f3n para la influenza, tanto para privados de libertad como funcionarios.<\/li>\n<li>Los traslados interpenales est\u00e1n suspendidos, a menos que sean de estricta necesidad de seguridad, implementaci\u00f3n de audiencias y visitas por videoconferencias.<\/li>\n<li>Las encomiendas se contin\u00faan recibiendo con normalidad, pero con un estricto proceso de desinfecci\u00f3n.<\/li>\n<\/ul>\n<p style=\"text-align: justify;\">\n<figure id=\"attachment_99162\" aria-describedby=\"caption-attachment-99162\" style=\"width: 580px\" class=\"wp-caption alignnone\"><img data-recalc-dims=\"1\" loading=\"lazy\" decoding=\"async\" class=\"size-full wp-image-99162\" src=\"https:\/\/i0.wp.com\/eltrabajo.cl\/portal\/wp-content\/uploads\/2020\/05\/ccp-los-andes.jpg?resize=580%2C359&#038;ssl=1\" alt=\"En el CCP de Los Andes se registr\u00f3 el primer caso de un gendarme, en este caso una mujer, contagiado con Covid-19 en el Valle de Aconcagua y en toda la regi\u00f3n de Valpara\u00edso.\" width=\"580\" height=\"359\" srcset=\"https:\/\/i0.wp.com\/eltrabajo.cl\/portal\/wp-content\/uploads\/2020\/05\/ccp-los-andes.jpg?w=580&amp;ssl=1 580w, https:\/\/i0.wp.com\/eltrabajo.cl\/portal\/wp-content\/uploads\/2020\/05\/ccp-los-andes.jpg?resize=300%2C186&amp;ssl=1 300w, https:\/\/i0.wp.com\/eltrabajo.cl\/portal\/wp-content\/uploads\/2020\/05\/ccp-los-andes.jpg?resize=200%2C124&amp;ssl=1 200w, https:\/\/i0.wp.com\/eltrabajo.cl\/portal\/wp-content\/uploads\/2020\/05\/ccp-los-andes.jpg?resize=150%2C93&amp;ssl=1 150w\" sizes=\"auto, (max-width: 580px) 100vw, 580px\" \/><figcaption id=\"caption-attachment-99162\" class=\"wp-caption-text\">En el CCP de Los Andes se registr\u00f3 el primer caso de un gendarme, en este caso una mujer, contagiado con Covid-19 en el Valle de Aconcagua y en toda la regi\u00f3n de Valpara\u00edso.<\/figcaption><\/figure>\n","protected":false},"excerpt":{"rendered":"<p>Gendarme de Los Andes mantuvo cuarentena preventiva desde el primer d\u00eda que present\u00f3 s\u00edntomas. La serem\u00eda de Salud confirm\u00f3 a Gendarmer\u00eda que una gendarme del Centro de Cumplimiento Penitenciario (CCP) de Los&#8230;<\/p>\n","protected":false},"author":482,"featured_media":99162,"comment_status":"closed","ping_status":"closed","sticky":false,"template":"","format":"standard","meta":{"advanced_seo_description":"","jetpack_seo_html_title":"","jetpack_seo_noindex":false,"_jetpack_memberships_contains_paid_content":false,"footnotes":""},"categories":[103],"tags":[],"class_list":["post-99161","post","type-post","status-publish","format-standard","has-post-thumbnail","hentry","category-cronica-2"],"jetpack_featured_media_url":"https:\/\/i0.wp.com\/eltrabajo.cl\/portal\/wp-content\/uploads\/2020\/05\/ccp-los-andes.jpg?fit=580%2C359&ssl=1","jetpack_sharing_enabled":true,"jetpack_likes_enabled":true,"jetpack-related-posts":[],"_links":{"self":[{"href":"https:\/\/eltrabajo.cl\/portal\/wp-json\/wp\/v2\/posts\/99161","targetHints":{"allow":["GET"]}}],"collection":[{"href":"https:\/\/eltrabajo.cl\/portal\/wp-json\/wp\/v2\/posts"}],"about":[{"href":"https:\/\/eltrabajo.cl\/portal\/wp-json\/wp\/v2\/types\/post"}],"author":[{"embeddable":true,"href":"https:\/\/eltrabajo.cl\/portal\/wp-json\/wp\/v2\/users\/482"}],"replies":[{"embeddable":true,"href":"https:\/\/eltrabajo.cl\/portal\/wp-json\/wp\/v2\/comments?post=99161"}],"version-history":[{"count":0,"href":"https:\/\/eltrabajo.cl\/portal\/wp-json\/wp\/v2\/posts\/99161\/revisions"}],"wp:featuredmedia":[{"embeddable":true,"href":"https:\/\/eltrabajo.cl\/portal\/wp-json\/wp\/v2\/media\/99162"}],"wp:attachment":[{"href":"https:\/\/eltrabajo.cl\/portal\/wp-json\/wp\/v2\/media?parent=99161"}],"wp:term":[{"taxonomy":"category","embeddable":true,"href":"https:\/\/eltrabajo.cl\/portal\/wp-json\/wp\/v2\/categories?post=99161"},{"taxonomy":"post_tag","embeddable":true,"href":"https:\/\/eltrabajo.cl\/portal\/wp-json\/wp\/v2\/tags?post=99161"}],"curies":[{"name":"wp","href":"https:\/\/api.w.org\/{rel}","templated":true}]}}