{"id":99164,"date":"2020-05-29T07:30:10","date_gmt":"2020-05-29T11:30:10","guid":{"rendered":"https:\/\/www.eltrabajo.cl\/portal\/?p=99164"},"modified":"2020-05-28T20:36:27","modified_gmt":"2020-05-29T00:36:27","slug":"instalan-caballo-metalico-en-pimiento-donde-san-martin-ato-el-suyo-en-1817","status":"publish","type":"post","link":"https:\/\/eltrabajo.cl\/portal\/instalan-caballo-metalico-en-pimiento-donde-san-martin-ato-el-suyo-en-1817\/","title":{"rendered":"Instalan caballo met\u00e1lico en pimiento donde San Mart\u00edn at\u00f3 el suyo en 1817"},"content":{"rendered":"<p style=\"text-align: justify;\"><strong>PUTAENDO.-<\/strong> Una singular iniciativa relacionada con la historia de Chile es la que ha sido desarrollada en el puro coraz\u00f3n de la ciudad de Putaendo, se trata de la instalaci\u00f3n este lunes de un pesado caballo met\u00e1lico en la esquina norponiente de la Plaza Prat. La iniciativa es la parte final de un proyecto que busca poner en valor la historia ocurrida en pleno coraz\u00f3n de la comuna por el Ej\u00e9rcito de Los Andes.<\/p>\n<p style=\"text-align: justify;\">\n<p style=\"text-align: justify;\"><span style=\"color: #c81400;\"><strong>POR ETAPAS<\/strong><\/span><\/p>\n<p style=\"text-align: justify;\">La medida se enmarca en el D\u00eda del Patrimonio Cultural, que tendr\u00e1 variadas actividades en todo el pa\u00eds, adecuadas al contexto de pandemia. Cabe recordar que en diciembre de 2019, las autoridades inauguraron la primera parte del proyecto que cambi\u00f3 la imagen de la esquina norponiente de la Plaza Prat, de esta forma, se realiz\u00f3 una llamativa remodelaci\u00f3n del espacio p\u00fablico.<\/p>\n<p style=\"text-align: justify;\">La segunda etapa ten\u00eda que ver justamente con la escultura de un caballo que simbolizara que en ese pimiento Jos\u00e9 de San Mart\u00edn at\u00f3 su equino y descans\u00f3 junto al Ej\u00e9rcito de Los Andes, en su traves\u00eda por lograr la anhelada Independencia de Chile. El autor de la obra es el escultor Sergio Le\u00f3n.<\/p>\n<p style=\"text-align: justify;\">Las c\u00e1maras de <strong>Diario El Trabajo<\/strong> viajaron ayer jueves a Putaendo para tomar registro de la llamativa puesta en escena, encontr\u00e1ndonos tambi\u00e9n con una serie de im\u00e1genes con sus respectivos textos explicativos acerca de los cap\u00edtulos hist\u00f3ricos relacionados con la ciudad de Putaendo en el tiempo.<\/p>\n<p style=\"text-align: justify;\"><strong>Roberto Gonz\u00e1lez Short<\/strong><\/p>\n<p style=\"text-align: justify;\">\n<figure id=\"attachment_99165\" aria-describedby=\"caption-attachment-99165\" style=\"width: 580px\" class=\"wp-caption alignnone\"><img data-recalc-dims=\"1\" loading=\"lazy\" decoding=\"async\" class=\"size-full wp-image-99165\" src=\"https:\/\/i0.wp.com\/eltrabajo.cl\/portal\/wp-content\/uploads\/2020\/05\/Caballo1.jpg?resize=580%2C360&#038;ssl=1\" alt=\"SIMB\u00d3LICO EQUINO.- Aqu\u00ed vemos la obra del escultor Sergio Le\u00f3n, al pie del m\u00edtico pimiento tan apreciado por los putaendinos.\" width=\"580\" height=\"360\" srcset=\"https:\/\/i0.wp.com\/eltrabajo.cl\/portal\/wp-content\/uploads\/2020\/05\/Caballo1.jpg?w=580&amp;ssl=1 580w, https:\/\/i0.wp.com\/eltrabajo.cl\/portal\/wp-content\/uploads\/2020\/05\/Caballo1.jpg?resize=300%2C186&amp;ssl=1 300w, https:\/\/i0.wp.com\/eltrabajo.cl\/portal\/wp-content\/uploads\/2020\/05\/Caballo1.jpg?resize=200%2C124&amp;ssl=1 200w, https:\/\/i0.wp.com\/eltrabajo.cl\/portal\/wp-content\/uploads\/2020\/05\/Caballo1.jpg?resize=150%2C93&amp;ssl=1 150w\" sizes=\"auto, (max-width: 580px) 100vw, 580px\" \/><figcaption id=\"caption-attachment-99165\" class=\"wp-caption-text\">SIMB\u00d3LICO EQUINO.- Aqu\u00ed vemos la obra del escultor Sergio Le\u00f3n, al pie del m\u00edtico pimiento tan apreciado por los putaendinos.<\/figcaption><\/figure>\n<figure id=\"attachment_99167\" aria-describedby=\"caption-attachment-99167\" style=\"width: 580px\" class=\"wp-caption alignnone\"><img data-recalc-dims=\"1\" loading=\"lazy\" decoding=\"async\" class=\"size-full wp-image-99167\" src=\"https:\/\/i0.wp.com\/eltrabajo.cl\/portal\/wp-content\/uploads\/2020\/05\/Caballo3.jpg?resize=580%2C360&#038;ssl=1\" alt=\"PATRIMONIO DE TODOS.- Varios e importantes afiches bien protegidos contra el clima son los que est\u00e1n en este homenaje a la historia de Putaendo y Chile.\" width=\"580\" height=\"360\" srcset=\"https:\/\/i0.wp.com\/eltrabajo.cl\/portal\/wp-content\/uploads\/2020\/05\/Caballo3.jpg?w=580&amp;ssl=1 580w, https:\/\/i0.wp.com\/eltrabajo.cl\/portal\/wp-content\/uploads\/2020\/05\/Caballo3.jpg?resize=300%2C186&amp;ssl=1 300w, https:\/\/i0.wp.com\/eltrabajo.cl\/portal\/wp-content\/uploads\/2020\/05\/Caballo3.jpg?resize=200%2C124&amp;ssl=1 200w, https:\/\/i0.wp.com\/eltrabajo.cl\/portal\/wp-content\/uploads\/2020\/05\/Caballo3.jpg?resize=150%2C93&amp;ssl=1 150w\" sizes=\"auto, (max-width: 580px) 100vw, 580px\" \/><figcaption id=\"caption-attachment-99167\" class=\"wp-caption-text\">PATRIMONIO DE TODOS.- Varios e importantes afiches bien protegidos contra el clima son los que est\u00e1n en este homenaje a la historia de Putaendo y Chile.<\/figcaption><\/figure>\n<figure id=\"attachment_99166\" aria-describedby=\"caption-attachment-99166\" style=\"width: 580px\" class=\"wp-caption alignnone\"><img data-recalc-dims=\"1\" loading=\"lazy\" decoding=\"async\" class=\"size-full wp-image-99166\" src=\"https:\/\/i0.wp.com\/eltrabajo.cl\/portal\/wp-content\/uploads\/2020\/05\/Caballo2.jpg?resize=580%2C359&#038;ssl=1\" alt=\"RINC\u00d3N DE LA HISTORIA.- As\u00ed se aprecia la peque\u00f1a terraza creada para recordar otros hitos importantes del primer pueblo libre de Chile.\" width=\"580\" height=\"359\" srcset=\"https:\/\/i0.wp.com\/eltrabajo.cl\/portal\/wp-content\/uploads\/2020\/05\/Caballo2.jpg?w=580&amp;ssl=1 580w, https:\/\/i0.wp.com\/eltrabajo.cl\/portal\/wp-content\/uploads\/2020\/05\/Caballo2.jpg?resize=300%2C186&amp;ssl=1 300w, https:\/\/i0.wp.com\/eltrabajo.cl\/portal\/wp-content\/uploads\/2020\/05\/Caballo2.jpg?resize=200%2C124&amp;ssl=1 200w, https:\/\/i0.wp.com\/eltrabajo.cl\/portal\/wp-content\/uploads\/2020\/05\/Caballo2.jpg?resize=150%2C93&amp;ssl=1 150w\" sizes=\"auto, (max-width: 580px) 100vw, 580px\" \/><figcaption id=\"caption-attachment-99166\" class=\"wp-caption-text\">RINC\u00d3N DE LA HISTORIA.- As\u00ed se aprecia la peque\u00f1a terraza creada para recordar otros hitos importantes del primer pueblo libre de Chile.<\/figcaption><\/figure>\n","protected":false},"excerpt":{"rendered":"<p>PUTAENDO.- Una singular iniciativa relacionada con la historia de Chile es la que ha sido desarrollada en el puro coraz\u00f3n de la ciudad de Putaendo, se trata de la instalaci\u00f3n este lunes&#8230;<\/p>\n","protected":false},"author":482,"featured_media":99165,"comment_status":"closed","ping_status":"closed","sticky":false,"template":"","format":"standard","meta":{"advanced_seo_description":"","jetpack_seo_html_title":"","jetpack_seo_noindex":false,"_jetpack_memberships_contains_paid_content":false,"footnotes":""},"categories":[20],"tags":[],"class_list":["post-99164","post","type-post","status-publish","format-standard","has-post-thumbnail","hentry","category-arte-y-cultura"],"jetpack_featured_media_url":"https:\/\/i0.wp.com\/eltrabajo.cl\/portal\/wp-content\/uploads\/2020\/05\/Caballo1.jpg?fit=580%2C360&ssl=1","jetpack_sharing_enabled":true,"jetpack_likes_enabled":true,"jetpack-related-posts":[],"_links":{"self":[{"href":"https:\/\/eltrabajo.cl\/portal\/wp-json\/wp\/v2\/posts\/99164","targetHints":{"allow":["GET"]}}],"collection":[{"href":"https:\/\/eltrabajo.cl\/portal\/wp-json\/wp\/v2\/posts"}],"about":[{"href":"https:\/\/eltrabajo.cl\/portal\/wp-json\/wp\/v2\/types\/post"}],"author":[{"embeddable":true,"href":"https:\/\/eltrabajo.cl\/portal\/wp-json\/wp\/v2\/users\/482"}],"replies":[{"embeddable":true,"href":"https:\/\/eltrabajo.cl\/portal\/wp-json\/wp\/v2\/comments?post=99164"}],"version-history":[{"count":0,"href":"https:\/\/eltrabajo.cl\/portal\/wp-json\/wp\/v2\/posts\/99164\/revisions"}],"wp:featuredmedia":[{"embeddable":true,"href":"https:\/\/eltrabajo.cl\/portal\/wp-json\/wp\/v2\/media\/99165"}],"wp:attachment":[{"href":"https:\/\/eltrabajo.cl\/portal\/wp-json\/wp\/v2\/media?parent=99164"}],"wp:term":[{"taxonomy":"category","embeddable":true,"href":"https:\/\/eltrabajo.cl\/portal\/wp-json\/wp\/v2\/categories?post=99164"},{"taxonomy":"post_tag","embeddable":true,"href":"https:\/\/eltrabajo.cl\/portal\/wp-json\/wp\/v2\/tags?post=99164"}],"curies":[{"name":"wp","href":"https:\/\/api.w.org\/{rel}","templated":true}]}}