{"id":99172,"date":"2020-05-29T07:50:12","date_gmt":"2020-05-29T11:50:12","guid":{"rendered":"https:\/\/www.eltrabajo.cl\/portal\/?p=99172"},"modified":"2020-05-28T20:43:35","modified_gmt":"2020-05-29T00:43:35","slug":"ayer-fallecio-el-suplementero-insigne-de-diario-el-trabajo-emilio-astudillo","status":"publish","type":"post","link":"https:\/\/eltrabajo.cl\/portal\/ayer-fallecio-el-suplementero-insigne-de-diario-el-trabajo-emilio-astudillo\/","title":{"rendered":"Ayer falleci\u00f3 el suplementero insigne de Diario El Trabajo, Emilio Astudillo"},"content":{"rendered":"<p style=\"text-align: justify;\"><span style=\"color: #c81400;\"><strong>Labor\u00f3 46 a\u00f1os en su quiosco en Avenida Chacabuco:<\/strong><\/span><\/p>\n<p style=\"text-align: justify;\">De capa ca\u00edda se encuentra hoy el gremio de los suplementeros aconcag\u00fcinos, especialmente los sanfelipe\u00f1os, luego que la ma\u00f1ana de ayer jueves falleciera a ra\u00edz de una fulminante pulmon\u00eda el querido suplementero y colaborador de <strong>Diario El Trabajo<\/strong> por 46 a\u00f1os, <strong>Emilio Astudillo Godoy<\/strong>, a la edad de 90 a\u00f1os.<\/p>\n<p style=\"text-align: justify;\">La noticia se ha conocido y comentado en todas partes de Aconcagua, Astudillo desde hace meses se ven\u00eda sintiendo mal de salud, al punto de haber dejado de atender su conocido quiosco ubicado en Avenida Chacabuco frente a la botiller\u00eda Nueva Pac\u00edfico desde el pasado mes de marzo.<\/p>\n<p style=\"text-align: justify;\">Este personaje sanfelipe\u00f1o era una persona muy honrada, trabajadora y de bajo perfil; no era de participar en actividades p\u00fablicas y tampoco amigo de buscar reconocimientos de nadie, aun as\u00ed la Municipalidad de San Felipe le distingui\u00f3 el 3 de agosto en el marco del 277\u00ba aniversario de nuestra ciudad.<\/p>\n<p style=\"text-align: justify;\">\n<p style=\"text-align: justify;\"><span style=\"color: #c81400;\"><strong>\u00abFUI \u2018CANILLITA\u2019\u00bb<\/strong><\/span><\/p>\n<p style=\"text-align: justify;\">Astudillo Godoy desde 1974 se dedic\u00f3 a vender suplementos y ejemplares de <strong>Diario El Trabajo<\/strong> en nuestra ciudad. Cuando le entrevistamos hace dos a\u00f1os, \u00e9l emocionado nos hab\u00eda comentado que <em>\u00abnunca imagin\u00e9 que el Municipio se acordara de m\u00ed, agradezco que est\u00e9n reconociendo mi aporte a la sociedad, yo primero fui \u2018Canillita\u2019 en las calles de San Felipe, luego me instal\u00e9 en esta esquina Chacabuco con Coimas, aqu\u00ed vendo mis diarios desde hace muchos a\u00f1os <\/em>(\u2026) <em>Quiero dar las gracias tambi\u00e9n a mis clientes, a todos quienes me han apoyado durante todos estos a\u00f1os, recordar tambi\u00e9n que yo nunca he faltado a mis compromisos con <strong>Diario El Trabajo<\/strong><\/em>\u00bb.<\/p>\n<p style=\"text-align: justify;\">\n<p style=\"text-align: justify;\"><span style=\"color: #c81400;\"><strong>SUS FUNERALES<\/strong><\/span><\/p>\n<p style=\"text-align: justify;\">Nuestro insigne colaborador desde marzo hab\u00eda cerrado su quiosco por motivos de salud, vivi\u00f3 alg\u00fan tiempo con una familia de la Iglesia Pentecostal de Chile con quien \u00e9l forj\u00f3 amistad y v\u00ednculos religiosos, sin embargo hace poco tiempo se fue a vivir con una de sus hijas en Putaendo.<\/p>\n<p style=\"text-align: justify;\">El fallecimiento de Astudillo ocurri\u00f3 ayer a las 9:30 horas en el Hospital San Camilo, sus funerales se realizaron ayer mismo en el Cementerio Municipal de Belloto en Villa Alemana, pues all\u00e1 desde 2004 permanece sepultada su amada esposa <strong>Georgina del Carmen Olivares<\/strong>, con quien tuvo nueve hijos de los que siete a\u00fan siguen vivos.<\/p>\n<p style=\"text-align: justify;\">\n<p style=\"text-align: justify;\"><span style=\"color: #c81400;\"><strong>MUCHAS REACCIONES<\/strong><\/span><\/p>\n<p style=\"text-align: justify;\">Muchas siguen siendo las reacciones de dirigentes vecinales, suplementeros y vecinos de las poblaciones vecinas de Avenida Chacabuco, en las que con hondo pesar se expresa el gran cari\u00f1o hacia \u2018Don Emilio\u2019, como era conocido Astudillo, <strong>Diario El Trabajo<\/strong> habl\u00f3 con el presidente de la junta vecinal de Orolonco Hermanos Carrera, <strong>Guillermo Reyes Mon\u00e1rdez<\/strong>:<\/p>\n<p style=\"text-align: justify;\">\u00ab<em>La junta de vecinos Orolonco Hermanos Carrera de San Felipe, que agrupa a los vecinos de la Unidad Vecinal N\u00famero 14, poblaciones Abelardo Pizarro, Orolonco Uno y Dos, Hermanos Carrera, Villa Bel\u00e9n, Electricoop, Villa Mediterr\u00e1neo y todas las viviendas que est\u00e1n en las manzanas ubicadas desde calle Combate de Las Coimas, Abraham Ahumada hasta Traslavi\u00f1a, Luis Gajardo Guerrero y desde Avenida Chacabuco hasta Avenida Hermanos Carrera y Escuela Bernardo O\u2019Higgins. Hoy hemos sido golpeados por el fallecimiento de don Emilio, un gran amigo y servicial suplementero, de quien el d\u00eda 11 de marzo pasado nos toc\u00f3 conocer y presenciar su quiebre de salud, en su puesto de venta de diarios al medio d\u00eda, cuando una ambulancia del HSC retiraba su cuerpo fr\u00e1gil, deteriorado por un desmayo, auxiliado por vecinos de Panader\u00eda Libanesa y vecinos de calle Coimas, quienes llamaron la ambulancia y a su familia. La solidaridad que \u00e9l sembr\u00f3 por m\u00e1s de 45 a\u00f1os le fue devuelta, y varios vecinos reunidos ese d\u00eda lo acompa\u00f1aron a don Emilio, con visitas al Hospital San Camilo antes del inicio de las medidas restrictivas de esta pandemia<\/em>\u00bb, coment\u00f3 Reyes a nuestro medio.<\/p>\n<p style=\"text-align: justify;\">&#8211; <strong>\u00bfEra muy querido Emilio en estas poblaciones?<\/strong><\/p>\n<p style=\"text-align: justify;\">&#8211; S\u00ed, much\u00edsimo. Fue nuestro suplementero durante m\u00e1s de 45 a\u00f1os, ya con 90 a\u00f1os, original de Valpara\u00edso, Quilpu\u00e9, Belloto, lleg\u00f3 en la d\u00e9cada de 1970 a San Felipe, atendiendo nuestro barrio desde 1984\u00a0 en la venta de diarios y revistas que nos fueron de mucha utilidad, antes de Internet, hombre afable y de buen trato, don Emilio descansa en Paz.<\/p>\n<p style=\"text-align: justify;\">&#8211; <strong>\u00bfQu\u00e9 tanto de utilidad fue la labor y servicios que \u00e9l ofreci\u00f3 a los sanfelipe\u00f1os?<\/strong><\/p>\n<p style=\"text-align: justify;\">&#8211; Muy importante sus servicios, siempre nos dejaba los diarios incluso fiado, espero que todos hayan pagado sus servicios, lo \u00faltimo que vi de \u00e9l, despu\u00e9s en la calle, fue un aviso que est\u00e1 en su quiosco, con un tel\u00e9fono, que indicaba que los que le deb\u00edan diarios se los fueran\u00a0 a pagar llamando al tel\u00e9fono indicado.<\/p>\n<p style=\"text-align: justify;\">&#8211; <strong>\u00bfS\u00f3lo vendi\u00f3 en ese quiosco o us\u00f3 otras alternativas para vender los diarios en el barrio?<\/strong><\/p>\n<p style=\"text-align: justify;\">&#8211; Hace a\u00f1os era diferente, \u00e9l en su triciclo recorr\u00eda nuestras calles entregando un valioso servicio de informaci\u00f3n, noticias y entretenimiento a la comunidad, muchos recordamos que nos tra\u00eda el diario, con su sonrisa y comentario de las noticias memorables, como el plebiscito, las elecciones, los triunfos deportivos y cat\u00e1strofes. Nunca dej\u00f3 de tener el servicio a su amigos y clientes, tambi\u00e9n muchas veces lo acompa\u00f1amos en su dolor de haber sido asaltado y robado en su quiosco y triciclo, su figura cansada hoy se apaga y se detiene un personaje, que se lleva parte de nuestra historia, en este pedalear de la vida, camino al merecido descanso eterno, Don Emilio descanse en Paz.<\/p>\n<p style=\"text-align: justify;\">\n<p style=\"text-align: justify;\"><span style=\"color: #c81400;\"><strong>SIEMPRE AGRADECIDOS<\/strong><\/span><\/p>\n<p style=\"text-align: justify;\">Hoy viernes y con un dolor general todo el personal administrativo, gerencial y period\u00edstico de <strong>Diario El Trabajo<\/strong> sintonizamos con el sentimiento de Gran P\u00e9rdida tras la muerte de uno de nuestros m\u00e1s leales colaboradores, nuestro Eterno \u2018Canillita\u2019 siempre ser\u00e1 recordado con gran cari\u00f1o y respeto. Descansa en Paz Emilio Astudillo Godoy.<\/p>\n<p style=\"text-align: justify;\"><strong>Roberto Gonz\u00e1lez Short<\/strong><\/p>\n<p style=\"text-align: justify;\">\n<figure id=\"attachment_99177\" aria-describedby=\"caption-attachment-99177\" style=\"width: 580px\" class=\"wp-caption alignnone\"><img data-recalc-dims=\"1\" loading=\"lazy\" decoding=\"async\" class=\"size-full wp-image-99177\" src=\"https:\/\/i0.wp.com\/eltrabajo.cl\/portal\/wp-content\/uploads\/2020\/05\/Suplementero2.jpg?resize=580%2C359&#038;ssl=1\" alt=\"\u00a1MUCHAS GRACIAS!- Aqu\u00ed tenemos a nuestro insigne suplementero sanfelipe\u00f1o, quien por 46 a\u00f1os colabor\u00f3 con Diario El Trabajo y sirvi\u00f3 a miles de vecinos en nuestra comuna.\" width=\"580\" height=\"359\" srcset=\"https:\/\/i0.wp.com\/eltrabajo.cl\/portal\/wp-content\/uploads\/2020\/05\/Suplementero2.jpg?w=580&amp;ssl=1 580w, https:\/\/i0.wp.com\/eltrabajo.cl\/portal\/wp-content\/uploads\/2020\/05\/Suplementero2.jpg?resize=300%2C186&amp;ssl=1 300w, https:\/\/i0.wp.com\/eltrabajo.cl\/portal\/wp-content\/uploads\/2020\/05\/Suplementero2.jpg?resize=200%2C124&amp;ssl=1 200w, https:\/\/i0.wp.com\/eltrabajo.cl\/portal\/wp-content\/uploads\/2020\/05\/Suplementero2.jpg?resize=150%2C93&amp;ssl=1 150w\" sizes=\"auto, (max-width: 580px) 100vw, 580px\" \/><figcaption id=\"caption-attachment-99177\" class=\"wp-caption-text\">\u00a1MUCHAS GRACIAS!- Aqu\u00ed tenemos a nuestro insigne suplementero sanfelipe\u00f1o, quien por 46 a\u00f1os colabor\u00f3 con Diario El Trabajo y sirvi\u00f3 a miles de vecinos en nuestra comuna.<\/figcaption><\/figure>\n<figure id=\"attachment_99176\" aria-describedby=\"caption-attachment-99176\" style=\"width: 580px\" class=\"wp-caption alignnone\"><img data-recalc-dims=\"1\" loading=\"lazy\" decoding=\"async\" class=\"size-full wp-image-99176\" src=\"https:\/\/i0.wp.com\/eltrabajo.cl\/portal\/wp-content\/uploads\/2020\/05\/Suplementero1.jpg?resize=580%2C359&#038;ssl=1\" alt=\"ADI\u00d3S DON EMILIO.- Emilio Astudillo naci\u00f3 el martes 17 de septiembre de 1929 y falleci\u00f3 el jueves 28 de mayo de 2020. Sus funerales se realizaron ayer en el Cementerio Municipal de Belloto Villa Alemana. \" width=\"580\" height=\"359\" srcset=\"https:\/\/i0.wp.com\/eltrabajo.cl\/portal\/wp-content\/uploads\/2020\/05\/Suplementero1.jpg?w=580&amp;ssl=1 580w, https:\/\/i0.wp.com\/eltrabajo.cl\/portal\/wp-content\/uploads\/2020\/05\/Suplementero1.jpg?resize=300%2C186&amp;ssl=1 300w, https:\/\/i0.wp.com\/eltrabajo.cl\/portal\/wp-content\/uploads\/2020\/05\/Suplementero1.jpg?resize=200%2C124&amp;ssl=1 200w, https:\/\/i0.wp.com\/eltrabajo.cl\/portal\/wp-content\/uploads\/2020\/05\/Suplementero1.jpg?resize=150%2C93&amp;ssl=1 150w\" sizes=\"auto, (max-width: 580px) 100vw, 580px\" \/><figcaption id=\"caption-attachment-99176\" class=\"wp-caption-text\">ADI\u00d3S DON EMILIO.- Emilio Astudillo naci\u00f3 el martes 17 de septiembre de 1929 y falleci\u00f3 el jueves 28 de mayo de 2020. Sus funerales se realizaron ayer en el Cementerio Municipal de Belloto Villa Alemana.<\/figcaption><\/figure>\n<figure id=\"attachment_99173\" aria-describedby=\"caption-attachment-99173\" style=\"width: 580px\" class=\"wp-caption alignnone\"><img data-recalc-dims=\"1\" loading=\"lazy\" decoding=\"async\" class=\"size-full wp-image-99173\" src=\"https:\/\/i0.wp.com\/eltrabajo.cl\/portal\/wp-content\/uploads\/2020\/05\/Suplementero3.jpg?resize=580%2C360&#038;ssl=1\" alt=\"NOS DEJ\u00d3 EMILIO.- As\u00ed luce el quiosco que por d\u00e9cadas sirvi\u00f3 como base de operaciones de reparto de diarios y revistas a don Emilio.\" width=\"580\" height=\"360\" srcset=\"https:\/\/i0.wp.com\/eltrabajo.cl\/portal\/wp-content\/uploads\/2020\/05\/Suplementero3.jpg?w=580&amp;ssl=1 580w, https:\/\/i0.wp.com\/eltrabajo.cl\/portal\/wp-content\/uploads\/2020\/05\/Suplementero3.jpg?resize=300%2C186&amp;ssl=1 300w, https:\/\/i0.wp.com\/eltrabajo.cl\/portal\/wp-content\/uploads\/2020\/05\/Suplementero3.jpg?resize=200%2C124&amp;ssl=1 200w, https:\/\/i0.wp.com\/eltrabajo.cl\/portal\/wp-content\/uploads\/2020\/05\/Suplementero3.jpg?resize=150%2C93&amp;ssl=1 150w\" sizes=\"auto, (max-width: 580px) 100vw, 580px\" \/><figcaption id=\"caption-attachment-99173\" class=\"wp-caption-text\">NOS DEJ\u00d3 EMILIO.- As\u00ed luce el quiosco que por d\u00e9cadas sirvi\u00f3 como base de operaciones de reparto de diarios y revistas a don Emilio.<\/figcaption><\/figure>\n<figure id=\"attachment_99175\" aria-describedby=\"caption-attachment-99175\" style=\"width: 580px\" class=\"wp-caption alignnone\"><img data-recalc-dims=\"1\" loading=\"lazy\" decoding=\"async\" class=\"size-full wp-image-99175\" src=\"https:\/\/i0.wp.com\/eltrabajo.cl\/portal\/wp-content\/uploads\/2020\/05\/Suplementero_Guillermo-Reyes.jpg?resize=580%2C598&#038;ssl=1\" alt=\"Presidente de la junta vecinal de Orolonco Hermanos Carrera, Guillermo Reyes Mon\u00e1rdez.\" width=\"580\" height=\"598\" srcset=\"https:\/\/i0.wp.com\/eltrabajo.cl\/portal\/wp-content\/uploads\/2020\/05\/Suplementero_Guillermo-Reyes.jpg?w=580&amp;ssl=1 580w, https:\/\/i0.wp.com\/eltrabajo.cl\/portal\/wp-content\/uploads\/2020\/05\/Suplementero_Guillermo-Reyes.jpg?resize=291%2C300&amp;ssl=1 291w, https:\/\/i0.wp.com\/eltrabajo.cl\/portal\/wp-content\/uploads\/2020\/05\/Suplementero_Guillermo-Reyes.jpg?resize=145%2C150&amp;ssl=1 145w\" sizes=\"auto, (max-width: 580px) 100vw, 580px\" \/><figcaption id=\"caption-attachment-99175\" class=\"wp-caption-text\">Presidente de la junta vecinal de Orolonco Hermanos Carrera, Guillermo Reyes Mon\u00e1rdez.<\/figcaption><\/figure>\n<figure id=\"attachment_99174\" aria-describedby=\"caption-attachment-99174\" style=\"width: 579px\" class=\"wp-caption alignnone\"><img data-recalc-dims=\"1\" loading=\"lazy\" decoding=\"async\" class=\"size-full wp-image-99174\" src=\"https:\/\/i0.wp.com\/eltrabajo.cl\/portal\/wp-content\/uploads\/2020\/05\/portadita_Emilio-Astudillo.jpg?resize=579%2C600&#038;ssl=1\" alt=\"Emilio Astudillo Godoy falleci\u00f3 la ma\u00f1ana de ayer a la edad de 90 a\u00f1os.\" width=\"579\" height=\"600\" srcset=\"https:\/\/i0.wp.com\/eltrabajo.cl\/portal\/wp-content\/uploads\/2020\/05\/portadita_Emilio-Astudillo.jpg?w=579&amp;ssl=1 579w, https:\/\/i0.wp.com\/eltrabajo.cl\/portal\/wp-content\/uploads\/2020\/05\/portadita_Emilio-Astudillo.jpg?resize=290%2C300&amp;ssl=1 290w, https:\/\/i0.wp.com\/eltrabajo.cl\/portal\/wp-content\/uploads\/2020\/05\/portadita_Emilio-Astudillo.jpg?resize=145%2C150&amp;ssl=1 145w\" sizes=\"auto, (max-width: 579px) 100vw, 579px\" \/><figcaption id=\"caption-attachment-99174\" class=\"wp-caption-text\">Emilio Astudillo Godoy falleci\u00f3 la ma\u00f1ana de ayer a la edad de 90 a\u00f1os.<\/figcaption><\/figure>\n","protected":false},"excerpt":{"rendered":"<p>Labor\u00f3 46 a\u00f1os en su quiosco en Avenida Chacabuco: De capa ca\u00edda se encuentra hoy el gremio de los suplementeros aconcag\u00fcinos, especialmente los sanfelipe\u00f1os, luego que la ma\u00f1ana de ayer jueves falleciera&#8230;<\/p>\n","protected":false},"author":482,"featured_media":99177,"comment_status":"closed","ping_status":"closed","sticky":false,"template":"","format":"standard","meta":{"advanced_seo_description":"","jetpack_seo_html_title":"","jetpack_seo_noindex":false,"_jetpack_memberships_contains_paid_content":false,"footnotes":""},"categories":[15],"tags":[],"class_list":["post-99172","post","type-post","status-publish","format-standard","has-post-thumbnail","hentry","category-comunidad"],"jetpack_featured_media_url":"https:\/\/i0.wp.com\/eltrabajo.cl\/portal\/wp-content\/uploads\/2020\/05\/Suplementero2.jpg?fit=580%2C359&ssl=1","jetpack_sharing_enabled":true,"jetpack_likes_enabled":true,"jetpack-related-posts":[],"_links":{"self":[{"href":"https:\/\/eltrabajo.cl\/portal\/wp-json\/wp\/v2\/posts\/99172","targetHints":{"allow":["GET"]}}],"collection":[{"href":"https:\/\/eltrabajo.cl\/portal\/wp-json\/wp\/v2\/posts"}],"about":[{"href":"https:\/\/eltrabajo.cl\/portal\/wp-json\/wp\/v2\/types\/post"}],"author":[{"embeddable":true,"href":"https:\/\/eltrabajo.cl\/portal\/wp-json\/wp\/v2\/users\/482"}],"replies":[{"embeddable":true,"href":"https:\/\/eltrabajo.cl\/portal\/wp-json\/wp\/v2\/comments?post=99172"}],"version-history":[{"count":0,"href":"https:\/\/eltrabajo.cl\/portal\/wp-json\/wp\/v2\/posts\/99172\/revisions"}],"wp:featuredmedia":[{"embeddable":true,"href":"https:\/\/eltrabajo.cl\/portal\/wp-json\/wp\/v2\/media\/99177"}],"wp:attachment":[{"href":"https:\/\/eltrabajo.cl\/portal\/wp-json\/wp\/v2\/media?parent=99172"}],"wp:term":[{"taxonomy":"category","embeddable":true,"href":"https:\/\/eltrabajo.cl\/portal\/wp-json\/wp\/v2\/categories?post=99172"},{"taxonomy":"post_tag","embeddable":true,"href":"https:\/\/eltrabajo.cl\/portal\/wp-json\/wp\/v2\/tags?post=99172"}],"curies":[{"name":"wp","href":"https:\/\/api.w.org\/{rel}","templated":true}]}}