{"id":99179,"date":"2020-05-29T08:43:47","date_gmt":"2020-05-29T12:43:47","guid":{"rendered":"https:\/\/www.eltrabajo.cl\/portal\/?p=99179"},"modified":"2020-05-28T20:46:50","modified_gmt":"2020-05-29T00:46:50","slug":"sujeto-con-martillo-en-mano-intenta-robar-joyeria-arezzo-ubicada-en-prat","status":"publish","type":"post","link":"https:\/\/eltrabajo.cl\/portal\/sujeto-con-martillo-en-mano-intenta-robar-joyeria-arezzo-ubicada-en-prat\/","title":{"rendered":"Sujeto con martillo en mano intenta robar joyer\u00eda Arezzo ubicada en Prat"},"content":{"rendered":"<p style=\"text-align: justify;\">Con una herramienta tipo martillo, un sujeto intent\u00f3 este mi\u00e9rcoles pasado al mediod\u00eda robar la joyer\u00eda Arezzo ubicada en calle Prat, entre Navarro y Avenida Maip\u00fa. El r\u00e1pido accionar de los due\u00f1os impidi\u00f3 que llevara a cabo su cometido.<\/p>\n<p style=\"text-align: justify;\">El hijo de la due\u00f1a de la joyer\u00eda dijo a nuestro medio el momento en que se produjo el hecho: <em>\u00abEstaba aqu\u00ed con Julio, pareja de mi &#8216;vieja&#8217;, est\u00e1bamos tranquilos como una rutina normal, llega un flaco moreno si no me equivoco, no tan alto, como 1,60 a 1,74, con un martillo golpeando la mampara. Yo abr\u00ed la puerta para ver qu\u00e9 pasaba, el flaco me intimid\u00f3 con el martillo toda la onda. Julio sale, intenta encararlo, yo de la misma forma salgo con un escobill\u00f3n&#8230; la verdad es que ya no me acuerdo con qu\u00e9 sal\u00ed, un poco m\u00e1s all\u00e1 los chiquillos se subieron a una moto y eso fue\u2026 algo s\u00faper instant\u00e1neo\u00bb.<\/em><\/p>\n<p style=\"text-align: justify;\">&#8211; <strong>\u00bfNo alcanzaron a robar nada entonces?<\/strong><\/p>\n<p style=\"text-align: justify;\">&#8211; No, nada, solamente da\u00f1os. Como le digo rompieron la vitrina, creo que fue eso, la mala onda, el mal rato; a Julio creo que le pegaron, la verdad no lo s\u00e9.<\/p>\n<p style=\"text-align: justify;\">La v\u00edctima record\u00f3 el robo a la casa de cambio: <em>\u00abHace muy poco se escuch\u00f3 lo de la joyer\u00eda de Los Andes, o sea nada que decir, m\u00e1s que preocupaci\u00f3n ser\u00eda enojo, rabia que te quiten lo que trabajas\u00bb.<\/em><\/p>\n<p style=\"text-align: justify;\">&#8211; <strong>\u00bfPero est\u00e1n bien f\u00edsicamente ustedes?<\/strong><\/p>\n<p style=\"text-align: justify;\">&#8211; S\u00ed, obviamente que s\u00ed, pero aburrido de todo esto.<\/p>\n<p style=\"text-align: justify;\">&#8211; <strong>\u00bfUstedes ya hab\u00edan sido v\u00edctimas de robo?<\/strong><\/p>\n<p style=\"text-align: justify;\">&#8211; Ya llevamos cuatro robos; el primero fue un asalto con arma, el segundo fue en la noche-madrugada en camioneta, despu\u00e9s con el tema del estallido social rompieron y ahora esto. \u00bfQu\u00e9 se espera m\u00e1s adelante?<\/p>\n<p style=\"text-align: justify;\">Dice que tienen c\u00e1maras en el local vigilando las 24 horas: <em>\u00abA las personas que vienen ac\u00e1 y rompen, les conocemos las caras, pero puedes saber nombres, caras, qui\u00e9n es la persona, puedes saber la calle, uno puede decir este flaco fue el que me rob\u00f3 y esto, \u00bfqu\u00e9 puedo hacer con eso\u00bb,<\/em> se\u00f1al\u00f3 la v\u00edctima.<\/p>\n<p style=\"text-align: justify;\">&#8211; <strong>\u00bfMayor vigilancia?<\/strong><\/p>\n<p style=\"text-align: justify;\">&#8211; Fiscal\u00eda los suelta (dice la madre), si no s\u00e9 cu\u00e1l ser\u00e1 el modus operandi de all\u00e1, tendr\u00edan que estar adentro y los veo en la calle.<\/p>\n<p>&nbsp;<\/p>\n<figure id=\"attachment_99180\" aria-describedby=\"caption-attachment-99180\" style=\"width: 580px\" class=\"wp-caption alignnone\"><img data-recalc-dims=\"1\" loading=\"lazy\" decoding=\"async\" class=\"size-full wp-image-99180\" src=\"https:\/\/i0.wp.com\/eltrabajo.cl\/portal\/wp-content\/uploads\/2020\/05\/joyeria-martillos.jpg?resize=580%2C360&#038;ssl=1\" alt=\"En la imagen captada por las c\u00e1maras de vigilancia del local, se aprecia al delincuente en plena faena intentando romper el vidrio de la mampara.\" width=\"580\" height=\"360\" srcset=\"https:\/\/i0.wp.com\/eltrabajo.cl\/portal\/wp-content\/uploads\/2020\/05\/joyeria-martillos.jpg?w=580&amp;ssl=1 580w, https:\/\/i0.wp.com\/eltrabajo.cl\/portal\/wp-content\/uploads\/2020\/05\/joyeria-martillos.jpg?resize=300%2C186&amp;ssl=1 300w, https:\/\/i0.wp.com\/eltrabajo.cl\/portal\/wp-content\/uploads\/2020\/05\/joyeria-martillos.jpg?resize=200%2C124&amp;ssl=1 200w, https:\/\/i0.wp.com\/eltrabajo.cl\/portal\/wp-content\/uploads\/2020\/05\/joyeria-martillos.jpg?resize=150%2C93&amp;ssl=1 150w\" sizes=\"auto, (max-width: 580px) 100vw, 580px\" \/><figcaption id=\"caption-attachment-99180\" class=\"wp-caption-text\">En la imagen captada por las c\u00e1maras de vigilancia del local, se aprecia al delincuente en plena faena intentando romper el vidrio de la mampara.<\/figcaption><\/figure>\n<figure id=\"attachment_99181\" aria-describedby=\"caption-attachment-99181\" style=\"width: 578px\" class=\"wp-caption alignnone\"><img data-recalc-dims=\"1\" loading=\"lazy\" decoding=\"async\" class=\"size-full wp-image-99181\" src=\"https:\/\/i0.wp.com\/eltrabajo.cl\/portal\/wp-content\/uploads\/2020\/05\/joyeria-vidrios.jpg?resize=578%2C434&#038;ssl=1\" alt=\"Los vidrios de la joyer\u00eda quedaron destrozados, aunque el delincuente no pudo robar ninguna especie.\" width=\"578\" height=\"434\" srcset=\"https:\/\/i0.wp.com\/eltrabajo.cl\/portal\/wp-content\/uploads\/2020\/05\/joyeria-vidrios.jpg?w=578&amp;ssl=1 578w, https:\/\/i0.wp.com\/eltrabajo.cl\/portal\/wp-content\/uploads\/2020\/05\/joyeria-vidrios.jpg?resize=300%2C225&amp;ssl=1 300w, https:\/\/i0.wp.com\/eltrabajo.cl\/portal\/wp-content\/uploads\/2020\/05\/joyeria-vidrios.jpg?resize=200%2C150&amp;ssl=1 200w, https:\/\/i0.wp.com\/eltrabajo.cl\/portal\/wp-content\/uploads\/2020\/05\/joyeria-vidrios.jpg?resize=150%2C113&amp;ssl=1 150w\" sizes=\"auto, (max-width: 578px) 100vw, 578px\" \/><figcaption id=\"caption-attachment-99181\" class=\"wp-caption-text\">Los vidrios de la joyer\u00eda quedaron destrozados, aunque el delincuente no pudo robar ninguna especie.<\/figcaption><\/figure>\n","protected":false},"excerpt":{"rendered":"<p>Con una herramienta tipo martillo, un sujeto intent\u00f3 este mi\u00e9rcoles pasado al mediod\u00eda robar la joyer\u00eda Arezzo ubicada en calle Prat, entre Navarro y Avenida Maip\u00fa. El r\u00e1pido accionar de los due\u00f1os&#8230;<\/p>\n","protected":false},"author":482,"featured_media":99180,"comment_status":"closed","ping_status":"closed","sticky":false,"template":"","format":"standard","meta":{"advanced_seo_description":"","jetpack_seo_html_title":"","jetpack_seo_noindex":false,"_jetpack_memberships_contains_paid_content":false,"footnotes":""},"categories":[21],"tags":[],"class_list":["post-99179","post","type-post","status-publish","format-standard","has-post-thumbnail","hentry","category-policial"],"jetpack_featured_media_url":"https:\/\/i0.wp.com\/eltrabajo.cl\/portal\/wp-content\/uploads\/2020\/05\/joyeria-martillos.jpg?fit=580%2C360&ssl=1","jetpack_sharing_enabled":true,"jetpack_likes_enabled":true,"jetpack-related-posts":[],"_links":{"self":[{"href":"https:\/\/eltrabajo.cl\/portal\/wp-json\/wp\/v2\/posts\/99179","targetHints":{"allow":["GET"]}}],"collection":[{"href":"https:\/\/eltrabajo.cl\/portal\/wp-json\/wp\/v2\/posts"}],"about":[{"href":"https:\/\/eltrabajo.cl\/portal\/wp-json\/wp\/v2\/types\/post"}],"author":[{"embeddable":true,"href":"https:\/\/eltrabajo.cl\/portal\/wp-json\/wp\/v2\/users\/482"}],"replies":[{"embeddable":true,"href":"https:\/\/eltrabajo.cl\/portal\/wp-json\/wp\/v2\/comments?post=99179"}],"version-history":[{"count":0,"href":"https:\/\/eltrabajo.cl\/portal\/wp-json\/wp\/v2\/posts\/99179\/revisions"}],"wp:featuredmedia":[{"embeddable":true,"href":"https:\/\/eltrabajo.cl\/portal\/wp-json\/wp\/v2\/media\/99180"}],"wp:attachment":[{"href":"https:\/\/eltrabajo.cl\/portal\/wp-json\/wp\/v2\/media?parent=99179"}],"wp:term":[{"taxonomy":"category","embeddable":true,"href":"https:\/\/eltrabajo.cl\/portal\/wp-json\/wp\/v2\/categories?post=99179"},{"taxonomy":"post_tag","embeddable":true,"href":"https:\/\/eltrabajo.cl\/portal\/wp-json\/wp\/v2\/tags?post=99179"}],"curies":[{"name":"wp","href":"https:\/\/api.w.org\/{rel}","templated":true}]}}