{"id":99201,"date":"2020-05-31T22:00:16","date_gmt":"2020-06-01T02:00:16","guid":{"rendered":"https:\/\/www.eltrabajo.cl\/portal\/?p=99201"},"modified":"2020-05-31T20:52:41","modified_gmt":"2020-06-01T00:52:41","slug":"presidente-de-la-abar-en-lo-mas-alto-del-basquetbol-chileno","status":"publish","type":"post","link":"https:\/\/eltrabajo.cl\/portal\/presidente-de-la-abar-en-lo-mas-alto-del-basquetbol-chileno\/","title":{"rendered":"Presidente de la Abar en lo m\u00e1s alto del b\u00e1squetbol chileno"},"content":{"rendered":"<p style=\"text-align: justify;\">Muy r\u00e1pido ha sido el ascenso hasta las altas esferas del b\u00e1squetbol chileno del conocido abogado sanfelipe\u00f1o Juan Carlos Acu\u00f1a. A su puesto en la Federaci\u00f3n, en los \u00faltimos d\u00edas el dirigente sum\u00f3 el cargo del Comit\u00e9 del B\u00e1squetbol Mini; un puesto clave y de suma relevancia ya que \u00e9l, junto a otros cuatro profesionales deber\u00e1 delinear las pol\u00edticas que permitan masificar el baloncesto a tempranas edades en el pa\u00eds.<\/p>\n<p style=\"text-align: justify;\"><strong>El Trabajo Deportivo<\/strong> entrevist\u00f3 brevemente al directivo para conocer sus impresiones de este nuevo desaf\u00edo en su vida dirigencial.<\/p>\n<p style=\"text-align: justify;\">&#8211; <strong>Juan Carlos \u00bfel ser presidente de este comit\u00e9 es hasta su paso m\u00e1s importante en su carrera dirigencial?<\/strong><\/p>\n<p style=\"text-align: justify;\">&#8211; Creo que el ser electo secretario de la Federaci\u00f3n es mi paso m\u00e1s alto. La verdad estoy muy contento de presidir este comit\u00e9 estrat\u00e9gico, pero considero m\u00e1s importante ser parte del directorio de la Febachile.<\/p>\n<p style=\"text-align: justify;\">&#8211; <strong>\u00bfC\u00f3mo se gener\u00f3 su arribo a este comit\u00e9?<\/strong><\/p>\n<p style=\"text-align: justify;\">&#8211; Se produjo porque la Federaci\u00f3n en conjunto con otras dos organizaciones estableci\u00f3 la creaci\u00f3n del comit\u00e9. La idea de la Federaci\u00f3n era que alg\u00fan miembro de ella fuera parte del directorio de comit\u00e9, y el elegido fui yo.<\/p>\n<p style=\"text-align: justify;\">&#8211; <strong>\u00bfEst\u00e1 al frente de una tarea compleja, pero al mismo tiempo muy linda?<\/strong><\/p>\n<p style=\"text-align: justify;\">&#8211; Ciertamente trabajar con los ni\u00f1os para hacer crecer el b\u00e1squet es algo muy bonito y motivante. Ciertamente es complejo porque nunca en Chile se le hab\u00eda dado importancia al Mini B\u00e1squet.<\/p>\n<p style=\"text-align: justify;\">&#8211; <strong>\u00bfSe le hace muy dif\u00edcil compatibilizar todos estos cargos con su labor profesional?<\/strong><\/p>\n<p style=\"text-align: justify;\">&#8211; Es dif\u00edcil, m\u00e1s ahora con todo lo que est\u00e1 pasando, pero precisamente esto est\u00e1 d\u00e1ndome m\u00e1s tiempo para poder ejercer de buena forma todas las tareas. Hoy es m\u00e1s f\u00e1cil porque todas las reuniones son on line. Seguro cuando la pandemia sea superada ser\u00e1 m\u00e1s dif\u00edcil.<\/p>\n<p style=\"text-align: justify;\">&#8211; <strong>\u00bfEst\u00e1 en sus planes a futuros asumir un cargo m\u00e1s alto en la Federaci\u00f3n?<\/strong><\/p>\n<p style=\"text-align: justify;\">&#8211; Es claro que he tenido una carrera mete\u00f3rica en la Federaci\u00f3n; para eso fue fundamental que llegue en un momento de cambios. La verdad estoy contento con lo que tengo ahora, y s\u00f3lo me concentro en eso.<\/p>\n<p style=\"text-align: justify;\">\n<figure id=\"attachment_99202\" aria-describedby=\"caption-attachment-99202\" style=\"width: 580px\" class=\"wp-caption alignnone\"><img data-recalc-dims=\"1\" loading=\"lazy\" decoding=\"async\" class=\"size-full wp-image-99202\" src=\"https:\/\/i0.wp.com\/eltrabajo.cl\/portal\/wp-content\/uploads\/2020\/05\/juan-acu%C3%B1a-1.jpg?resize=580%2C360&#038;ssl=1\" alt=\"El abogado sanfelipe\u00f1o Juan Carlos Acu\u00f1a ocupa altos cargos en la Federaci\u00f3n de B\u00e1squetbol.\" width=\"580\" height=\"360\" srcset=\"https:\/\/i0.wp.com\/eltrabajo.cl\/portal\/wp-content\/uploads\/2020\/05\/juan-acu%C3%B1a-1.jpg?w=580&amp;ssl=1 580w, https:\/\/i0.wp.com\/eltrabajo.cl\/portal\/wp-content\/uploads\/2020\/05\/juan-acu%C3%B1a-1.jpg?resize=300%2C186&amp;ssl=1 300w, https:\/\/i0.wp.com\/eltrabajo.cl\/portal\/wp-content\/uploads\/2020\/05\/juan-acu%C3%B1a-1.jpg?resize=200%2C124&amp;ssl=1 200w, https:\/\/i0.wp.com\/eltrabajo.cl\/portal\/wp-content\/uploads\/2020\/05\/juan-acu%C3%B1a-1.jpg?resize=150%2C93&amp;ssl=1 150w\" sizes=\"auto, (max-width: 580px) 100vw, 580px\" \/><figcaption id=\"caption-attachment-99202\" class=\"wp-caption-text\">El abogado sanfelipe\u00f1o Juan Carlos Acu\u00f1a ocupa altos cargos en la Federaci\u00f3n de B\u00e1squetbol.<\/figcaption><\/figure>\n","protected":false},"excerpt":{"rendered":"<p>Muy r\u00e1pido ha sido el ascenso hasta las altas esferas del b\u00e1squetbol chileno del conocido abogado sanfelipe\u00f1o Juan Carlos Acu\u00f1a. A su puesto en la Federaci\u00f3n, en los \u00faltimos d\u00edas el dirigente&#8230;<\/p>\n","protected":false},"author":482,"featured_media":99202,"comment_status":"closed","ping_status":"closed","sticky":false,"template":"","format":"standard","meta":{"advanced_seo_description":"","jetpack_seo_html_title":"","jetpack_seo_noindex":false,"_jetpack_memberships_contains_paid_content":false,"footnotes":""},"categories":[19],"tags":[],"class_list":["post-99201","post","type-post","status-publish","format-standard","has-post-thumbnail","hentry","category-deportes"],"jetpack_featured_media_url":"https:\/\/i0.wp.com\/eltrabajo.cl\/portal\/wp-content\/uploads\/2020\/05\/juan-acu%C3%B1a-1.jpg?fit=580%2C360&ssl=1","jetpack_sharing_enabled":true,"jetpack_likes_enabled":true,"jetpack-related-posts":[],"_links":{"self":[{"href":"https:\/\/eltrabajo.cl\/portal\/wp-json\/wp\/v2\/posts\/99201","targetHints":{"allow":["GET"]}}],"collection":[{"href":"https:\/\/eltrabajo.cl\/portal\/wp-json\/wp\/v2\/posts"}],"about":[{"href":"https:\/\/eltrabajo.cl\/portal\/wp-json\/wp\/v2\/types\/post"}],"author":[{"embeddable":true,"href":"https:\/\/eltrabajo.cl\/portal\/wp-json\/wp\/v2\/users\/482"}],"replies":[{"embeddable":true,"href":"https:\/\/eltrabajo.cl\/portal\/wp-json\/wp\/v2\/comments?post=99201"}],"version-history":[{"count":0,"href":"https:\/\/eltrabajo.cl\/portal\/wp-json\/wp\/v2\/posts\/99201\/revisions"}],"wp:featuredmedia":[{"embeddable":true,"href":"https:\/\/eltrabajo.cl\/portal\/wp-json\/wp\/v2\/media\/99202"}],"wp:attachment":[{"href":"https:\/\/eltrabajo.cl\/portal\/wp-json\/wp\/v2\/media?parent=99201"}],"wp:term":[{"taxonomy":"category","embeddable":true,"href":"https:\/\/eltrabajo.cl\/portal\/wp-json\/wp\/v2\/categories?post=99201"},{"taxonomy":"post_tag","embeddable":true,"href":"https:\/\/eltrabajo.cl\/portal\/wp-json\/wp\/v2\/tags?post=99201"}],"curies":[{"name":"wp","href":"https:\/\/api.w.org\/{rel}","templated":true}]}}