{"id":99223,"date":"2020-06-01T07:40:30","date_gmt":"2020-06-01T11:40:30","guid":{"rendered":"https:\/\/www.eltrabajo.cl\/portal\/?p=99223"},"modified":"2020-05-31T21:02:56","modified_gmt":"2020-06-01T01:02:56","slug":"promesa-del-basquet-sanfelipeno-y-nacional-partira-a-ee-uu","status":"publish","type":"post","link":"https:\/\/eltrabajo.cl\/portal\/promesa-del-basquet-sanfelipeno-y-nacional-partira-a-ee-uu\/","title":{"rendered":"Promesa del b\u00e1squet sanfelipe\u00f1o y nacional partir\u00e1 a EE.UU."},"content":{"rendered":"<p style=\"text-align: justify;\">El joven basquetbolista sanfelipe\u00f1o Ra\u00fal Amar, partir\u00e1 en el futuro pr\u00f3ximo (agosto probablemente) con rumbo a Estados Unidos de Norteam\u00e9rica para seguir con su proceso de crecimiento deportivo y de paso dar otro paso en su objetivo de convertirse en basquetbolista profesional.<\/p>\n<p style=\"text-align: justify;\">La promisoria figura cestera formada en las canteras del Club Arturo Prat de San Felipe, vivir\u00e1 su segunda experiencia internacional, luego que en 2019 tuviera un fruct\u00edfero paso por el baloncesto argentino. Ra\u00fal Amar lleg\u00f3 al Prat cuando ten\u00eda solo 6 a\u00f1os de edad, destacando de inmediato por su entrega y excelente disposici\u00f3n al trabajo; sumando adem\u00e1s un factor no menos importante. Es un joven educado y muy respetuoso con todos.<\/p>\n<p style=\"text-align: justify;\">Ra\u00fal Amar alcanz\u00f3 notoriedad nacional en 2018, cuando se convirti\u00f3 en el jugador chileno que m\u00e1s goles ha anotado en un s\u00f3lo partido en toda la historia del Torneo Campioni Del Domani. \u00ab<em>Dar\u00e1<\/em> (Ra\u00fal) <em>un paso m\u00e1s un paso m\u00e1s en su carrera deportiva donde vivir\u00e1 la experiencia del b\u00e1squetbol en USA<\/em>\u00bb, dice parte del texto que entreg\u00f3 la rama cestera pratina.<\/p>\n<p style=\"text-align: justify;\">En tanto Miami Prep que es la instituci\u00f3n que recibir\u00e1 a Ra\u00fal Amar, comunic\u00f3 lo siguiente: \u00ab<em>La clase 2021 Prospect puede jugar. Ra\u00fal tiene todas las herramientas para jugar en el siguiente nivel. El chileno juega en m\u00faltiples posiciones en la cancha. Ra\u00fal le dar\u00e1 a Miami Prep mucho poder de rotaci\u00f3n. Felicidades Ra\u00fal, bienvenido a nuestra familia del baloncesto de Miami Prep<\/em>\u00bb.<\/p>\n<p style=\"text-align: justify;\">\n<figure id=\"attachment_99224\" aria-describedby=\"caption-attachment-99224\" style=\"width: 580px\" class=\"wp-caption alignnone\"><img data-recalc-dims=\"1\" loading=\"lazy\" decoding=\"async\" class=\"size-full wp-image-99224\" src=\"https:\/\/i0.wp.com\/eltrabajo.cl\/portal\/wp-content\/uploads\/2020\/05\/raul-amar.jpg?resize=580%2C358&#038;ssl=1\" alt=\"El joven basquetbolista sanfelipe\u00f1o Ra\u00fcl Amar jugar\u00e1 ahora en el b\u00e1squetbol norteamericano. \" width=\"580\" height=\"358\" srcset=\"https:\/\/i0.wp.com\/eltrabajo.cl\/portal\/wp-content\/uploads\/2020\/05\/raul-amar.jpg?w=580&amp;ssl=1 580w, https:\/\/i0.wp.com\/eltrabajo.cl\/portal\/wp-content\/uploads\/2020\/05\/raul-amar.jpg?resize=300%2C185&amp;ssl=1 300w, https:\/\/i0.wp.com\/eltrabajo.cl\/portal\/wp-content\/uploads\/2020\/05\/raul-amar.jpg?resize=200%2C123&amp;ssl=1 200w, https:\/\/i0.wp.com\/eltrabajo.cl\/portal\/wp-content\/uploads\/2020\/05\/raul-amar.jpg?resize=150%2C93&amp;ssl=1 150w\" sizes=\"auto, (max-width: 580px) 100vw, 580px\" \/><figcaption id=\"caption-attachment-99224\" class=\"wp-caption-text\">El joven basquetbolista sanfelipe\u00f1o Ra\u00fcl Amar jugar\u00e1 ahora en el b\u00e1squetbol norteamericano.<\/figcaption><\/figure>\n","protected":false},"excerpt":{"rendered":"<p>El joven basquetbolista sanfelipe\u00f1o Ra\u00fal Amar, partir\u00e1 en el futuro pr\u00f3ximo (agosto probablemente) con rumbo a Estados Unidos de Norteam\u00e9rica para seguir con su proceso de crecimiento deportivo y de paso dar&#8230;<\/p>\n","protected":false},"author":482,"featured_media":99224,"comment_status":"closed","ping_status":"closed","sticky":false,"template":"","format":"standard","meta":{"advanced_seo_description":"","jetpack_seo_html_title":"","jetpack_seo_noindex":false,"_jetpack_memberships_contains_paid_content":false,"footnotes":""},"categories":[19],"tags":[],"class_list":["post-99223","post","type-post","status-publish","format-standard","has-post-thumbnail","hentry","category-deportes"],"jetpack_featured_media_url":"https:\/\/i0.wp.com\/eltrabajo.cl\/portal\/wp-content\/uploads\/2020\/05\/raul-amar.jpg?fit=580%2C358&ssl=1","jetpack_sharing_enabled":true,"jetpack_likes_enabled":true,"jetpack-related-posts":[],"_links":{"self":[{"href":"https:\/\/eltrabajo.cl\/portal\/wp-json\/wp\/v2\/posts\/99223","targetHints":{"allow":["GET"]}}],"collection":[{"href":"https:\/\/eltrabajo.cl\/portal\/wp-json\/wp\/v2\/posts"}],"about":[{"href":"https:\/\/eltrabajo.cl\/portal\/wp-json\/wp\/v2\/types\/post"}],"author":[{"embeddable":true,"href":"https:\/\/eltrabajo.cl\/portal\/wp-json\/wp\/v2\/users\/482"}],"replies":[{"embeddable":true,"href":"https:\/\/eltrabajo.cl\/portal\/wp-json\/wp\/v2\/comments?post=99223"}],"version-history":[{"count":0,"href":"https:\/\/eltrabajo.cl\/portal\/wp-json\/wp\/v2\/posts\/99223\/revisions"}],"wp:featuredmedia":[{"embeddable":true,"href":"https:\/\/eltrabajo.cl\/portal\/wp-json\/wp\/v2\/media\/99224"}],"wp:attachment":[{"href":"https:\/\/eltrabajo.cl\/portal\/wp-json\/wp\/v2\/media?parent=99223"}],"wp:term":[{"taxonomy":"category","embeddable":true,"href":"https:\/\/eltrabajo.cl\/portal\/wp-json\/wp\/v2\/categories?post=99223"},{"taxonomy":"post_tag","embeddable":true,"href":"https:\/\/eltrabajo.cl\/portal\/wp-json\/wp\/v2\/tags?post=99223"}],"curies":[{"name":"wp","href":"https:\/\/api.w.org\/{rel}","templated":true}]}}