{"id":99231,"date":"2020-06-01T08:00:32","date_gmt":"2020-06-01T12:00:32","guid":{"rendered":"https:\/\/www.eltrabajo.cl\/portal\/?p=99231"},"modified":"2020-05-31T21:07:04","modified_gmt":"2020-06-01T01:07:04","slug":"lo-pillan-en-su-casa-con-10-millones-en-especies-robadas-desde-un-colegio","status":"publish","type":"post","link":"https:\/\/eltrabajo.cl\/portal\/lo-pillan-en-su-casa-con-10-millones-en-especies-robadas-desde-un-colegio\/","title":{"rendered":"Lo pillan en su casa con $10 millones en especies robadas desde un colegio"},"content":{"rendered":"<p style=\"text-align: justify;\">El d\u00eda jueves a eso de las cuatro y media de la tarde en un inmueble de Calle Luis Gajardo Guerrero, personal de Secci\u00f3n de Investigaci\u00f3n Policial de la Segunda Comisar\u00eda de Carabineros de San Felipe detuvo a una persona por el delito de Receptaci\u00f3n. La detenci\u00f3n se produjo cumpliendo una orden de investigar emanada desde la fiscal\u00eda local de esta ciudad. Donde se logr\u00f3 acreditar que en el poder del imputado se encontraron especies que fueron denunciadas como robadas desde un establecimiento educacional.<\/p>\n<p style=\"text-align: justify;\">Desde Carabineros se\u00f1alaron que durante el mes de abril ocurri\u00f3 un robo en lugar no habitado, en el Sunnyland School, ubicado camino a Putaendo en Callej\u00f3n Los Naranjos de esta comuna, consistente en herramientas de construcci\u00f3n como galleteros, taladros, compresor y soldadora entre otros accesorios avaluados en m\u00e1s de 15 millones de pesos, dando cuanta a la fiscal\u00eda local la dispuso en forma verbal que la S.I.P. de esta unidad se hiciera cargo de las primeras diligencias, por lo que el jueves a las 14:00 horas se posterior a diversas diligencias investigativas se estableci\u00f3 que un domicilio\u00a0ubicado\u00a0 en Calle Luis\u00a0 Gajardo Guerrero, se encontraban ocultas las especies producto del il\u00edcito, concurriendo personal de esta secci\u00f3n SIP, e ingresando al domicilio incautado gran parte de las especies evaluadas en m\u00e1s de 10 millones de pesos.<\/p>\n<p style=\"text-align: justify;\">Se dio cuenta al Fiscal de Turno, quien dispuso que el imputado pasara a primer control de detenci\u00f3n el d\u00eda viernes, donde fue formalizado por Receptaci\u00f3n, quedando en libertad teniendo que firmar cada quince d\u00edas, otorg\u00e1ndose un plazo de 15 d\u00edas para el cierre de la investigaci\u00f3n.<\/p>\n<p style=\"text-align: justify;\">El imputado fue identificado con las iniciales <strong>G.F.S.H.<\/strong> de 34 a\u00f1os de edad con antecedentes policiales por delitos similares. Entre las especies recuperadas hay m\u00e1quinas de soldar otras usadas en la mantenci\u00f3n de jardines etc.<\/p>\n<p style=\"text-align: justify;\">\n<figure id=\"attachment_99232\" aria-describedby=\"caption-attachment-99232\" style=\"width: 579px\" class=\"wp-caption alignnone\"><img data-recalc-dims=\"1\" loading=\"lazy\" decoding=\"async\" class=\"size-full wp-image-99232\" src=\"https:\/\/i0.wp.com\/eltrabajo.cl\/portal\/wp-content\/uploads\/2020\/05\/especies.jpg?resize=579%2C258&#038;ssl=1\" alt=\"Aqu\u00ed vemos varias de las herramientas que fueron robadas.\" width=\"579\" height=\"258\" srcset=\"https:\/\/i0.wp.com\/eltrabajo.cl\/portal\/wp-content\/uploads\/2020\/05\/especies.jpg?w=579&amp;ssl=1 579w, https:\/\/i0.wp.com\/eltrabajo.cl\/portal\/wp-content\/uploads\/2020\/05\/especies.jpg?resize=300%2C134&amp;ssl=1 300w, https:\/\/i0.wp.com\/eltrabajo.cl\/portal\/wp-content\/uploads\/2020\/05\/especies.jpg?resize=200%2C89&amp;ssl=1 200w, https:\/\/i0.wp.com\/eltrabajo.cl\/portal\/wp-content\/uploads\/2020\/05\/especies.jpg?resize=150%2C67&amp;ssl=1 150w\" sizes=\"auto, (max-width: 579px) 100vw, 579px\" \/><figcaption id=\"caption-attachment-99232\" class=\"wp-caption-text\">Aqu\u00ed vemos varias de las herramientas que fueron robadas.<\/figcaption><\/figure>\n<figure id=\"attachment_99233\" aria-describedby=\"caption-attachment-99233\" style=\"width: 580px\" class=\"wp-caption alignnone\"><img data-recalc-dims=\"1\" loading=\"lazy\" decoding=\"async\" class=\"size-full wp-image-99233\" src=\"https:\/\/i0.wp.com\/eltrabajo.cl\/portal\/wp-content\/uploads\/2020\/05\/imputado.jpg?resize=580%2C360&#038;ssl=1\" alt=\"El imputado siendo sacado desde la comisar\u00eda para ser llevado al Tribunal de Garant\u00eda de San Felipe.\" width=\"580\" height=\"360\" srcset=\"https:\/\/i0.wp.com\/eltrabajo.cl\/portal\/wp-content\/uploads\/2020\/05\/imputado.jpg?w=580&amp;ssl=1 580w, https:\/\/i0.wp.com\/eltrabajo.cl\/portal\/wp-content\/uploads\/2020\/05\/imputado.jpg?resize=300%2C186&amp;ssl=1 300w, https:\/\/i0.wp.com\/eltrabajo.cl\/portal\/wp-content\/uploads\/2020\/05\/imputado.jpg?resize=200%2C124&amp;ssl=1 200w, https:\/\/i0.wp.com\/eltrabajo.cl\/portal\/wp-content\/uploads\/2020\/05\/imputado.jpg?resize=150%2C93&amp;ssl=1 150w\" sizes=\"auto, (max-width: 580px) 100vw, 580px\" \/><figcaption id=\"caption-attachment-99233\" class=\"wp-caption-text\">El imputado siendo sacado desde la comisar\u00eda para ser llevado al Tribunal de Garant\u00eda de San Felipe.<\/figcaption><\/figure>\n","protected":false},"excerpt":{"rendered":"<p>El d\u00eda jueves a eso de las cuatro y media de la tarde en un inmueble de Calle Luis Gajardo Guerrero, personal de Secci\u00f3n de Investigaci\u00f3n Policial de la Segunda Comisar\u00eda de&#8230;<\/p>\n","protected":false},"author":482,"featured_media":99233,"comment_status":"closed","ping_status":"closed","sticky":false,"template":"","format":"standard","meta":{"advanced_seo_description":"","jetpack_seo_html_title":"","jetpack_seo_noindex":false,"_jetpack_memberships_contains_paid_content":false,"footnotes":""},"categories":[21],"tags":[],"class_list":["post-99231","post","type-post","status-publish","format-standard","has-post-thumbnail","hentry","category-policial"],"jetpack_featured_media_url":"https:\/\/i0.wp.com\/eltrabajo.cl\/portal\/wp-content\/uploads\/2020\/05\/imputado.jpg?fit=580%2C360&ssl=1","jetpack_sharing_enabled":true,"jetpack_likes_enabled":true,"jetpack-related-posts":[],"_links":{"self":[{"href":"https:\/\/eltrabajo.cl\/portal\/wp-json\/wp\/v2\/posts\/99231","targetHints":{"allow":["GET"]}}],"collection":[{"href":"https:\/\/eltrabajo.cl\/portal\/wp-json\/wp\/v2\/posts"}],"about":[{"href":"https:\/\/eltrabajo.cl\/portal\/wp-json\/wp\/v2\/types\/post"}],"author":[{"embeddable":true,"href":"https:\/\/eltrabajo.cl\/portal\/wp-json\/wp\/v2\/users\/482"}],"replies":[{"embeddable":true,"href":"https:\/\/eltrabajo.cl\/portal\/wp-json\/wp\/v2\/comments?post=99231"}],"version-history":[{"count":0,"href":"https:\/\/eltrabajo.cl\/portal\/wp-json\/wp\/v2\/posts\/99231\/revisions"}],"wp:featuredmedia":[{"embeddable":true,"href":"https:\/\/eltrabajo.cl\/portal\/wp-json\/wp\/v2\/media\/99233"}],"wp:attachment":[{"href":"https:\/\/eltrabajo.cl\/portal\/wp-json\/wp\/v2\/media?parent=99231"}],"wp:term":[{"taxonomy":"category","embeddable":true,"href":"https:\/\/eltrabajo.cl\/portal\/wp-json\/wp\/v2\/categories?post=99231"},{"taxonomy":"post_tag","embeddable":true,"href":"https:\/\/eltrabajo.cl\/portal\/wp-json\/wp\/v2\/tags?post=99231"}],"curies":[{"name":"wp","href":"https:\/\/api.w.org\/{rel}","templated":true}]}}