{"id":99237,"date":"2020-06-01T22:00:10","date_gmt":"2020-06-02T02:00:10","guid":{"rendered":"https:\/\/www.eltrabajo.cl\/portal\/?p=99237"},"modified":"2020-06-01T22:06:54","modified_gmt":"2020-06-02T02:06:54","slug":"internos-de-putaendo-se-encargan-de-sanitizar-recintos-penales-del-aconcagua","status":"publish","type":"post","link":"https:\/\/eltrabajo.cl\/portal\/internos-de-putaendo-se-encargan-de-sanitizar-recintos-penales-del-aconcagua\/","title":{"rendered":"Internos de Putaendo se encargan de sanitizar recintos penales del Aconcagua"},"content":{"rendered":"<p style=\"text-align: justify;\"><span style=\"color: #c81400;\"><strong>Usuarios fueron capacitados en el uso de equipos y dosificaci\u00f3n del amonio cuaternario:<\/strong><\/span><\/p>\n<p style=\"text-align: justify;\">Con la finalidad de proteger a la poblaci\u00f3n penal y funcionarios de Gendarmer\u00eda, un equipo de usuarios del Centro de Educaci\u00f3n y Trabajo (CET) de Putaendo, est\u00e1 recorriendo dos veces a la semana las unidades penales de las provincias de San Felipe, Los Andes y Petorca para sanitizarlas. Esta iniciativa se suma a la higienizaci\u00f3n que realizan los mismos reclusos de los recintos penitenciarios.<\/p>\n<p style=\"text-align: justify;\">La labor de higiene de los privados de libertad del CET incluye la totalidad de las dependencias de los recintos de Gendarmer\u00eda, tanto las destinadas para la poblaci\u00f3n penal como para los funcionarios, como tambi\u00e9n los espacios comunes.<\/p>\n<p style=\"text-align: justify;\">El jefe del Centro de Cumplimiento Penitenciario de San Felipe, mayor <strong>Brallan Silva<\/strong>, sostuvo que <em>\u00abeste proceso ha resultado muy bien. Nos da mayor seguridad desde el punto de vista de la salubridad y vienen a reforzar todas las medidas que se han tomado para prevenir el ingreso del Covid-19 a la unidad penal. Hacen toda la unidad, empezando por el sector administrativo, dependencias del personal y posteriormente pasan al interior del penal, donde pasan por todos los sectores\u00bb.<\/em><\/p>\n<p style=\"text-align: justify;\">El mayor Silva agreg\u00f3 que a las labores del CET se suman las que se efect\u00faan con reclusos de la misma unidad sanfelipe\u00f1a.<\/p>\n<p style=\"text-align: justify;\">\u00ab<em>Nosotros tenemos tres sanitizados diarios de parte de los mismos internos del penal. (Se realizan) en la ma\u00f1ana, alrededor de las nueve de la ma\u00f1ana, al mediod\u00eda y, posteriormente, en la tarde, como a las tres y media a cuatro de la tarde\u00bb,<\/em> detall\u00f3 el mayor Silva.<\/p>\n<p style=\"text-align: justify;\">Por su parte el encargado de sanitizaci\u00f3n del CET de Putaendo, cabo primero <strong>Rodrigo Bustos<\/strong>, destac\u00f3 que <em>\u00abcontamos con dos moto pulverizadores -que se ocupan para sanitizar los espacios grandes, como lo son los patios y canchas- y contamos con cuatro bombas de espaldas que las ocupamos para habitaciones\u00bb. <\/em><\/p>\n<p style=\"text-align: justify;\">El encargado agreg\u00f3 que se les realiz\u00f3 una capacitaci\u00f3n para el adecuado funcionamiento de los implementos de higienizaci\u00f3n y la dosificaci\u00f3n del amonio cuaternario. \u00c9sta se efectu\u00f3 cuando se trasladaron hasta el CET La P\u00f3lvora, en Valpara\u00edso, para la recepci\u00f3n de los equipos.<\/p>\n<p style=\"text-align: justify;\">A esta medida de higiene se suma que el servicio ha permitido que por medio de las encomiendas, la poblaci\u00f3n penal reciba alcohol gel y mascarillas. Adem\u00e1s, Gendarmer\u00eda ha entregado jab\u00f3n, cloro y otros \u00fatiles de aseo a los reclusos. En cuanto a los barbijos, en distintas unidades se contin\u00faan fabricando para los privados de libertad y personal de Gendarmer\u00eda.<\/p>\n<figure id=\"attachment_99238\" aria-describedby=\"caption-attachment-99238\" style=\"width: 580px\" class=\"wp-caption alignnone\"><img data-recalc-dims=\"1\" loading=\"lazy\" decoding=\"async\" class=\"size-full wp-image-99238\" src=\"https:\/\/i0.wp.com\/eltrabajo.cl\/portal\/wp-content\/uploads\/2020\/06\/SANITIZACI%C3%93N-SAN-FELIPE-2.jpg?resize=580%2C360&#038;ssl=1\" alt=\"La sanitizaci\u00f3n se realiza en toda la unidad, empezando por el sector administrativo, dependencias del personal y posteriormente ingresan al penal donde pasan por todos los sectores.\" width=\"580\" height=\"360\" srcset=\"https:\/\/i0.wp.com\/eltrabajo.cl\/portal\/wp-content\/uploads\/2020\/06\/SANITIZACI%C3%93N-SAN-FELIPE-2.jpg?w=580&amp;ssl=1 580w, https:\/\/i0.wp.com\/eltrabajo.cl\/portal\/wp-content\/uploads\/2020\/06\/SANITIZACI%C3%93N-SAN-FELIPE-2.jpg?resize=300%2C186&amp;ssl=1 300w, https:\/\/i0.wp.com\/eltrabajo.cl\/portal\/wp-content\/uploads\/2020\/06\/SANITIZACI%C3%93N-SAN-FELIPE-2.jpg?resize=200%2C124&amp;ssl=1 200w, https:\/\/i0.wp.com\/eltrabajo.cl\/portal\/wp-content\/uploads\/2020\/06\/SANITIZACI%C3%93N-SAN-FELIPE-2.jpg?resize=150%2C93&amp;ssl=1 150w\" sizes=\"auto, (max-width: 580px) 100vw, 580px\" \/><figcaption id=\"caption-attachment-99238\" class=\"wp-caption-text\">La sanitizaci\u00f3n se realiza en toda la unidad, empezando por el sector administrativo, dependencias del personal y posteriormente ingresan al penal donde pasan por todos los sectores.<\/figcaption><\/figure>\n<figure id=\"attachment_99240\" aria-describedby=\"caption-attachment-99240\" style=\"width: 580px\" class=\"wp-caption alignnone\"><img data-recalc-dims=\"1\" loading=\"lazy\" decoding=\"async\" class=\"size-full wp-image-99240\" src=\"https:\/\/i0.wp.com\/eltrabajo.cl\/portal\/wp-content\/uploads\/2020\/06\/SANITIZACI%C3%93N-LOS-ANDES-2.jpg?resize=580%2C359&#038;ssl=1\" alt=\"Los penales de Los Andes (foto) y Petorca tambi\u00e9n forman parte del circuito de sanitizaci\u00f3n que realizan internos del CET Putaendo.\" width=\"580\" height=\"359\" srcset=\"https:\/\/i0.wp.com\/eltrabajo.cl\/portal\/wp-content\/uploads\/2020\/06\/SANITIZACI%C3%93N-LOS-ANDES-2.jpg?w=580&amp;ssl=1 580w, https:\/\/i0.wp.com\/eltrabajo.cl\/portal\/wp-content\/uploads\/2020\/06\/SANITIZACI%C3%93N-LOS-ANDES-2.jpg?resize=300%2C186&amp;ssl=1 300w, https:\/\/i0.wp.com\/eltrabajo.cl\/portal\/wp-content\/uploads\/2020\/06\/SANITIZACI%C3%93N-LOS-ANDES-2.jpg?resize=200%2C124&amp;ssl=1 200w, https:\/\/i0.wp.com\/eltrabajo.cl\/portal\/wp-content\/uploads\/2020\/06\/SANITIZACI%C3%93N-LOS-ANDES-2.jpg?resize=150%2C93&amp;ssl=1 150w\" sizes=\"auto, (max-width: 580px) 100vw, 580px\" \/><figcaption id=\"caption-attachment-99240\" class=\"wp-caption-text\">Los penales de Los Andes (foto) y Petorca tambi\u00e9n forman parte del circuito de sanitizaci\u00f3n que realizan internos del CET Putaendo.<\/figcaption><\/figure>\n<figure id=\"attachment_99241\" aria-describedby=\"caption-attachment-99241\" style=\"width: 580px\" class=\"wp-caption alignnone\"><img data-recalc-dims=\"1\" loading=\"lazy\" decoding=\"async\" class=\"size-full wp-image-99241\" src=\"https:\/\/i0.wp.com\/eltrabajo.cl\/portal\/wp-content\/uploads\/2020\/06\/SANITIZACI%C3%93N-SAN-FELIPE-1.jpg?resize=580%2C360&#038;ssl=1\" alt=\"Los dormitorios de los reclusos tambi\u00e9n son sanitizados, tanto por internos del CET de Putaendo como por los mismos usuarios de cada penal.\" width=\"580\" height=\"360\" srcset=\"https:\/\/i0.wp.com\/eltrabajo.cl\/portal\/wp-content\/uploads\/2020\/06\/SANITIZACI%C3%93N-SAN-FELIPE-1.jpg?w=580&amp;ssl=1 580w, https:\/\/i0.wp.com\/eltrabajo.cl\/portal\/wp-content\/uploads\/2020\/06\/SANITIZACI%C3%93N-SAN-FELIPE-1.jpg?resize=300%2C186&amp;ssl=1 300w, https:\/\/i0.wp.com\/eltrabajo.cl\/portal\/wp-content\/uploads\/2020\/06\/SANITIZACI%C3%93N-SAN-FELIPE-1.jpg?resize=200%2C124&amp;ssl=1 200w, https:\/\/i0.wp.com\/eltrabajo.cl\/portal\/wp-content\/uploads\/2020\/06\/SANITIZACI%C3%93N-SAN-FELIPE-1.jpg?resize=150%2C93&amp;ssl=1 150w\" sizes=\"auto, (max-width: 580px) 100vw, 580px\" \/><figcaption id=\"caption-attachment-99241\" class=\"wp-caption-text\">Los dormitorios de los reclusos tambi\u00e9n son sanitizados, tanto por internos del CET de Putaendo como por los mismos usuarios de cada penal.<\/figcaption><\/figure>\n","protected":false},"excerpt":{"rendered":"<p>Usuarios fueron capacitados en el uso de equipos y dosificaci\u00f3n del amonio cuaternario: Con la finalidad de proteger a la poblaci\u00f3n penal y funcionarios de Gendarmer\u00eda, un equipo de usuarios del Centro&#8230;<\/p>\n","protected":false},"author":482,"featured_media":99241,"comment_status":"closed","ping_status":"closed","sticky":false,"template":"","format":"standard","meta":{"advanced_seo_description":"","jetpack_seo_html_title":"","jetpack_seo_noindex":false,"_jetpack_memberships_contains_paid_content":false,"footnotes":""},"categories":[103],"tags":[],"class_list":["post-99237","post","type-post","status-publish","format-standard","has-post-thumbnail","hentry","category-cronica-2"],"jetpack_featured_media_url":"https:\/\/i0.wp.com\/eltrabajo.cl\/portal\/wp-content\/uploads\/2020\/06\/SANITIZACI%C3%93N-SAN-FELIPE-1.jpg?fit=580%2C360&ssl=1","jetpack_sharing_enabled":true,"jetpack_likes_enabled":true,"jetpack-related-posts":[],"_links":{"self":[{"href":"https:\/\/eltrabajo.cl\/portal\/wp-json\/wp\/v2\/posts\/99237","targetHints":{"allow":["GET"]}}],"collection":[{"href":"https:\/\/eltrabajo.cl\/portal\/wp-json\/wp\/v2\/posts"}],"about":[{"href":"https:\/\/eltrabajo.cl\/portal\/wp-json\/wp\/v2\/types\/post"}],"author":[{"embeddable":true,"href":"https:\/\/eltrabajo.cl\/portal\/wp-json\/wp\/v2\/users\/482"}],"replies":[{"embeddable":true,"href":"https:\/\/eltrabajo.cl\/portal\/wp-json\/wp\/v2\/comments?post=99237"}],"version-history":[{"count":0,"href":"https:\/\/eltrabajo.cl\/portal\/wp-json\/wp\/v2\/posts\/99237\/revisions"}],"wp:featuredmedia":[{"embeddable":true,"href":"https:\/\/eltrabajo.cl\/portal\/wp-json\/wp\/v2\/media\/99241"}],"wp:attachment":[{"href":"https:\/\/eltrabajo.cl\/portal\/wp-json\/wp\/v2\/media?parent=99237"}],"wp:term":[{"taxonomy":"category","embeddable":true,"href":"https:\/\/eltrabajo.cl\/portal\/wp-json\/wp\/v2\/categories?post=99237"},{"taxonomy":"post_tag","embeddable":true,"href":"https:\/\/eltrabajo.cl\/portal\/wp-json\/wp\/v2\/tags?post=99237"}],"curies":[{"name":"wp","href":"https:\/\/api.w.org\/{rel}","templated":true}]}}