{"id":99243,"date":"2020-06-01T22:05:39","date_gmt":"2020-06-02T02:05:39","guid":{"rendered":"https:\/\/www.eltrabajo.cl\/portal\/?p=99243"},"modified":"2020-06-01T22:05:39","modified_gmt":"2020-06-02T02:05:39","slug":"ssa-iniciara-el-funcionamiento-de-la-primera-residencia-sanitaria-del-valle","status":"publish","type":"post","link":"https:\/\/eltrabajo.cl\/portal\/ssa-iniciara-el-funcionamiento-de-la-primera-residencia-sanitaria-del-valle\/","title":{"rendered":"SSA iniciar\u00e1 el funcionamiento de la primera residencia sanitaria del valle"},"content":{"rendered":"<p style=\"text-align: justify;\"><span style=\"color: #c81400;\"><strong>Servicio de Salud Aconcagua:<\/strong><\/span><\/p>\n<ul style=\"text-align: justify;\">\n<li><strong>El dispositivo permitir\u00e1 que personas confirmadas como casos positivos que no tengan en sus hogares las condiciones para realizar sus cuarentenas, cuenten con un lugar resguardado y con todas las condiciones para su asilamiento.<\/strong><\/li>\n<\/ul>\n<p style=\"text-align: justify;\">Tal como lo hab\u00edan anunciado las autoridades nacionales y regionales, la estrategia de residencias sanitarias tambi\u00e9n comenzar\u00e1 a aplicarse en Aconcagua, siendo la comuna de Rinconada la primera que acoger\u00e1 este sistema que busca que las personas cumplan su cuarentena de modo efectivo y en las mejores condiciones.<\/p>\n<p style=\"text-align: justify;\">En el Hotel Monasterio, ubicado en la Carretera General San Mart\u00edn, ser\u00e1n 25 las habitaciones que se dispondr\u00e1n para que personas que han sido confirmadas como casos positivos, pero que no tienen las condiciones para realizar una cuarentena que resguarde tanto su seguridad como la de toda la comunidad, puedan efectuarla bajo medidas sanitarias, de seguridad y de alimentaci\u00f3n.<\/p>\n<p style=\"text-align: justify;\">\u00ab<em>La verdad es que este es un avance muy importante para nosotros, porque nos permite que las personas de Aconcagua ya no tengan como \u00fanica opci\u00f3n el Hotel O\u2019Higgins, donde tuvimos que derivar a siete personas de nuestra jurisdicci\u00f3n. La residencia sanitaria no puede ser cualquier lugar, tiene que tener condiciones como habitaciones individuales con ba\u00f1o exclusivo, pisos lavables, personal para entregar la alimentaci\u00f3n y el aseo. Nosotros como Servicio de Salud adem\u00e1s contratamos el personal sanitario para su funcionamiento, el que ya est\u00e1 siendo entrevistado\u00bb,<\/em> manifest\u00f3 la subdirectora de Gesti\u00f3n Asistencial, doctora <strong>Iris Boisier<\/strong>.<\/p>\n<p style=\"text-align: justify;\">La autoridad manifest\u00f3 que si bien esta alternativa se le ofrece a las personas que no pueden cumplir con su cuarentena, tambi\u00e9n puede obligarse a quienes no cumplen con ellas y que son sorprendidos, ya sea por personal de salud como por fuerzas de orden y seguridad. <em>\u00abEsta estrategia apunta a disminuir el n\u00famero de contagios y a que se respeten las cuarentenas de forma efectiva, por lo que esta medida esperamos que tenga un impacto importante en el valle. Hicimos un catastro de hoteles, moteles y hostales y esperamos que luego estemos anunciando un segundo lugar donde se instalar\u00e1 una residencia. Apelamos a la colaboraci\u00f3n de los due\u00f1os de estos recintos para enfrentar esta pandemia y disminuir sus efectos en el valle.\u00bb,<\/em> agreg\u00f3 la doctora Boisier.<\/p>\n<p style=\"text-align: justify;\">Finalmente, se resalt\u00f3 que el acceso a estos recintos ser\u00e1 regulado por los equipos de salud y es totalmente gratuito, contando adem\u00e1s con personal destinado a la atenci\u00f3n y cuidado de quienes cumplan sus cuarentenas en estos dispositivos sanitarios que se han replicado en todo el pa\u00eds.<\/p>\n<p style=\"text-align: justify;\">\n<figure id=\"attachment_99244\" aria-describedby=\"caption-attachment-99244\" style=\"width: 580px\" class=\"wp-caption alignnone\"><img data-recalc-dims=\"1\" loading=\"lazy\" decoding=\"async\" class=\"size-full wp-image-99244\" src=\"https:\/\/i0.wp.com\/eltrabajo.cl\/portal\/wp-content\/uploads\/2020\/06\/residencia-sanitaria.jpg?resize=580%2C358&#038;ssl=1\" alt=\"La subdirectora de Gesti\u00f3n Asistencial del Servicio de Salud Aconcagua, doctora Iris Boisier, anunci\u00f3 el funcionamiento de la primera residencia sanitaria del valle, esperando poder contar con m\u00e1s recintos de este tipo para el valle. \" width=\"580\" height=\"358\" srcset=\"https:\/\/i0.wp.com\/eltrabajo.cl\/portal\/wp-content\/uploads\/2020\/06\/residencia-sanitaria.jpg?w=580&amp;ssl=1 580w, https:\/\/i0.wp.com\/eltrabajo.cl\/portal\/wp-content\/uploads\/2020\/06\/residencia-sanitaria.jpg?resize=300%2C185&amp;ssl=1 300w, https:\/\/i0.wp.com\/eltrabajo.cl\/portal\/wp-content\/uploads\/2020\/06\/residencia-sanitaria.jpg?resize=200%2C123&amp;ssl=1 200w, https:\/\/i0.wp.com\/eltrabajo.cl\/portal\/wp-content\/uploads\/2020\/06\/residencia-sanitaria.jpg?resize=150%2C93&amp;ssl=1 150w\" sizes=\"auto, (max-width: 580px) 100vw, 580px\" \/><figcaption id=\"caption-attachment-99244\" class=\"wp-caption-text\">La subdirectora de Gesti\u00f3n Asistencial del Servicio de Salud Aconcagua, doctora Iris Boisier, anunci\u00f3 el funcionamiento de la primera residencia sanitaria del valle, esperando poder contar con m\u00e1s recintos de este tipo para el valle.<\/figcaption><\/figure>\n","protected":false},"excerpt":{"rendered":"<p>Servicio de Salud Aconcagua: El dispositivo permitir\u00e1 que personas confirmadas como casos positivos que no tengan en sus hogares las condiciones para realizar sus cuarentenas, cuenten con un lugar resguardado y con&#8230;<\/p>\n","protected":false},"author":482,"featured_media":99244,"comment_status":"closed","ping_status":"closed","sticky":false,"template":"","format":"standard","meta":{"advanced_seo_description":"","jetpack_seo_html_title":"","jetpack_seo_noindex":false,"_jetpack_memberships_contains_paid_content":false,"footnotes":""},"categories":[103],"tags":[],"class_list":["post-99243","post","type-post","status-publish","format-standard","has-post-thumbnail","hentry","category-cronica-2"],"jetpack_featured_media_url":"https:\/\/i0.wp.com\/eltrabajo.cl\/portal\/wp-content\/uploads\/2020\/06\/residencia-sanitaria.jpg?fit=580%2C358&ssl=1","jetpack_sharing_enabled":true,"jetpack_likes_enabled":true,"jetpack-related-posts":[],"_links":{"self":[{"href":"https:\/\/eltrabajo.cl\/portal\/wp-json\/wp\/v2\/posts\/99243","targetHints":{"allow":["GET"]}}],"collection":[{"href":"https:\/\/eltrabajo.cl\/portal\/wp-json\/wp\/v2\/posts"}],"about":[{"href":"https:\/\/eltrabajo.cl\/portal\/wp-json\/wp\/v2\/types\/post"}],"author":[{"embeddable":true,"href":"https:\/\/eltrabajo.cl\/portal\/wp-json\/wp\/v2\/users\/482"}],"replies":[{"embeddable":true,"href":"https:\/\/eltrabajo.cl\/portal\/wp-json\/wp\/v2\/comments?post=99243"}],"version-history":[{"count":0,"href":"https:\/\/eltrabajo.cl\/portal\/wp-json\/wp\/v2\/posts\/99243\/revisions"}],"wp:featuredmedia":[{"embeddable":true,"href":"https:\/\/eltrabajo.cl\/portal\/wp-json\/wp\/v2\/media\/99244"}],"wp:attachment":[{"href":"https:\/\/eltrabajo.cl\/portal\/wp-json\/wp\/v2\/media?parent=99243"}],"wp:term":[{"taxonomy":"category","embeddable":true,"href":"https:\/\/eltrabajo.cl\/portal\/wp-json\/wp\/v2\/categories?post=99243"},{"taxonomy":"post_tag","embeddable":true,"href":"https:\/\/eltrabajo.cl\/portal\/wp-json\/wp\/v2\/tags?post=99243"}],"curies":[{"name":"wp","href":"https:\/\/api.w.org\/{rel}","templated":true}]}}