{"id":99252,"date":"2020-06-02T07:30:20","date_gmt":"2020-06-02T11:30:20","guid":{"rendered":"https:\/\/www.eltrabajo.cl\/portal\/?p=99252"},"modified":"2020-06-01T22:11:35","modified_gmt":"2020-06-02T02:11:35","slug":"calido-homenaje-rindio-la-segunda-compania-a-su-bombero-insigne","status":"publish","type":"post","link":"https:\/\/eltrabajo.cl\/portal\/calido-homenaje-rindio-la-segunda-compania-a-su-bombero-insigne\/","title":{"rendered":"C\u00e1lido homenaje rindi\u00f3 la Segunda Compa\u00f1\u00eda a su Bombero Insigne"},"content":{"rendered":"<p style=\"text-align: justify;\"><span style=\"color: #c81400;\"><strong>As\u00ed agasajaron a Ismael Herrera Ben\u00edtez:<\/strong><\/span><\/p>\n<p style=\"text-align: justify;\">La semana pasada compartimos con nuestros lectores una amplia entrevista\u00a0 al Bombero Insigne de San Felipe con m\u00e1s a\u00f1os de servicio en el Cuerpo de Bomberos de nuestra provincia (77), e Hijo Ilustre de San Felipe, <strong><em>Ismael Gregorio Herrera Ben\u00edtez<\/em><\/strong>, quien cumpli\u00f3 tambi\u00e9n 98 a\u00f1os de edad, motivo que anim\u00f3 a la directiva de la Segunda a organizar un c\u00e1lido homenaje frente a su casa de habitaci\u00f3n ubicada en Poblaci\u00f3n 5 de Abril.<\/p>\n<p style=\"text-align: justify;\">Las c\u00e1maras de <strong>Diario El Trabajo<\/strong> estuvieron en el lugar cuando llegaron sus eternos aprendices de la Segunda Compa\u00f1\u00eda a cantarle su Feliz Cumplea\u00f1os, tambi\u00e9n encendieron las velas de la agradable torta. Tanto Marcelo Herrera Barrera, director Segunda Compa\u00f1\u00eda de Bomberos San Felipe y otros funcionarios bomberiles tuvieron palabras de agradecimiento para con Ismael Herrera en esa oportunidad. El casi centenario vecino dio las gracias y recalc\u00f3 su complacencia con el homenaje a \u00e9l rendido por su cumplea\u00f1os.<\/p>\n<p style=\"text-align: justify;\">\n<figure id=\"attachment_99253\" aria-describedby=\"caption-attachment-99253\" style=\"width: 580px\" class=\"wp-caption alignnone\"><img data-recalc-dims=\"1\" loading=\"lazy\" decoding=\"async\" class=\"size-full wp-image-99253\" src=\"https:\/\/i0.wp.com\/eltrabajo.cl\/portal\/wp-content\/uploads\/2020\/06\/Torta1.jpg?resize=580%2C360&#038;ssl=1\" alt=\"SIEMPRE EL RESPETO.- Con gran respeto y guardando las medidas sanitarias para evitar contagio alguno, las autoridades bomberiles homenajearon a nuestro Insigne Bombero sanfelipe\u00f1o Ismael Gregorio Herrera Ben\u00edtez por sus 98 a\u00f1os de edad.\" width=\"580\" height=\"360\" srcset=\"https:\/\/i0.wp.com\/eltrabajo.cl\/portal\/wp-content\/uploads\/2020\/06\/Torta1.jpg?w=580&amp;ssl=1 580w, https:\/\/i0.wp.com\/eltrabajo.cl\/portal\/wp-content\/uploads\/2020\/06\/Torta1.jpg?resize=300%2C186&amp;ssl=1 300w, https:\/\/i0.wp.com\/eltrabajo.cl\/portal\/wp-content\/uploads\/2020\/06\/Torta1.jpg?resize=200%2C124&amp;ssl=1 200w, https:\/\/i0.wp.com\/eltrabajo.cl\/portal\/wp-content\/uploads\/2020\/06\/Torta1.jpg?resize=150%2C93&amp;ssl=1 150w\" sizes=\"auto, (max-width: 580px) 100vw, 580px\" \/><figcaption id=\"caption-attachment-99253\" class=\"wp-caption-text\">SIEMPRE EL RESPETO.- Con gran respeto y guardando las medidas sanitarias para evitar contagio alguno, las autoridades bomberiles homenajearon a nuestro Insigne Bombero sanfelipe\u00f1o Ismael Gregorio Herrera Ben\u00edtez por sus 98 a\u00f1os de edad.<\/figcaption><\/figure>\n<figure id=\"attachment_99254\" aria-describedby=\"caption-attachment-99254\" style=\"width: 580px\" class=\"wp-caption alignnone\"><img data-recalc-dims=\"1\" loading=\"lazy\" decoding=\"async\" class=\"size-full wp-image-99254\" src=\"https:\/\/i0.wp.com\/eltrabajo.cl\/portal\/wp-content\/uploads\/2020\/06\/Torta2.jpg?resize=580%2C359&#038;ssl=1\" alt=\"SON 77 A\u00d1OS DE SERVICIO.- Aqu\u00ed tenemos al Roble de la Segunda, siempre supo ser leal a la Compa\u00f1\u00eda que le recibi\u00f3 el 22 de mayo de 1922.\" width=\"580\" height=\"359\" srcset=\"https:\/\/i0.wp.com\/eltrabajo.cl\/portal\/wp-content\/uploads\/2020\/06\/Torta2.jpg?w=580&amp;ssl=1 580w, https:\/\/i0.wp.com\/eltrabajo.cl\/portal\/wp-content\/uploads\/2020\/06\/Torta2.jpg?resize=300%2C186&amp;ssl=1 300w, https:\/\/i0.wp.com\/eltrabajo.cl\/portal\/wp-content\/uploads\/2020\/06\/Torta2.jpg?resize=200%2C124&amp;ssl=1 200w, https:\/\/i0.wp.com\/eltrabajo.cl\/portal\/wp-content\/uploads\/2020\/06\/Torta2.jpg?resize=150%2C93&amp;ssl=1 150w\" sizes=\"auto, (max-width: 580px) 100vw, 580px\" \/><figcaption id=\"caption-attachment-99254\" class=\"wp-caption-text\">SON 77 A\u00d1OS DE SERVICIO.- Aqu\u00ed tenemos al Roble de la Segunda, siempre supo ser leal a la Compa\u00f1\u00eda que le recibi\u00f3 el 22 de mayo de 1922.<\/figcaption><\/figure>\n<figure id=\"attachment_99255\" aria-describedby=\"caption-attachment-99255\" style=\"width: 580px\" class=\"wp-caption alignnone\"><img data-recalc-dims=\"1\" loading=\"lazy\" decoding=\"async\" class=\"size-full wp-image-99255\" src=\"https:\/\/i0.wp.com\/eltrabajo.cl\/portal\/wp-content\/uploads\/2020\/06\/Torta3.jpg?resize=580%2C359&#038;ssl=1\" alt=\"NADA MAL.- Esta es la rica torta que de seguro fue disfrutada por don Ismael en la intimidad de su hogar con sus familiares.\" width=\"580\" height=\"359\" srcset=\"https:\/\/i0.wp.com\/eltrabajo.cl\/portal\/wp-content\/uploads\/2020\/06\/Torta3.jpg?w=580&amp;ssl=1 580w, https:\/\/i0.wp.com\/eltrabajo.cl\/portal\/wp-content\/uploads\/2020\/06\/Torta3.jpg?resize=300%2C186&amp;ssl=1 300w, https:\/\/i0.wp.com\/eltrabajo.cl\/portal\/wp-content\/uploads\/2020\/06\/Torta3.jpg?resize=200%2C124&amp;ssl=1 200w, https:\/\/i0.wp.com\/eltrabajo.cl\/portal\/wp-content\/uploads\/2020\/06\/Torta3.jpg?resize=150%2C93&amp;ssl=1 150w\" sizes=\"auto, (max-width: 580px) 100vw, 580px\" \/><figcaption id=\"caption-attachment-99255\" class=\"wp-caption-text\">NADA MAL.- Esta es la rica torta que de seguro fue disfrutada por don Ismael en la intimidad de su hogar con sus familiares.<\/figcaption><\/figure>\n","protected":false},"excerpt":{"rendered":"<p>As\u00ed agasajaron a Ismael Herrera Ben\u00edtez: La semana pasada compartimos con nuestros lectores una amplia entrevista\u00a0 al Bombero Insigne de San Felipe con m\u00e1s a\u00f1os de servicio en el Cuerpo de Bomberos&#8230;<\/p>\n","protected":false},"author":482,"featured_media":99254,"comment_status":"closed","ping_status":"closed","sticky":false,"template":"","format":"standard","meta":{"advanced_seo_description":"","jetpack_seo_html_title":"","jetpack_seo_noindex":false,"_jetpack_memberships_contains_paid_content":false,"footnotes":""},"categories":[15],"tags":[],"class_list":["post-99252","post","type-post","status-publish","format-standard","has-post-thumbnail","hentry","category-comunidad"],"jetpack_featured_media_url":"https:\/\/i0.wp.com\/eltrabajo.cl\/portal\/wp-content\/uploads\/2020\/06\/Torta2.jpg?fit=580%2C359&ssl=1","jetpack_sharing_enabled":true,"jetpack_likes_enabled":true,"jetpack-related-posts":[],"_links":{"self":[{"href":"https:\/\/eltrabajo.cl\/portal\/wp-json\/wp\/v2\/posts\/99252","targetHints":{"allow":["GET"]}}],"collection":[{"href":"https:\/\/eltrabajo.cl\/portal\/wp-json\/wp\/v2\/posts"}],"about":[{"href":"https:\/\/eltrabajo.cl\/portal\/wp-json\/wp\/v2\/types\/post"}],"author":[{"embeddable":true,"href":"https:\/\/eltrabajo.cl\/portal\/wp-json\/wp\/v2\/users\/482"}],"replies":[{"embeddable":true,"href":"https:\/\/eltrabajo.cl\/portal\/wp-json\/wp\/v2\/comments?post=99252"}],"version-history":[{"count":0,"href":"https:\/\/eltrabajo.cl\/portal\/wp-json\/wp\/v2\/posts\/99252\/revisions"}],"wp:featuredmedia":[{"embeddable":true,"href":"https:\/\/eltrabajo.cl\/portal\/wp-json\/wp\/v2\/media\/99254"}],"wp:attachment":[{"href":"https:\/\/eltrabajo.cl\/portal\/wp-json\/wp\/v2\/media?parent=99252"}],"wp:term":[{"taxonomy":"category","embeddable":true,"href":"https:\/\/eltrabajo.cl\/portal\/wp-json\/wp\/v2\/categories?post=99252"},{"taxonomy":"post_tag","embeddable":true,"href":"https:\/\/eltrabajo.cl\/portal\/wp-json\/wp\/v2\/tags?post=99252"}],"curies":[{"name":"wp","href":"https:\/\/api.w.org\/{rel}","templated":true}]}}