{"id":99257,"date":"2020-06-02T07:40:48","date_gmt":"2020-06-02T11:40:48","guid":{"rendered":"https:\/\/www.eltrabajo.cl\/portal\/?p=99257"},"modified":"2020-06-01T22:14:04","modified_gmt":"2020-06-02T02:14:04","slug":"delincuente-roba-dos-millones-y-medio-de-pesos-en-especies-mas-180-mil-en-efectivo-de-centrica-tienda-de-ropa","status":"publish","type":"post","link":"https:\/\/eltrabajo.cl\/portal\/delincuente-roba-dos-millones-y-medio-de-pesos-en-especies-mas-180-mil-en-efectivo-de-centrica-tienda-de-ropa\/","title":{"rendered":"Delincuente roba dos millones y medio de pesos en especies m\u00e1s 180 mil en efectivo de c\u00e9ntrica tienda de ropa"},"content":{"rendered":"<p style=\"text-align: justify;\"><span style=\"color: #c81400;\"><strong>Pleno centro de San Felipe:<\/strong><\/span><\/p>\n<p style=\"text-align: justify;\">Un solitario delincuente rob\u00f3 aproximadamente dos millones y medio de pesos en ropa y ciento ochenta mil pesos en efectivo desde la tienda de jeans ubicada en calle Prat al llegar a Coimas, pleno centro de San Felipe. El sujeto tuvo tiempo hasta para cambiarse ropa porque al caer se la moj\u00f3.<\/p>\n<p style=\"text-align: justify;\">El propietario de la tienda, <strong>Juan Pablo Amar<\/strong>, indic\u00f3 a nuestro medio que este robo qued\u00f3 al descubierto el d\u00eda s\u00e1bado en la ma\u00f1ana, <em>\u00abal momento de abrir la encargada de la tienda se percata que hay prendas botadas en el suelo y diversas especies sustra\u00eddas por este antisocial\u00bb,<\/em> manifest\u00f3.<\/p>\n<p style=\"text-align: justify;\">&#8211; <strong>\u00bfC\u00f3mo logra entrar el sujeto a la tienda?<\/strong><\/p>\n<p style=\"text-align: justify;\">&#8211; S\u00ed, las c\u00e1maras lo identifican, cual \u00e9l baja por el techo, cae arriba del lavamanos rompi\u00e9ndolo, moj\u00e1ndose por completo con el agua y teniendo la entrada por la parte posterior, entrando a la sala de venta, sustrayendo especies, plata en efectivo y tambi\u00e9n cambi\u00e1ndose ropa en el mismo lugar. En el minuto \u00e9l alumbra con un encendedor para ver las especies y despu\u00e9s empieza a sustraer haciendo morrales con bolsas, sacos, sacando mercader\u00eda de la bodega que estaba en la parte posterior de la tienda y al mismo tiempo sacando de los colgadores donde estaba de exhibici\u00f3n la mercader\u00eda.<\/p>\n<p style=\"text-align: justify;\">Cabe destacar que el sujeto cae al patio de la propiedad y del patio pasa al ba\u00f1o por una muralla de material ligero que hay.<\/p>\n<p style=\"text-align: justify;\">&#8211; <strong>\u00bfHicieron el aval\u00fao?<\/strong><\/p>\n<p style=\"text-align: justify;\">&#8211; S\u00ed, el aval\u00fao se hizo a grandes rasgos el d\u00eda s\u00e1bado, se rob\u00f3 en efectivo 180 mil pesos, m\u00e1s 80 prendas aproximadamente.<\/p>\n<p style=\"text-align: justify;\">&#8211; <strong>\u00bfEn dinero cu\u00e1nto le significa en p\u00e9rdidas?<\/strong><\/p>\n<p style=\"text-align: justify;\">&#8211; Estamos hablando de casi dos millones quinientos mil pesos.<\/p>\n<p style=\"text-align: justify;\">&#8211; <strong>\u00bfPreocupante la situaci\u00f3n?, teniendo en cuenta que es en pleno centro de la ciudad.<\/strong><\/p>\n<p style=\"text-align: justify;\">&#8211; Preocupante, y a todo esto la hora de entrada de este tipo fue a las 02:13 minutos, estamos hablando que es toque de queda, entonces imag\u00ednese qu\u00e9 va a pasar. Uno ya asumi\u00f3 el robo y tom\u00f3 las medidas pertinentes para tener m\u00e1s seguridad en su local, pero hay muchos vecinos que est\u00e1n m\u00e1s retirados que yo del pleno centro\u2026 Yo estoy a pasos de la plaza, y los vecinos que est\u00e1n m\u00e1s alejados en calles m\u00e1s oscuras, \u00bfqu\u00e9 esperamos para ellos?.<\/p>\n<p style=\"text-align: justify;\">Coment\u00f3 que dentro de lo robado hay polerones, jeans, chaquetas, toda mercader\u00eda de avance de temporada, cuyo despacho hab\u00eda llegado hace un par de d\u00edas; <em>\u00abcomo hab\u00edamos estado atrasado con lo que es reposici\u00f3n de invierno, el despacho lleg\u00f3 ahora en estos d\u00edas para vender mercader\u00eda de la nueva temporada\u00bb,<\/em> dijo el propietario.<\/p>\n<p style=\"text-align: justify;\">&#8211; <strong>\u00bfC\u00f3mo se recupera de toda esta p\u00e9rdida?<\/strong><\/p>\n<p style=\"text-align: justify;\">&#8211; Con lo que est\u00e1 pasando, con lo que venimos viviendo ya desde hace tiempo con el levantamiento social y con esto de la pandemia, es dif\u00edcil, y hoy he cerrado dos locales en Los Andes y en Quillota por lo mismo. Ya esto del comercio cada vez est\u00e1 empeorando, uno se da cuenta de conocidos y empresarios del rubro no quieren ya continuar porque no hay una seguridad y tampoco se ve mejor\u00eda en la parte comercial de los locales.<\/p>\n<p style=\"text-align: justify;\">Al finalizar se quej\u00f3 por la poca vigilancia que existe en el sector central en horas de la noche. Ahora est\u00e1 a la espera de la respuesta que le pueda dar la empresa de alarmas que tiene contratada.<\/p>\n<p style=\"text-align: justify;\">\n<figure id=\"attachment_99258\" aria-describedby=\"caption-attachment-99258\" style=\"width: 580px\" class=\"wp-caption alignnone\"><img data-recalc-dims=\"1\" loading=\"lazy\" decoding=\"async\" class=\"size-full wp-image-99258\" src=\"https:\/\/i0.wp.com\/eltrabajo.cl\/portal\/wp-content\/uploads\/2020\/06\/Tienda.jpg?resize=580%2C359&#038;ssl=1\" alt=\"El frontis de la tienda robada este s\u00e1bado en la madrugada, ubicada en Prat casi esquina Coimas, a escasos metros de la Plaza de Armas.\" width=\"580\" height=\"359\" srcset=\"https:\/\/i0.wp.com\/eltrabajo.cl\/portal\/wp-content\/uploads\/2020\/06\/Tienda.jpg?w=580&amp;ssl=1 580w, https:\/\/i0.wp.com\/eltrabajo.cl\/portal\/wp-content\/uploads\/2020\/06\/Tienda.jpg?resize=300%2C186&amp;ssl=1 300w, https:\/\/i0.wp.com\/eltrabajo.cl\/portal\/wp-content\/uploads\/2020\/06\/Tienda.jpg?resize=200%2C124&amp;ssl=1 200w, https:\/\/i0.wp.com\/eltrabajo.cl\/portal\/wp-content\/uploads\/2020\/06\/Tienda.jpg?resize=150%2C93&amp;ssl=1 150w\" sizes=\"auto, (max-width: 580px) 100vw, 580px\" \/><figcaption id=\"caption-attachment-99258\" class=\"wp-caption-text\">El frontis de la tienda robada este s\u00e1bado en la madrugada, ubicada en Prat casi esquina Coimas, a escasos metros de la Plaza de Armas.<\/figcaption><\/figure>\n","protected":false},"excerpt":{"rendered":"<p>Pleno centro de San Felipe: Un solitario delincuente rob\u00f3 aproximadamente dos millones y medio de pesos en ropa y ciento ochenta mil pesos en efectivo desde la tienda de jeans ubicada en&#8230;<\/p>\n","protected":false},"author":482,"featured_media":99258,"comment_status":"closed","ping_status":"closed","sticky":false,"template":"","format":"standard","meta":{"advanced_seo_description":"","jetpack_seo_html_title":"","jetpack_seo_noindex":false,"_jetpack_memberships_contains_paid_content":false,"footnotes":""},"categories":[21],"tags":[],"class_list":["post-99257","post","type-post","status-publish","format-standard","has-post-thumbnail","hentry","category-policial"],"jetpack_featured_media_url":"https:\/\/i0.wp.com\/eltrabajo.cl\/portal\/wp-content\/uploads\/2020\/06\/Tienda.jpg?fit=580%2C359&ssl=1","jetpack_sharing_enabled":true,"jetpack_likes_enabled":true,"jetpack-related-posts":[],"_links":{"self":[{"href":"https:\/\/eltrabajo.cl\/portal\/wp-json\/wp\/v2\/posts\/99257","targetHints":{"allow":["GET"]}}],"collection":[{"href":"https:\/\/eltrabajo.cl\/portal\/wp-json\/wp\/v2\/posts"}],"about":[{"href":"https:\/\/eltrabajo.cl\/portal\/wp-json\/wp\/v2\/types\/post"}],"author":[{"embeddable":true,"href":"https:\/\/eltrabajo.cl\/portal\/wp-json\/wp\/v2\/users\/482"}],"replies":[{"embeddable":true,"href":"https:\/\/eltrabajo.cl\/portal\/wp-json\/wp\/v2\/comments?post=99257"}],"version-history":[{"count":0,"href":"https:\/\/eltrabajo.cl\/portal\/wp-json\/wp\/v2\/posts\/99257\/revisions"}],"wp:featuredmedia":[{"embeddable":true,"href":"https:\/\/eltrabajo.cl\/portal\/wp-json\/wp\/v2\/media\/99258"}],"wp:attachment":[{"href":"https:\/\/eltrabajo.cl\/portal\/wp-json\/wp\/v2\/media?parent=99257"}],"wp:term":[{"taxonomy":"category","embeddable":true,"href":"https:\/\/eltrabajo.cl\/portal\/wp-json\/wp\/v2\/categories?post=99257"},{"taxonomy":"post_tag","embeddable":true,"href":"https:\/\/eltrabajo.cl\/portal\/wp-json\/wp\/v2\/tags?post=99257"}],"curies":[{"name":"wp","href":"https:\/\/api.w.org\/{rel}","templated":true}]}}