{"id":99260,"date":"2020-06-02T07:50:18","date_gmt":"2020-06-02T11:50:18","guid":{"rendered":"https:\/\/www.eltrabajo.cl\/portal\/?p=99260"},"modified":"2020-06-01T22:16:59","modified_gmt":"2020-06-02T02:16:59","slug":"tras-meses-de-espera-transportistas-escolares-por-fin-podran-trabajar","status":"publish","type":"post","link":"https:\/\/eltrabajo.cl\/portal\/tras-meses-de-espera-transportistas-escolares-por-fin-podran-trabajar\/","title":{"rendered":"Tras meses de espera transportistas escolares por fin podr\u00e1n trabajar"},"content":{"rendered":"<p style=\"text-align: justify;\"><span style=\"color: #c81400;\"><strong>Repartir\u00e1n miles de cajas de mercader\u00eda en toda la provincia:<\/strong><\/span><\/p>\n<p style=\"text-align: justify;\">Grande es el clamor que desde hace varios meses expresan los transportistas escolares tras quedarse sin trabajo a ra\u00edz de la suspensi\u00f3n de las clases presenciales a nivel de todo el Valle de Aconcagua y por ende tambi\u00e9n en la comuna de San Felipe, situaci\u00f3n que ahora es distinta al quedar ellos como los encargados del reparto en las seis comunas de la provincia de San Felipe.<\/p>\n<p style=\"text-align: justify;\">\n<p style=\"text-align: justify;\"><span style=\"color: #c81400;\"><strong>CIFRAS QUE HABLAN<\/strong><\/span><\/p>\n<p style=\"text-align: justify;\">Estas 3.690 cajas de mercader\u00eda -de las que ayer se recibieron 1.000- es una inversi\u00f3n directa del Gobierno Regional y s\u00f3lo representan la primera parte de tres tractos de un total de 12.000 millones de pesos. <strong>Diario El Trabajo<\/strong> habl\u00f3 con el consejero regional <strong>Iv\u00e1n reyes<\/strong>, quien coment\u00f3 que <em>\u00abpara nadie es un secreto que hoy d\u00eda hay mucha gente que lo est\u00e1 pasando mal, han perdido el trabajo; la pandemia nos ha complejizado bastante, sumado tambi\u00e9n con la sequ\u00eda en el Valle de Aconcagua. Relacionado con esta situaci\u00f3n es que el gobierno regional destin\u00f3 $4.000 millones para la compra de 85.000 cajas de mercader\u00eda que ya est\u00e1n siendo entregadas en toda la V Regi\u00f3n. Esta mercader\u00eda, de acuerdo a lo que nosotros propusimos al Ejecutivo, ser\u00e1 distribuidas a trav\u00e9s de quienes laboran en el transporte escolar; esto porque est\u00e1bamos buscando la f\u00f3rmula de poder ayudar a los transportistas escolares que tambi\u00e9n lo est\u00e1n pasando mal, por lo tanto ellos van a prestar un servicio de transporte de la distribuci\u00f3n de estas cajas que se har\u00e1 a trav\u00e9s de los 38 municipios de nuestra Regi\u00f3n<\/em> (incluidos Isla de Pascua y Juan Fern\u00e1ndez).<\/p>\n<p style=\"text-align: justify;\">&#8211; <strong>\u00bfEste es el total de todo el aporte que har\u00e1n como gobierno regional?<\/strong><\/p>\n<p style=\"text-align: justify;\">&#8211; A ver, nosotros hicimos esta compra inicial de estas 85.000 y vamos a evaluar los resultados, porque la idea es entregar $12.000 millones para aumentar esta entrega de cajas. Esta es una primera etapa, nosotros esperamos entregar junio, julio, agosto y septiembre. Cada caja tiene un valor de $35.000 cada una, es b\u00e1sica y no me cabe la menor duda de que ser\u00e1 de buena ayuda a quienes las reciban.<\/p>\n<p style=\"text-align: justify;\">&#8211; <strong>\u00bfVienen otras ayudas para los chilenos?<\/strong><\/p>\n<p style=\"text-align: justify;\">&#8211; Sumadas a las que est\u00e1 entregando el Gobierno, est\u00e1n las que entregar\u00e1 la C\u00e1mara Regional de Comercio y las que est\u00e1 entregando la Junaeb, creo que se podr\u00e1 ayudar a pasar esta crisis familiar.<\/p>\n<p style=\"text-align: justify;\">\n<p style=\"text-align: justify;\"><span style=\"color: #c81400;\"><strong>\u00abNO ES UN REGALO\u00bb<\/strong><\/span><\/p>\n<p style=\"text-align: justify;\">\u00bfPero qu\u00e9 opinan los transportistas escolares con esta oportunidad laboral que ahora tienen? <strong>Diario El Trabajo<\/strong> habl\u00f3 ayer con <strong>Beatriz Moreno Chapa<\/strong>, presidenta de la Asociaci\u00f3n Gremial de Transporte Escolar Aconcagua (Ateac), quien nos convers\u00f3 sobre las situaciones que est\u00e1n viviendo algunos de los agremiados.<\/p>\n<p style=\"text-align: justify;\">&#8211; <strong>\u00bfQu\u00e9 le parece esta respuesta del gobierno regional ahora que tienen la oportunidad de brindar este servicio remunerado de transporte?<\/strong><\/p>\n<p style=\"text-align: justify;\">&#8211; Nosotros esto lo vemos como una ayuda pues al contrario nosotros no calz\u00e1bamos en ninguno de los bonos que el Gobierno da, entonces nosotros igual encontramos que esto es un tipo de ayuda que estamos recibiendo, lo que agradecemos tambi\u00e9n por haber confiado en nosotros como transportistas escolares para el reparto de las cajas con mercader\u00eda.<\/p>\n<p style=\"text-align: justify;\">&#8211; <strong>\u00bfSe sienten dignos con esta ayuda entonces?, no es un regalo<\/strong><\/p>\n<p style=\"text-align: justify;\">&#8211; Esta es una prestaci\u00f3n de servicios y no lo vemos como un regalo. El servicio que nosotros prestaremos es pagado, y estaremos repartiendo las cajas de mercader\u00eda y se nos pagar\u00e1 por ese servicio.<\/p>\n<p style=\"text-align: justify;\">&#8211; <strong>\u00bfC\u00f3mo se desarrollar\u00e1n estas jornadas de reparto de cajas?<\/strong><\/p>\n<p style=\"text-align: justify;\">&#8211; Para poder ser incluidos en este trabajo tenemos cada uno que estar inscritos en el Ministerio de Transportes, tenemos una cartola y esa cartola indica d\u00f3nde es que prestamos nuestros servicios, o sea que los que pertenecemos a San Felipe tenemos que repartir en esta comuna, y as\u00ed los de Putaendo, Panquehue, etc. Aunque el centro de acopio parece que es ac\u00e1 en San Felipe, entiendo que son 3.690 cajas en esta etapa. En total somos como 80 minibuses los de la provincia de San Felipe, o sea en las seis comunas, y si hay transportistas con dos o m\u00e1s furgones, s\u00f3lo podr\u00e1n trabajar con uno de esos.<\/p>\n<p style=\"text-align: justify;\">&#8211; <strong>\u00bfYa est\u00e1n todos inscritos en gobernaci\u00f3n?<\/strong><\/p>\n<p style=\"text-align: justify;\">&#8211; Tenemos que tener la cartola al d\u00eda y estar inscritos en gobernaci\u00f3n, el correo con los requisitos nos lleg\u00f3 hasta hoy d\u00eda (ayer) para quedar inscritos.<\/p>\n<p style=\"text-align: justify;\">&#8211; <strong>El municipio entregar\u00e1 mercader\u00eda, \u00bfustedes tambi\u00e9n estar\u00e1n a cargo del trabajo de reparto?<\/strong><\/p>\n<p style=\"text-align: justify;\">&#8211; S\u00ed, nosotros estaremos encargados para realizar ese reparto en nuestra comuna, ya estamos coordinando esas jornadas de trabajo con el municipio.<\/p>\n<p style=\"text-align: justify;\">&#8211; <strong>\u00bfQu\u00e9 tan mal lo est\u00e1n pasando en los hogares de los transportistas?<\/strong><\/p>\n<p style=\"text-align: justify;\">&#8211; Muy mal. Primero que no hay pagos de cuotas de nuestros veh\u00edculos. La mayor\u00eda de nosotros no tenemos los insumos b\u00e1sicos de la casa, no hay comida, aunque igualmente el municipio nos ha ayudado harto, tambi\u00e9n todos los d\u00edas nos llaman de las financieras para que paguemos las cuotas de nuestros autos, nosotros tenemos la intenci\u00f3n de pagar, pero siempre y cuando tengamos trabajo.<\/p>\n<p style=\"text-align: justify;\">&#8211; <strong>\u00bfHay alg\u00fan tipo de atropellos o amenazas por parte de estas financieras como presi\u00f3n para que ustedes paguen sus cuotas?<\/strong><\/p>\n<p style=\"text-align: justify;\">&#8211; S\u00ed, s\u00ed, hay colegas que se han endeudado para pagar esas cuotas, pero igual es endeudarse m\u00e1s, muchos estamos saliendo adelante con lo que sea por lo tanto este trabajo que haremos es algo que nos llega de manera oportuna.<\/p>\n<p style=\"text-align: justify;\"><strong>Roberto Gonz\u00e1lez Short<\/strong><\/p>\n<p style=\"text-align: justify;\">\n<figure id=\"attachment_99264\" aria-describedby=\"caption-attachment-99264\" style=\"width: 580px\" class=\"wp-caption alignnone\"><img data-recalc-dims=\"1\" loading=\"lazy\" decoding=\"async\" class=\"size-full wp-image-99264\" src=\"https:\/\/i0.wp.com\/eltrabajo.cl\/portal\/wp-content\/uploads\/2020\/06\/Transportistas1.jpg?resize=580%2C359&#038;ssl=1\" alt=\"BENDITO TRABAJO.- Ellos son parte de la Asociaci\u00f3n Gremial de Transporte Escolar Aconcagua (Ateac), quienes tendr\u00e1n ahora un respiro para salir adelante y llevar alimento a sus hogares.\" width=\"580\" height=\"359\" srcset=\"https:\/\/i0.wp.com\/eltrabajo.cl\/portal\/wp-content\/uploads\/2020\/06\/Transportistas1.jpg?w=580&amp;ssl=1 580w, https:\/\/i0.wp.com\/eltrabajo.cl\/portal\/wp-content\/uploads\/2020\/06\/Transportistas1.jpg?resize=300%2C186&amp;ssl=1 300w, https:\/\/i0.wp.com\/eltrabajo.cl\/portal\/wp-content\/uploads\/2020\/06\/Transportistas1.jpg?resize=200%2C124&amp;ssl=1 200w, https:\/\/i0.wp.com\/eltrabajo.cl\/portal\/wp-content\/uploads\/2020\/06\/Transportistas1.jpg?resize=150%2C93&amp;ssl=1 150w\" sizes=\"auto, (max-width: 580px) 100vw, 580px\" \/><figcaption id=\"caption-attachment-99264\" class=\"wp-caption-text\">BENDITO TRABAJO.- Ellos son parte de la Asociaci\u00f3n Gremial de Transporte Escolar Aconcagua (Ateac), quienes tendr\u00e1n ahora un respiro para salir adelante y llevar alimento a sus hogares.<\/figcaption><\/figure>\n<figure id=\"attachment_99261\" aria-describedby=\"caption-attachment-99261\" style=\"width: 580px\" class=\"wp-caption alignnone\"><img data-recalc-dims=\"1\" loading=\"lazy\" decoding=\"async\" class=\"size-full wp-image-99261\" src=\"https:\/\/i0.wp.com\/eltrabajo.cl\/portal\/wp-content\/uploads\/2020\/06\/Transportistas2.jpg?resize=580%2C359&#038;ssl=1\" alt=\"FLOTA AMARILLA.- Aproximadamente son como 80 minibuses los de la provincia de San Felipe, o sea, en las seis comunas, los que podr\u00e1n trabajar estos meses repartiendo mercader\u00eda.\" width=\"580\" height=\"359\" srcset=\"https:\/\/i0.wp.com\/eltrabajo.cl\/portal\/wp-content\/uploads\/2020\/06\/Transportistas2.jpg?w=580&amp;ssl=1 580w, https:\/\/i0.wp.com\/eltrabajo.cl\/portal\/wp-content\/uploads\/2020\/06\/Transportistas2.jpg?resize=300%2C186&amp;ssl=1 300w, https:\/\/i0.wp.com\/eltrabajo.cl\/portal\/wp-content\/uploads\/2020\/06\/Transportistas2.jpg?resize=200%2C124&amp;ssl=1 200w, https:\/\/i0.wp.com\/eltrabajo.cl\/portal\/wp-content\/uploads\/2020\/06\/Transportistas2.jpg?resize=150%2C93&amp;ssl=1 150w\" sizes=\"auto, (max-width: 580px) 100vw, 580px\" \/><figcaption id=\"caption-attachment-99261\" class=\"wp-caption-text\">FLOTA AMARILLA.- Aproximadamente son como 80 minibuses los de la provincia de San Felipe, o sea, en las seis comunas, los que podr\u00e1n trabajar estos meses repartiendo mercader\u00eda.<\/figcaption><\/figure>\n<figure id=\"attachment_99263\" aria-describedby=\"caption-attachment-99263\" style=\"width: 579px\" class=\"wp-caption alignnone\"><img data-recalc-dims=\"1\" loading=\"lazy\" decoding=\"async\" class=\"size-full wp-image-99263\" src=\"https:\/\/i0.wp.com\/eltrabajo.cl\/portal\/wp-content\/uploads\/2020\/06\/Transportistas_Ivan-Reyes.jpg?resize=579%2C600&#038;ssl=1\" alt=\"Iv\u00e1n Reyes, consejero regional por San Felipe.\" width=\"579\" height=\"600\" srcset=\"https:\/\/i0.wp.com\/eltrabajo.cl\/portal\/wp-content\/uploads\/2020\/06\/Transportistas_Ivan-Reyes.jpg?w=579&amp;ssl=1 579w, https:\/\/i0.wp.com\/eltrabajo.cl\/portal\/wp-content\/uploads\/2020\/06\/Transportistas_Ivan-Reyes.jpg?resize=290%2C300&amp;ssl=1 290w, https:\/\/i0.wp.com\/eltrabajo.cl\/portal\/wp-content\/uploads\/2020\/06\/Transportistas_Ivan-Reyes.jpg?resize=145%2C150&amp;ssl=1 145w\" sizes=\"auto, (max-width: 579px) 100vw, 579px\" \/><figcaption id=\"caption-attachment-99263\" class=\"wp-caption-text\">Iv\u00e1n Reyes, consejero regional por San Felipe.<\/figcaption><\/figure>\n<figure id=\"attachment_99262\" aria-describedby=\"caption-attachment-99262\" style=\"width: 579px\" class=\"wp-caption alignnone\"><img data-recalc-dims=\"1\" loading=\"lazy\" decoding=\"async\" class=\"size-full wp-image-99262\" src=\"https:\/\/i0.wp.com\/eltrabajo.cl\/portal\/wp-content\/uploads\/2020\/06\/Transportistas_Beatriz-Moreno-Chapa.jpg?resize=579%2C600&#038;ssl=1\" alt=\"Beatriz Moreno Chapa, presidenta de la Asociaci\u00f3n Gremial de Transporte Escolar Aconcagua (Ateac).\" width=\"579\" height=\"600\" srcset=\"https:\/\/i0.wp.com\/eltrabajo.cl\/portal\/wp-content\/uploads\/2020\/06\/Transportistas_Beatriz-Moreno-Chapa.jpg?w=579&amp;ssl=1 579w, https:\/\/i0.wp.com\/eltrabajo.cl\/portal\/wp-content\/uploads\/2020\/06\/Transportistas_Beatriz-Moreno-Chapa.jpg?resize=290%2C300&amp;ssl=1 290w, https:\/\/i0.wp.com\/eltrabajo.cl\/portal\/wp-content\/uploads\/2020\/06\/Transportistas_Beatriz-Moreno-Chapa.jpg?resize=145%2C150&amp;ssl=1 145w\" sizes=\"auto, (max-width: 579px) 100vw, 579px\" \/><figcaption id=\"caption-attachment-99262\" class=\"wp-caption-text\">Beatriz Moreno Chapa, presidenta de la Asociaci\u00f3n Gremial de Transporte Escolar Aconcagua (Ateac).<\/figcaption><\/figure>\n","protected":false},"excerpt":{"rendered":"<p>Repartir\u00e1n miles de cajas de mercader\u00eda en toda la provincia: Grande es el clamor que desde hace varios meses expresan los transportistas escolares tras quedarse sin trabajo a ra\u00edz de la suspensi\u00f3n&#8230;<\/p>\n","protected":false},"author":482,"featured_media":99264,"comment_status":"closed","ping_status":"closed","sticky":false,"template":"","format":"standard","meta":{"advanced_seo_description":"","jetpack_seo_html_title":"","jetpack_seo_noindex":false,"_jetpack_memberships_contains_paid_content":false,"footnotes":""},"categories":[15],"tags":[],"class_list":["post-99260","post","type-post","status-publish","format-standard","has-post-thumbnail","hentry","category-comunidad"],"jetpack_featured_media_url":"https:\/\/i0.wp.com\/eltrabajo.cl\/portal\/wp-content\/uploads\/2020\/06\/Transportistas1.jpg?fit=580%2C359&ssl=1","jetpack_sharing_enabled":true,"jetpack_likes_enabled":true,"jetpack-related-posts":[],"_links":{"self":[{"href":"https:\/\/eltrabajo.cl\/portal\/wp-json\/wp\/v2\/posts\/99260","targetHints":{"allow":["GET"]}}],"collection":[{"href":"https:\/\/eltrabajo.cl\/portal\/wp-json\/wp\/v2\/posts"}],"about":[{"href":"https:\/\/eltrabajo.cl\/portal\/wp-json\/wp\/v2\/types\/post"}],"author":[{"embeddable":true,"href":"https:\/\/eltrabajo.cl\/portal\/wp-json\/wp\/v2\/users\/482"}],"replies":[{"embeddable":true,"href":"https:\/\/eltrabajo.cl\/portal\/wp-json\/wp\/v2\/comments?post=99260"}],"version-history":[{"count":0,"href":"https:\/\/eltrabajo.cl\/portal\/wp-json\/wp\/v2\/posts\/99260\/revisions"}],"wp:featuredmedia":[{"embeddable":true,"href":"https:\/\/eltrabajo.cl\/portal\/wp-json\/wp\/v2\/media\/99264"}],"wp:attachment":[{"href":"https:\/\/eltrabajo.cl\/portal\/wp-json\/wp\/v2\/media?parent=99260"}],"wp:term":[{"taxonomy":"category","embeddable":true,"href":"https:\/\/eltrabajo.cl\/portal\/wp-json\/wp\/v2\/categories?post=99260"},{"taxonomy":"post_tag","embeddable":true,"href":"https:\/\/eltrabajo.cl\/portal\/wp-json\/wp\/v2\/tags?post=99260"}],"curies":[{"name":"wp","href":"https:\/\/api.w.org\/{rel}","templated":true}]}}