{"id":99266,"date":"2020-06-02T08:00:18","date_gmt":"2020-06-02T12:00:18","guid":{"rendered":"https:\/\/www.eltrabajo.cl\/portal\/?p=99266"},"modified":"2020-06-01T22:18:33","modified_gmt":"2020-06-02T02:18:33","slug":"esposa-de-conocido-empresario-agricola-fallece-al-incendiarse-vivienda","status":"publish","type":"post","link":"https:\/\/eltrabajo.cl\/portal\/esposa-de-conocido-empresario-agricola-fallece-al-incendiarse-vivienda\/","title":{"rendered":"Esposa de conocido empresario agr\u00edcola fallece al incendiarse vivienda"},"content":{"rendered":"<p style=\"text-align: justify;\">Una mujer de 75 a\u00f1os de edad identificada como <strong>Emilia In\u00e9s Ramelli Carret\u00f3n<\/strong>, esposa del empresario agr\u00edcola <strong>Jos\u00e9 Manuel C\u00e1rter<\/strong>, falleci\u00f3 al interior de su casa que se incendi\u00f3 pasado la una de la madrugada de este lunes 01 de junio. El inmueble siniestrado se encuentra ubicado en la plazoleta de Quebrada Herrera.<\/p>\n<p style=\"text-align: justify;\">\u00ab<em>Efectivamente en horas de la madrugada tuvimos que concurrir al sector de la plazoleta en Quebrada Herrera, producto de una alarma de incendio producido en una casa habitaci\u00f3n. A la llegada de las dos primeras unidades (Primera y Tercera compa\u00f1\u00edas), la verdad que el fuego estaba en su fase de libre combusti\u00f3n; fue imposible para los primeros bomberos que llegaron poder ingresar por la alta temperatura que hab\u00eda al interior de este inmueble, por tanto primero se baj\u00f3 la temperatura y luego se procedi\u00f3 a una b\u00fasqueda, dando cuenta del hallazgo de un cad\u00e1ver al interior del sitio siniestrado\u00bb,<\/em> se\u00f1al\u00f3 a radio FM Vida de Putaendo el segundo comandante del Cuerpo de Bomberos de Putaendo, <strong>Francisco Correa<\/strong>.<\/p>\n<p style=\"text-align: justify;\">El oficial agreg\u00f3 que el trabajo se prolong\u00f3 hasta las cinco de la madrugada aproximadamente: <em>\u00abTres compa\u00f1\u00edas, alrededor de cuarenta bomberos trabajamos en la emergencia, no tuvimos ning\u00fan problema como bomberos ni la maquinaria\u00bb,<\/em> indic\u00f3 Correa.<\/p>\n<p style=\"text-align: justify;\">Sobre las causas de este incendio que le cost\u00f3 la vida a la mujer de 75 a\u00f1os, el comandante Francisco Correa dijo que est\u00e1n siendo investigadas en este momento. <em>\u00abAdem\u00e1s de ellos se hizo presente la Polic\u00eda de Investigaciones y nuevamente, a eso de las diez de la ma\u00f1ana, se har\u00e1n presentes para realizar la investigaci\u00f3n con luz d\u00eda con efectivos procedentes de la ciudad de Valpara\u00edso y Santiago para en definitiva obtener la causa del siniestro\u00bb,<\/em> indic\u00f3.<\/p>\n<p style=\"text-align: justify;\">La propiedad pertenece al empresario agr\u00edcola Jos\u00e9 Manuel C\u00e1rter, quien result\u00f3 con algunas quemaduras al intentar rescatar a su esposa, dice el portal www.putaendoinforma.com.<\/p>\n<p style=\"text-align: justify;\">La mujer estaba en una de las habitaciones de la casa.<\/p>\n<p style=\"text-align: justify;\">\n<figure id=\"attachment_99267\" aria-describedby=\"caption-attachment-99267\" style=\"width: 580px\" class=\"wp-caption alignnone\"><img data-recalc-dims=\"1\" loading=\"lazy\" decoding=\"async\" class=\"size-full wp-image-99267\" src=\"https:\/\/i0.wp.com\/eltrabajo.cl\/portal\/wp-content\/uploads\/2020\/06\/Plazuela_PORTADA.jpg?resize=580%2C360&#038;ssl=1\" alt=\"Personal de Bomberos de Putaendo trabajando en combatir el fuego. (Foto putaendoinforma.com)\" width=\"580\" height=\"360\" srcset=\"https:\/\/i0.wp.com\/eltrabajo.cl\/portal\/wp-content\/uploads\/2020\/06\/Plazuela_PORTADA.jpg?w=580&amp;ssl=1 580w, https:\/\/i0.wp.com\/eltrabajo.cl\/portal\/wp-content\/uploads\/2020\/06\/Plazuela_PORTADA.jpg?resize=300%2C186&amp;ssl=1 300w, https:\/\/i0.wp.com\/eltrabajo.cl\/portal\/wp-content\/uploads\/2020\/06\/Plazuela_PORTADA.jpg?resize=200%2C124&amp;ssl=1 200w, https:\/\/i0.wp.com\/eltrabajo.cl\/portal\/wp-content\/uploads\/2020\/06\/Plazuela_PORTADA.jpg?resize=150%2C93&amp;ssl=1 150w\" sizes=\"auto, (max-width: 580px) 100vw, 580px\" \/><figcaption id=\"caption-attachment-99267\" class=\"wp-caption-text\">Personal de Bomberos de Putaendo trabajando en combatir el fuego. (Foto putaendoinforma.com)<\/figcaption><\/figure>\n","protected":false},"excerpt":{"rendered":"<p>Una mujer de 75 a\u00f1os de edad identificada como Emilia In\u00e9s Ramelli Carret\u00f3n, esposa del empresario agr\u00edcola Jos\u00e9 Manuel C\u00e1rter, falleci\u00f3 al interior de su casa que se incendi\u00f3 pasado la una&#8230;<\/p>\n","protected":false},"author":482,"featured_media":99267,"comment_status":"closed","ping_status":"closed","sticky":false,"template":"","format":"standard","meta":{"advanced_seo_description":"","jetpack_seo_html_title":"","jetpack_seo_noindex":false,"_jetpack_memberships_contains_paid_content":false,"footnotes":""},"categories":[21],"tags":[],"class_list":["post-99266","post","type-post","status-publish","format-standard","has-post-thumbnail","hentry","category-policial"],"jetpack_featured_media_url":"https:\/\/i0.wp.com\/eltrabajo.cl\/portal\/wp-content\/uploads\/2020\/06\/Plazuela_PORTADA.jpg?fit=580%2C360&ssl=1","jetpack_sharing_enabled":true,"jetpack_likes_enabled":true,"jetpack-related-posts":[],"_links":{"self":[{"href":"https:\/\/eltrabajo.cl\/portal\/wp-json\/wp\/v2\/posts\/99266","targetHints":{"allow":["GET"]}}],"collection":[{"href":"https:\/\/eltrabajo.cl\/portal\/wp-json\/wp\/v2\/posts"}],"about":[{"href":"https:\/\/eltrabajo.cl\/portal\/wp-json\/wp\/v2\/types\/post"}],"author":[{"embeddable":true,"href":"https:\/\/eltrabajo.cl\/portal\/wp-json\/wp\/v2\/users\/482"}],"replies":[{"embeddable":true,"href":"https:\/\/eltrabajo.cl\/portal\/wp-json\/wp\/v2\/comments?post=99266"}],"version-history":[{"count":0,"href":"https:\/\/eltrabajo.cl\/portal\/wp-json\/wp\/v2\/posts\/99266\/revisions"}],"wp:featuredmedia":[{"embeddable":true,"href":"https:\/\/eltrabajo.cl\/portal\/wp-json\/wp\/v2\/media\/99267"}],"wp:attachment":[{"href":"https:\/\/eltrabajo.cl\/portal\/wp-json\/wp\/v2\/media?parent=99266"}],"wp:term":[{"taxonomy":"category","embeddable":true,"href":"https:\/\/eltrabajo.cl\/portal\/wp-json\/wp\/v2\/categories?post=99266"},{"taxonomy":"post_tag","embeddable":true,"href":"https:\/\/eltrabajo.cl\/portal\/wp-json\/wp\/v2\/tags?post=99266"}],"curies":[{"name":"wp","href":"https:\/\/api.w.org\/{rel}","templated":true}]}}