{"id":99269,"date":"2020-06-02T22:00:09","date_gmt":"2020-06-03T02:00:09","guid":{"rendered":"https:\/\/www.eltrabajo.cl\/portal\/?p=99269"},"modified":"2020-06-02T20:14:30","modified_gmt":"2020-06-03T00:14:30","slug":"la-tia-rica-anuncio-mayor-alza-de-su-historia-en-el-avaluo-del-gramo-de-oro","status":"publish","type":"post","link":"https:\/\/eltrabajo.cl\/portal\/la-tia-rica-anuncio-mayor-alza-de-su-historia-en-el-avaluo-del-gramo-de-oro\/","title":{"rendered":"La \u2018T\u00eda Rica\u2019 anunci\u00f3 mayor alza de su historia en el aval\u00fao del gramo de oro"},"content":{"rendered":"<p style=\"text-align: justify;\">En semanas donde los efectos de la emergencia sanitaria por el Covid-19 han generado diversas dificultades a muchas familias de la regi\u00f3n y el pa\u00eds, la Direcci\u00f3n de Cr\u00e9dito Prendario (Dicrep), anunci\u00f3 el mayor aumento en la tasaci\u00f3n del gramo de oro en sus 100 a\u00f1os de historia, medida que se mantendr\u00e1 vigente hasta el pr\u00f3ximo 30 de junio.<\/p>\n<p style=\"text-align: justify;\">En concreto, este organismo conocido popularmente como la \u2018T\u00eda Rica\u2019 (y dependiente del Ministerio del Trabajo y Previsi\u00f3n Social) dispuso de un alza de $10.500 a $12.500 por cada gramo de oro de 18 quilates desde el pasado 22 de mayo, medida que se mantendr\u00e1 hasta fines de este mes de junio, lo que constituye una significativa alza de un 19% del total del aval\u00fao, beneficio que va en ayuda directa de aquellas personas que en la regi\u00f3n y el resto del pa\u00eds, utilizan esta tradicional y centenaria instituci\u00f3n del Estado como una forma de obtener un cr\u00e9dito de manera expedita.<\/p>\n<p style=\"text-align: justify;\">Al respecto, la Seremi del Trabajo y Previsi\u00f3n Social de la Regi\u00f3n de Valpara\u00edso, <strong>Mar\u00eda Violeta Silva<\/strong>, se\u00f1al\u00f3 que <em>\u00abesta es una de las tantas medidas que el Gobierno del Presidente Sebasti\u00e1n Pi\u00f1era est\u00e1 llevando adelante para que miles de familias de todo el pa\u00eds puedan enfrentar de mejor forma los efectos que la pandemia est\u00e1 generando. Si bien estamos avanzando a paso firme en importantes medidas, tales como garantizar la protecci\u00f3n de los empleos e ingresos dignos de miles de personas, es sumamente importante la puesta en marcha de este tipo de iniciativas que constituyen una ayuda inmediata, sobretodo por el profundo esp\u00edritu social que tiene la historia y labor que realiza este organismo, el cual permite la obtenci\u00f3n r\u00e1pida, oportuna y \u00e1gil de cr\u00e9ditos, a hombres y mujeres que a veces no tienen la oportunidad de tener acceso a otras instituciones financieras. Recordemos que en el caso de la T\u00eda Rica, s\u00f3lo basta presentar la c\u00e9dula de identidad vigente y la especie a empe\u00f1ar\u00bb.<\/em><\/p>\n<p style=\"text-align: justify;\">Por su parte el director regional de la Dicrep, <strong>Omar Fern\u00e1ndez<\/strong>, record\u00f3 que <em>\u00abesta alza en la tasaci\u00f3n por gramo de oro se realiza manteniendo inalterables las condiciones de los cr\u00e9ditos que entregamos a nuestros usuarios, tales como la tasa de inter\u00e9s mensual de un 2,5% y el plazo de 6 meses con posibilidad de renovaci\u00f3n por la misma cantidad de tiempo. Adem\u00e1s, debemos ser enf\u00e1ticos en desmentir la informaci\u00f3n que ha circulado en redes sociales, que se\u00f1ala que aquellas prendas que ya se encuentran en poder de nuestra instituci\u00f3n, sean objeto de apropiaci\u00f3n por parte del Estado. Queremos aclarar esto, y reafirmar que en un sentido absolutamente opuesto a esta noticia falsa, nuestra instituci\u00f3n trabaja permanentemente en buscar formas de mejorar sus cr\u00e9ditos y el acceso a ellos, de tal manera que m\u00e1s personas puedan ser sus beneficiarios en estos meses dif\u00edciles\u00bb.<\/em><\/p>\n<p style=\"text-align: justify;\">En nuestra regi\u00f3n, la \u2018T\u00eda Rica\u2019 posee cinco unidades de cr\u00e9dito, las cuales atienden p\u00fablico de 9:00 a 14:00 horas de lunes a viernes, tomando todos los resguardos sanitarios preventivos\u00a0 tanto para los usuarios que llegan a estas oficinas como para sus propios funcionarios. Estas unidades son: Valpara\u00edso-Vi\u00f1a del Mar, ubicada en 12 de febrero N\u00ba 144 en Valpara\u00edso; Quilpu\u00e9, ubicada en Freire N\u00ba 1284; Quillota, ubicada en O\u00b4Higgins N\u00ba 77, y los Andes, ubicada en Manuel Rodr\u00edguez N\u00ba 486.<\/p>\n<p style=\"text-align: justify;\">\n<p style=\"text-align: justify;\"><strong><span style=\"color: #c81400;\">ALGO DE HISTORIA<\/span> <\/strong><\/p>\n<p style=\"text-align: justify;\">Creada hace ya 100 a\u00f1os, bajo el gobierno del Presidente Juan Luis Sanfuentes un 14 de febrero de 1920 y con el nombre de \u2018Caja de Cr\u00e9dito Popular\u2019, fueron los propios usuarios de este organismo quienes, al poco tiempo, masificaron el simp\u00e1tico apodo de \u2018T\u00eda Rica\u2019. Habitualmente, muchos de quienes recurr\u00edan a esta instituci\u00f3n, se\u00f1alaban que hab\u00edan conseguido el dinero por un pr\u00e9stamo o herencia de un lejano pariente de grandes recursos. Generalmente, cuenta la historia, las personas hablaban de una \u2018T\u00eda rica\u2019 y generosa, que ayudaba a resolver los problemas econ\u00f3micos de sus sobrinos. Hasta el d\u00eda de hoy, este nombre se mantiene.<\/p>\n<p style=\"text-align: justify;\">\n<figure id=\"attachment_99270\" aria-describedby=\"caption-attachment-99270\" style=\"width: 580px\" class=\"wp-caption alignnone\"><img data-recalc-dims=\"1\" loading=\"lazy\" decoding=\"async\" class=\"size-full wp-image-99270\" src=\"https:\/\/i0.wp.com\/eltrabajo.cl\/portal\/wp-content\/uploads\/2020\/06\/tia-rica.jpg?resize=580%2C358&#038;ssl=1\" alt=\"La \u2018T\u00eda Rica\u2019 atiende p\u00fablico de 9:00 a 14:00 horas, de lunes a viernes, tomando todos los resguardos sanitarios preventivos  tanto para usuarios como funcionarios.\" width=\"580\" height=\"358\" srcset=\"https:\/\/i0.wp.com\/eltrabajo.cl\/portal\/wp-content\/uploads\/2020\/06\/tia-rica.jpg?w=580&amp;ssl=1 580w, https:\/\/i0.wp.com\/eltrabajo.cl\/portal\/wp-content\/uploads\/2020\/06\/tia-rica.jpg?resize=300%2C185&amp;ssl=1 300w, https:\/\/i0.wp.com\/eltrabajo.cl\/portal\/wp-content\/uploads\/2020\/06\/tia-rica.jpg?resize=200%2C123&amp;ssl=1 200w, https:\/\/i0.wp.com\/eltrabajo.cl\/portal\/wp-content\/uploads\/2020\/06\/tia-rica.jpg?resize=150%2C93&amp;ssl=1 150w\" sizes=\"auto, (max-width: 580px) 100vw, 580px\" \/><figcaption id=\"caption-attachment-99270\" class=\"wp-caption-text\">La \u2018T\u00eda Rica\u2019 atiende p\u00fablico de 9:00 a 14:00 horas, de lunes a viernes, tomando todos los resguardos sanitarios preventivos tanto para usuarios como funcionarios.<\/figcaption><\/figure>\n","protected":false},"excerpt":{"rendered":"<p>En semanas donde los efectos de la emergencia sanitaria por el Covid-19 han generado diversas dificultades a muchas familias de la regi\u00f3n y el pa\u00eds, la Direcci\u00f3n de Cr\u00e9dito Prendario (Dicrep), anunci\u00f3&#8230;<\/p>\n","protected":false},"author":482,"featured_media":99270,"comment_status":"closed","ping_status":"closed","sticky":false,"template":"","format":"standard","meta":{"advanced_seo_description":"","jetpack_seo_html_title":"","jetpack_seo_noindex":false,"_jetpack_memberships_contains_paid_content":false,"footnotes":""},"categories":[103],"tags":[],"class_list":["post-99269","post","type-post","status-publish","format-standard","has-post-thumbnail","hentry","category-cronica-2"],"jetpack_featured_media_url":"https:\/\/i0.wp.com\/eltrabajo.cl\/portal\/wp-content\/uploads\/2020\/06\/tia-rica.jpg?fit=580%2C358&ssl=1","jetpack_sharing_enabled":true,"jetpack_likes_enabled":true,"jetpack-related-posts":[],"_links":{"self":[{"href":"https:\/\/eltrabajo.cl\/portal\/wp-json\/wp\/v2\/posts\/99269","targetHints":{"allow":["GET"]}}],"collection":[{"href":"https:\/\/eltrabajo.cl\/portal\/wp-json\/wp\/v2\/posts"}],"about":[{"href":"https:\/\/eltrabajo.cl\/portal\/wp-json\/wp\/v2\/types\/post"}],"author":[{"embeddable":true,"href":"https:\/\/eltrabajo.cl\/portal\/wp-json\/wp\/v2\/users\/482"}],"replies":[{"embeddable":true,"href":"https:\/\/eltrabajo.cl\/portal\/wp-json\/wp\/v2\/comments?post=99269"}],"version-history":[{"count":0,"href":"https:\/\/eltrabajo.cl\/portal\/wp-json\/wp\/v2\/posts\/99269\/revisions"}],"wp:featuredmedia":[{"embeddable":true,"href":"https:\/\/eltrabajo.cl\/portal\/wp-json\/wp\/v2\/media\/99270"}],"wp:attachment":[{"href":"https:\/\/eltrabajo.cl\/portal\/wp-json\/wp\/v2\/media?parent=99269"}],"wp:term":[{"taxonomy":"category","embeddable":true,"href":"https:\/\/eltrabajo.cl\/portal\/wp-json\/wp\/v2\/categories?post=99269"},{"taxonomy":"post_tag","embeddable":true,"href":"https:\/\/eltrabajo.cl\/portal\/wp-json\/wp\/v2\/tags?post=99269"}],"curies":[{"name":"wp","href":"https:\/\/api.w.org\/{rel}","templated":true}]}}