{"id":99272,"date":"2020-06-02T22:05:41","date_gmt":"2020-06-03T02:05:41","guid":{"rendered":"https:\/\/www.eltrabajo.cl\/portal\/?p=99272"},"modified":"2020-06-02T20:17:32","modified_gmt":"2020-06-03T00:17:32","slug":"por-poco-se-quema-el-cuartel-de-la-policia-de-investigaciones-en-san-felipe","status":"publish","type":"post","link":"https:\/\/eltrabajo.cl\/portal\/por-poco-se-quema-el-cuartel-de-la-policia-de-investigaciones-en-san-felipe\/","title":{"rendered":"Por poco se quema el cuartel de la Polic\u00eda de Investigaciones en San Felipe"},"content":{"rendered":"<p style=\"text-align: justify;\"><span style=\"color: #c81400;\"><strong>\u2018Zapatilla\u2019 el\u00e9ctrica prendi\u00f3 fuego en las oficinas:<\/strong><\/span><\/p>\n<p style=\"text-align: justify;\">Fue al filo de las 14:00 horas cuando ayer se escuch\u00f3 la sirena principal de la central de alarmas del Cuerpo de Bomberos de San Felipe. En frecuencia se escuch\u00f3 el llamado a un incendio estructural y la ubicaci\u00f3n eran las oficinas de la PDI en calle Freire con Coimas. De inmediato varias unidades bomberiles y tambi\u00e9n las c\u00e1maras de <strong>Diario El Trabajo<\/strong> est\u00e1bamos en el lugar, pues se tem\u00eda lo peor, tomando muy en cuenta que al frente de la PDI est\u00e1 ubicada una bencinera.<\/p>\n<p style=\"text-align: justify;\">Los primeros bomberos en llegar recibieron instrucciones de un agente de la PDI, para que esperaran a que se les abriera el port\u00f3n de estacionamiento del plantel policial; sin embargo, \u00e9ste nunca se abri\u00f3. R\u00e1pidamente los voluntarios preparaban sus mangueras y encend\u00edan el carro bomba mientras llegaban m\u00e1s unidades y personal al lugar.<\/p>\n<p style=\"text-align: justify;\">En pocos minutos y luego de ingresar algunos bomberos al interior de las oficinas, pero por la puerta principal de atenci\u00f3n al p\u00fablico, se verific\u00f3 que se trataba de la explosi\u00f3n de una \u2018zapatilla\u2019 el\u00e9ctrica o alargador, el que se hab\u00eda incendiado, pero que el mismo personal de la PDI pudo controlar a tiempo.<\/p>\n<p style=\"text-align: justify;\">La semana pasada ocurri\u00f3 algo similar cuando una estufa prendi\u00f3 fuego en el s\u00f3tano del edificio de la Municipalidad de San Felipe, ayer en la PDI, de igual manera Bomberos tuvo que utilizar equipo de extracci\u00f3n de gases solamente.<\/p>\n<p style=\"text-align: justify;\"><strong>Roberto Gonz\u00e1lez Short<\/strong><\/p>\n<p style=\"text-align: justify;\">\n<figure id=\"attachment_99273\" aria-describedby=\"caption-attachment-99273\" style=\"width: 580px\" class=\"wp-caption alignnone\"><img data-recalc-dims=\"1\" loading=\"lazy\" decoding=\"async\" class=\"size-full wp-image-99273\" src=\"https:\/\/i0.wp.com\/eltrabajo.cl\/portal\/wp-content\/uploads\/2020\/06\/PDI_1.jpg?resize=580%2C360&#038;ssl=1\" alt=\"SIEMPRE PREPARADOS.- El equipo de extracci\u00f3n de gases s\u00ed se tuvo que utilizar al interior de las oficinas de la PDI en San Felipe centro.\" width=\"580\" height=\"360\" srcset=\"https:\/\/i0.wp.com\/eltrabajo.cl\/portal\/wp-content\/uploads\/2020\/06\/PDI_1.jpg?w=580&amp;ssl=1 580w, https:\/\/i0.wp.com\/eltrabajo.cl\/portal\/wp-content\/uploads\/2020\/06\/PDI_1.jpg?resize=300%2C186&amp;ssl=1 300w, https:\/\/i0.wp.com\/eltrabajo.cl\/portal\/wp-content\/uploads\/2020\/06\/PDI_1.jpg?resize=200%2C124&amp;ssl=1 200w, https:\/\/i0.wp.com\/eltrabajo.cl\/portal\/wp-content\/uploads\/2020\/06\/PDI_1.jpg?resize=150%2C93&amp;ssl=1 150w\" sizes=\"auto, (max-width: 580px) 100vw, 580px\" \/><figcaption id=\"caption-attachment-99273\" class=\"wp-caption-text\">SIEMPRE PREPARADOS.- El equipo de extracci\u00f3n de gases s\u00ed se tuvo que utilizar al interior de las oficinas de la PDI en San Felipe centro.<\/figcaption><\/figure>\n<figure id=\"attachment_99274\" aria-describedby=\"caption-attachment-99274\" style=\"width: 580px\" class=\"wp-caption alignnone\"><img data-recalc-dims=\"1\" loading=\"lazy\" decoding=\"async\" class=\"size-full wp-image-99274\" src=\"https:\/\/i0.wp.com\/eltrabajo.cl\/portal\/wp-content\/uploads\/2020\/06\/PDI_2.jpg?resize=580%2C360&#038;ssl=1\" alt=\"SE TEM\u00cdA LO PEOR.- El propio personal de la PDI logr\u00f3 reaccionar a tiempo y se evit\u00f3 tambi\u00e9n una tragedia.\" width=\"580\" height=\"360\" srcset=\"https:\/\/i0.wp.com\/eltrabajo.cl\/portal\/wp-content\/uploads\/2020\/06\/PDI_2.jpg?w=580&amp;ssl=1 580w, https:\/\/i0.wp.com\/eltrabajo.cl\/portal\/wp-content\/uploads\/2020\/06\/PDI_2.jpg?resize=300%2C186&amp;ssl=1 300w, https:\/\/i0.wp.com\/eltrabajo.cl\/portal\/wp-content\/uploads\/2020\/06\/PDI_2.jpg?resize=200%2C124&amp;ssl=1 200w, https:\/\/i0.wp.com\/eltrabajo.cl\/portal\/wp-content\/uploads\/2020\/06\/PDI_2.jpg?resize=150%2C93&amp;ssl=1 150w\" sizes=\"auto, (max-width: 580px) 100vw, 580px\" \/><figcaption id=\"caption-attachment-99274\" class=\"wp-caption-text\">SE TEM\u00cdA LO PEOR.- El propio personal de la PDI logr\u00f3 reaccionar a tiempo y se evit\u00f3 tambi\u00e9n una tragedia.<\/figcaption><\/figure>\n<figure id=\"attachment_99275\" aria-describedby=\"caption-attachment-99275\" style=\"width: 580px\" class=\"wp-caption alignnone\"><img data-recalc-dims=\"1\" loading=\"lazy\" decoding=\"async\" class=\"size-full wp-image-99275\" src=\"https:\/\/i0.wp.com\/eltrabajo.cl\/portal\/wp-content\/uploads\/2020\/06\/PDI_3.jpg?resize=580%2C360&#038;ssl=1\" alt=\"PRENSA EN TERRENO.- El personal de la Primera Compa\u00f1\u00eda estuvo en el lugar en pocos minutos, aun as\u00ed las c\u00e1maras de Diario El Trabajo ya estaban ah\u00ed registrando el suceso.\" width=\"580\" height=\"360\" srcset=\"https:\/\/i0.wp.com\/eltrabajo.cl\/portal\/wp-content\/uploads\/2020\/06\/PDI_3.jpg?w=580&amp;ssl=1 580w, https:\/\/i0.wp.com\/eltrabajo.cl\/portal\/wp-content\/uploads\/2020\/06\/PDI_3.jpg?resize=300%2C186&amp;ssl=1 300w, https:\/\/i0.wp.com\/eltrabajo.cl\/portal\/wp-content\/uploads\/2020\/06\/PDI_3.jpg?resize=200%2C124&amp;ssl=1 200w, https:\/\/i0.wp.com\/eltrabajo.cl\/portal\/wp-content\/uploads\/2020\/06\/PDI_3.jpg?resize=150%2C93&amp;ssl=1 150w\" sizes=\"auto, (max-width: 580px) 100vw, 580px\" \/><figcaption id=\"caption-attachment-99275\" class=\"wp-caption-text\">PRENSA EN TERRENO.- El personal de la Primera Compa\u00f1\u00eda estuvo en el lugar en pocos minutos, aun as\u00ed las c\u00e1maras de Diario El Trabajo ya estaban ah\u00ed registrando el suceso.<\/figcaption><\/figure>\n","protected":false},"excerpt":{"rendered":"<p>\u2018Zapatilla\u2019 el\u00e9ctrica prendi\u00f3 fuego en las oficinas: Fue al filo de las 14:00 horas cuando ayer se escuch\u00f3 la sirena principal de la central de alarmas del Cuerpo de Bomberos de San&#8230;<\/p>\n","protected":false},"author":482,"featured_media":99273,"comment_status":"closed","ping_status":"closed","sticky":false,"template":"","format":"standard","meta":{"advanced_seo_description":"","jetpack_seo_html_title":"","jetpack_seo_noindex":false,"_jetpack_memberships_contains_paid_content":false,"footnotes":""},"categories":[21],"tags":[],"class_list":["post-99272","post","type-post","status-publish","format-standard","has-post-thumbnail","hentry","category-policial"],"jetpack_featured_media_url":"https:\/\/i0.wp.com\/eltrabajo.cl\/portal\/wp-content\/uploads\/2020\/06\/PDI_1.jpg?fit=580%2C360&ssl=1","jetpack_sharing_enabled":true,"jetpack_likes_enabled":true,"jetpack-related-posts":[],"_links":{"self":[{"href":"https:\/\/eltrabajo.cl\/portal\/wp-json\/wp\/v2\/posts\/99272","targetHints":{"allow":["GET"]}}],"collection":[{"href":"https:\/\/eltrabajo.cl\/portal\/wp-json\/wp\/v2\/posts"}],"about":[{"href":"https:\/\/eltrabajo.cl\/portal\/wp-json\/wp\/v2\/types\/post"}],"author":[{"embeddable":true,"href":"https:\/\/eltrabajo.cl\/portal\/wp-json\/wp\/v2\/users\/482"}],"replies":[{"embeddable":true,"href":"https:\/\/eltrabajo.cl\/portal\/wp-json\/wp\/v2\/comments?post=99272"}],"version-history":[{"count":0,"href":"https:\/\/eltrabajo.cl\/portal\/wp-json\/wp\/v2\/posts\/99272\/revisions"}],"wp:featuredmedia":[{"embeddable":true,"href":"https:\/\/eltrabajo.cl\/portal\/wp-json\/wp\/v2\/media\/99273"}],"wp:attachment":[{"href":"https:\/\/eltrabajo.cl\/portal\/wp-json\/wp\/v2\/media?parent=99272"}],"wp:term":[{"taxonomy":"category","embeddable":true,"href":"https:\/\/eltrabajo.cl\/portal\/wp-json\/wp\/v2\/categories?post=99272"},{"taxonomy":"post_tag","embeddable":true,"href":"https:\/\/eltrabajo.cl\/portal\/wp-json\/wp\/v2\/tags?post=99272"}],"curies":[{"name":"wp","href":"https:\/\/api.w.org\/{rel}","templated":true}]}}