{"id":99277,"date":"2020-06-02T22:10:52","date_gmt":"2020-06-03T02:10:52","guid":{"rendered":"https:\/\/www.eltrabajo.cl\/portal\/?p=99277"},"modified":"2020-06-02T20:22:31","modified_gmt":"2020-06-03T00:22:31","slug":"madre-y-sus-dos-hijas-son-las-primeras-en-recibir-la-ayuda-en-mercaderia","status":"publish","type":"post","link":"https:\/\/eltrabajo.cl\/portal\/madre-y-sus-dos-hijas-son-las-primeras-en-recibir-la-ayuda-en-mercaderia\/","title":{"rendered":"Madre y sus dos hijas son las primeras en recibir la ayuda en mercader\u00eda"},"content":{"rendered":"<p style=\"text-align: justify;\"><span style=\"color: #c81400;\"><strong>Transportistas escolares felices con su nuevo trabajo:<\/strong><\/span><\/p>\n<p style=\"text-align: justify;\">Fueron diez los transportistas escolares que ayer martes iniciaron su primera jornada laboral tras varios meses sin poder recibir un s\u00f3lo peso para el sustento de sus hogares, lo que represent\u00f3 una verdadera alegr\u00eda y sentimiento de dignidad. Se trata de las primeras 300 cajas de mercader\u00eda (de las 1.000 que llegaron el lunes), las que ayer mismo llegaron a las manos de familias en serias necesidades, en este caso del sector de Punta El Olivo, La Quebrada y Nuevo Algarrobal.<\/p>\n<p style=\"text-align: justify;\">El operativo de reparto cont\u00f3 con la participaci\u00f3n de personal municipal encabezado por la Dideco San Felipe, Carabineros de San Felipe, log\u00edstica de las Fuerzas Armadas de Chile Regimiento Reforzado N\u00b03 Yungay, Gobernaci\u00f3n de San Felipe, la Seremi del Trabajo y Previsi\u00f3n Social, Mar\u00eda Violeta Silva y los propios transportistas escolares.<\/p>\n<p style=\"text-align: justify;\"><strong>Diario El Trabajo<\/strong> habl\u00f3 en esta oportunidad con el Dideco <strong>Pablo Silva N\u00fa\u00f1ez<\/strong>, quien explic\u00f3 que <em>\u00abesta jornada es la primera de nuestra entrega, vamos a generar el proceso de trabajo\u00a0 de manera coordinada con Gobernaci\u00f3n, los transportistas escolares, el Ej\u00e9rcito que nos apoya, Carabineros y funcionarios municipales que fueron en cada uno de los furgones para formar el v\u00ednculo con los territorios visitados. En esta oportunidad fueron unos 296 hogares los visitados\u00bb.<\/em><\/p>\n<p style=\"text-align: justify;\">&#8211; <strong>\u00bfQu\u00e9 sigue ahora, c\u00f3mo se desarrollar\u00e1n las dem\u00e1s fechas de entrega?<\/strong><\/p>\n<p style=\"text-align: justify;\">&#8211; La planificaci\u00f3n territorial ya est\u00e1 hecha con el Ministerio de Desarrollo Social dado que la entrega del GORE y Gobierno Central son territoriales, por tanto por unidades vecinales ya enviamos el desglose de nuestro trabajo estad\u00edstico que nos pidi\u00f3 el Ministerio de Desarrollo Social y vamos a planificar dependiendo de la llegada de las cajas.<\/p>\n<p style=\"text-align: justify;\">\n<p style=\"text-align: justify;\"><span style=\"color: #c81400;\"><strong>EN CARAVANA<\/strong><\/span><\/p>\n<p style=\"text-align: justify;\">Posteriormente a que llenaran todos los diez furgones con mercader\u00eda, en una larga caravana de veh\u00edculos se lleg\u00f3 hasta los sectores asignados. <strong>Diario El Trabajo<\/strong> dio seguimiento al accionar y tambi\u00e9n en terreno hablamos con varias de las due\u00f1as de casa, quienes felices y algo aliviadas nos compartieron sus impresiones.<\/p>\n<p style=\"text-align: justify;\">&#8211; <strong>Mar\u00eda Tapia, beneficiada, Villa Los Olivos<\/strong>: <em>\u00abHasta el d\u00eda de hoy nadie nos ha ayudado, de verdad, los \u00fanicos son ustedes. Yo vivo con dos hijas, somos tres mujeres, estamos solas as\u00ed que esto nos viene a tiempo; desde antes que empezara la pandemia ya yo hab\u00eda quedado sin trabajo. Para m\u00ed es muy bonito que nos trajeran esta ayuda. La junta vecinal no ha hecho nada porque ya no est\u00e1 activa, aunque tenemos sede, no tenemos junta vecinal<\/em>\u00bb.<\/p>\n<p style=\"text-align: justify;\"><strong>Roberto Gonz\u00e1lez Short<\/strong><\/p>\n<p style=\"text-align: justify;\">\n<figure id=\"attachment_99278\" aria-describedby=\"caption-attachment-99278\" style=\"width: 580px\" class=\"wp-caption alignnone\"><img data-recalc-dims=\"1\" loading=\"lazy\" decoding=\"async\" class=\"size-full wp-image-99278\" src=\"https:\/\/i0.wp.com\/eltrabajo.cl\/portal\/wp-content\/uploads\/2020\/06\/Entrega1.jpg?resize=580%2C359&#038;ssl=1\" alt=\"LLEVAN MERCADER\u00cdA.- Las c\u00e1maras de Diario El Trabajo registran el momento que la caravana de autos de transporte escolar se dirig\u00eda a entregar la mercader\u00eda a las familias asignadas.\" width=\"580\" height=\"359\" srcset=\"https:\/\/i0.wp.com\/eltrabajo.cl\/portal\/wp-content\/uploads\/2020\/06\/Entrega1.jpg?w=580&amp;ssl=1 580w, https:\/\/i0.wp.com\/eltrabajo.cl\/portal\/wp-content\/uploads\/2020\/06\/Entrega1.jpg?resize=300%2C186&amp;ssl=1 300w, https:\/\/i0.wp.com\/eltrabajo.cl\/portal\/wp-content\/uploads\/2020\/06\/Entrega1.jpg?resize=200%2C124&amp;ssl=1 200w, https:\/\/i0.wp.com\/eltrabajo.cl\/portal\/wp-content\/uploads\/2020\/06\/Entrega1.jpg?resize=150%2C93&amp;ssl=1 150w\" sizes=\"auto, (max-width: 580px) 100vw, 580px\" \/><figcaption id=\"caption-attachment-99278\" class=\"wp-caption-text\">LLEVAN MERCADER\u00cdA.- Las c\u00e1maras de Diario El Trabajo registran el momento que la caravana de autos de transporte escolar se dirig\u00eda a entregar la mercader\u00eda a las familias asignadas.<\/figcaption><\/figure>\n<figure id=\"attachment_99279\" aria-describedby=\"caption-attachment-99279\" style=\"width: 580px\" class=\"wp-caption alignnone\"><img data-recalc-dims=\"1\" loading=\"lazy\" decoding=\"async\" class=\"size-full wp-image-99279\" src=\"https:\/\/i0.wp.com\/eltrabajo.cl\/portal\/wp-content\/uploads\/2020\/06\/Entrega2.jpg?resize=580%2C360&#038;ssl=1\" alt=\"MISI\u00d3N CUMPLIDA.- Do\u00f1a Mar\u00eda Tapia fue la primera vecina en recibir su caja de mercader\u00eda. La vecina se mostr\u00f3 agradecida en Villa Los Olivos.\" width=\"580\" height=\"360\" srcset=\"https:\/\/i0.wp.com\/eltrabajo.cl\/portal\/wp-content\/uploads\/2020\/06\/Entrega2.jpg?w=580&amp;ssl=1 580w, https:\/\/i0.wp.com\/eltrabajo.cl\/portal\/wp-content\/uploads\/2020\/06\/Entrega2.jpg?resize=300%2C186&amp;ssl=1 300w, https:\/\/i0.wp.com\/eltrabajo.cl\/portal\/wp-content\/uploads\/2020\/06\/Entrega2.jpg?resize=200%2C124&amp;ssl=1 200w, https:\/\/i0.wp.com\/eltrabajo.cl\/portal\/wp-content\/uploads\/2020\/06\/Entrega2.jpg?resize=150%2C93&amp;ssl=1 150w\" sizes=\"auto, (max-width: 580px) 100vw, 580px\" \/><figcaption id=\"caption-attachment-99279\" class=\"wp-caption-text\">MISI\u00d3N CUMPLIDA.- Do\u00f1a Mar\u00eda Tapia fue la primera vecina en recibir su caja de mercader\u00eda. La vecina se mostr\u00f3 agradecida en Villa Los Olivos.<\/figcaption><\/figure>\n<figure id=\"attachment_99280\" aria-describedby=\"caption-attachment-99280\" style=\"width: 580px\" class=\"wp-caption alignnone\"><img data-recalc-dims=\"1\" loading=\"lazy\" decoding=\"async\" class=\"size-full wp-image-99280\" src=\"https:\/\/i0.wp.com\/eltrabajo.cl\/portal\/wp-content\/uploads\/2020\/06\/Entrega3.jpg?resize=580%2C359&#038;ssl=1\" alt=\"POR FIN TIENEN TRABAJO.- Ellos son transportistas escolares de nuestra comuna, aqu\u00ed los vemos ya con otro semblante en sus rostros.\" width=\"580\" height=\"359\" srcset=\"https:\/\/i0.wp.com\/eltrabajo.cl\/portal\/wp-content\/uploads\/2020\/06\/Entrega3.jpg?w=580&amp;ssl=1 580w, https:\/\/i0.wp.com\/eltrabajo.cl\/portal\/wp-content\/uploads\/2020\/06\/Entrega3.jpg?resize=300%2C186&amp;ssl=1 300w, https:\/\/i0.wp.com\/eltrabajo.cl\/portal\/wp-content\/uploads\/2020\/06\/Entrega3.jpg?resize=200%2C124&amp;ssl=1 200w, https:\/\/i0.wp.com\/eltrabajo.cl\/portal\/wp-content\/uploads\/2020\/06\/Entrega3.jpg?resize=150%2C93&amp;ssl=1 150w\" sizes=\"auto, (max-width: 580px) 100vw, 580px\" \/><figcaption id=\"caption-attachment-99280\" class=\"wp-caption-text\">POR FIN TIENEN TRABAJO.- Ellos son transportistas escolares de nuestra comuna, aqu\u00ed los vemos ya con otro semblante en sus rostros.<\/figcaption><\/figure>\n<figure id=\"attachment_99281\" aria-describedby=\"caption-attachment-99281\" style=\"width: 580px\" class=\"wp-caption alignnone\"><img data-recalc-dims=\"1\" loading=\"lazy\" decoding=\"async\" class=\"size-full wp-image-99281\" src=\"https:\/\/i0.wp.com\/eltrabajo.cl\/portal\/wp-content\/uploads\/2020\/06\/Entrega4.jpg?resize=580%2C359&#038;ssl=1\" alt=\"TODOS TRABAJAN.- En la gr\u00e1fica vemos tambi\u00e9n al jefe de Gabinete del alcalde Freire, Juan Guti\u00e9rrez y al coordinador de Cultura, Ricardo Ruiz, en plena faena de carga de cajas.\" width=\"580\" height=\"359\" srcset=\"https:\/\/i0.wp.com\/eltrabajo.cl\/portal\/wp-content\/uploads\/2020\/06\/Entrega4.jpg?w=580&amp;ssl=1 580w, https:\/\/i0.wp.com\/eltrabajo.cl\/portal\/wp-content\/uploads\/2020\/06\/Entrega4.jpg?resize=300%2C186&amp;ssl=1 300w, https:\/\/i0.wp.com\/eltrabajo.cl\/portal\/wp-content\/uploads\/2020\/06\/Entrega4.jpg?resize=200%2C124&amp;ssl=1 200w, https:\/\/i0.wp.com\/eltrabajo.cl\/portal\/wp-content\/uploads\/2020\/06\/Entrega4.jpg?resize=150%2C93&amp;ssl=1 150w\" sizes=\"auto, (max-width: 580px) 100vw, 580px\" \/><figcaption id=\"caption-attachment-99281\" class=\"wp-caption-text\">TODOS TRABAJAN.- En la gr\u00e1fica vemos tambi\u00e9n al jefe de Gabinete del alcalde Freire, Juan Guti\u00e9rrez y al coordinador de Cultura, Ricardo Ruiz, en plena faena de carga de cajas.<\/figcaption><\/figure>\n<figure id=\"attachment_99282\" aria-describedby=\"caption-attachment-99282\" style=\"width: 580px\" class=\"wp-caption alignnone\"><img data-recalc-dims=\"1\" loading=\"lazy\" decoding=\"async\" class=\"size-full wp-image-99282\" src=\"https:\/\/i0.wp.com\/eltrabajo.cl\/portal\/wp-content\/uploads\/2020\/06\/Entrega_Maria-Tapia.jpg?resize=580%2C600&#038;ssl=1\" alt=\"Mar\u00eda Tapia, la primera sanfelipe\u00f1a en recibir esta ayuda del Gobierno.\" width=\"580\" height=\"600\" srcset=\"https:\/\/i0.wp.com\/eltrabajo.cl\/portal\/wp-content\/uploads\/2020\/06\/Entrega_Maria-Tapia.jpg?w=580&amp;ssl=1 580w, https:\/\/i0.wp.com\/eltrabajo.cl\/portal\/wp-content\/uploads\/2020\/06\/Entrega_Maria-Tapia.jpg?resize=290%2C300&amp;ssl=1 290w, https:\/\/i0.wp.com\/eltrabajo.cl\/portal\/wp-content\/uploads\/2020\/06\/Entrega_Maria-Tapia.jpg?resize=145%2C150&amp;ssl=1 145w\" sizes=\"auto, (max-width: 580px) 100vw, 580px\" \/><figcaption id=\"caption-attachment-99282\" class=\"wp-caption-text\">Mar\u00eda Tapia, la primera sanfelipe\u00f1a en recibir esta ayuda del Gobierno.<\/figcaption><\/figure>\n<figure id=\"attachment_99283\" aria-describedby=\"caption-attachment-99283\" style=\"width: 580px\" class=\"wp-caption alignnone\"><img data-recalc-dims=\"1\" loading=\"lazy\" decoding=\"async\" class=\"size-full wp-image-99283\" src=\"https:\/\/i0.wp.com\/eltrabajo.cl\/portal\/wp-content\/uploads\/2020\/06\/Entrega_Pablo-Silva.jpg?resize=580%2C600&#038;ssl=1\" alt=\"Pablo Silva N\u00fa\u00f1ez, Dideco de San Felipe.\" width=\"580\" height=\"600\" srcset=\"https:\/\/i0.wp.com\/eltrabajo.cl\/portal\/wp-content\/uploads\/2020\/06\/Entrega_Pablo-Silva.jpg?w=580&amp;ssl=1 580w, https:\/\/i0.wp.com\/eltrabajo.cl\/portal\/wp-content\/uploads\/2020\/06\/Entrega_Pablo-Silva.jpg?resize=290%2C300&amp;ssl=1 290w, https:\/\/i0.wp.com\/eltrabajo.cl\/portal\/wp-content\/uploads\/2020\/06\/Entrega_Pablo-Silva.jpg?resize=145%2C150&amp;ssl=1 145w\" sizes=\"auto, (max-width: 580px) 100vw, 580px\" \/><figcaption id=\"caption-attachment-99283\" class=\"wp-caption-text\">Pablo Silva N\u00fa\u00f1ez, Dideco de San Felipe.<\/figcaption><\/figure>\n","protected":false},"excerpt":{"rendered":"<p>Transportistas escolares felices con su nuevo trabajo: Fueron diez los transportistas escolares que ayer martes iniciaron su primera jornada laboral tras varios meses sin poder recibir un s\u00f3lo peso para el sustento&#8230;<\/p>\n","protected":false},"author":482,"featured_media":99279,"comment_status":"closed","ping_status":"closed","sticky":false,"template":"","format":"standard","meta":{"advanced_seo_description":"","jetpack_seo_html_title":"","jetpack_seo_noindex":false,"_jetpack_memberships_contains_paid_content":false,"footnotes":""},"categories":[103],"tags":[],"class_list":["post-99277","post","type-post","status-publish","format-standard","has-post-thumbnail","hentry","category-cronica-2"],"jetpack_featured_media_url":"https:\/\/i0.wp.com\/eltrabajo.cl\/portal\/wp-content\/uploads\/2020\/06\/Entrega2.jpg?fit=580%2C360&ssl=1","jetpack_sharing_enabled":true,"jetpack_likes_enabled":true,"jetpack-related-posts":[],"_links":{"self":[{"href":"https:\/\/eltrabajo.cl\/portal\/wp-json\/wp\/v2\/posts\/99277","targetHints":{"allow":["GET"]}}],"collection":[{"href":"https:\/\/eltrabajo.cl\/portal\/wp-json\/wp\/v2\/posts"}],"about":[{"href":"https:\/\/eltrabajo.cl\/portal\/wp-json\/wp\/v2\/types\/post"}],"author":[{"embeddable":true,"href":"https:\/\/eltrabajo.cl\/portal\/wp-json\/wp\/v2\/users\/482"}],"replies":[{"embeddable":true,"href":"https:\/\/eltrabajo.cl\/portal\/wp-json\/wp\/v2\/comments?post=99277"}],"version-history":[{"count":0,"href":"https:\/\/eltrabajo.cl\/portal\/wp-json\/wp\/v2\/posts\/99277\/revisions"}],"wp:featuredmedia":[{"embeddable":true,"href":"https:\/\/eltrabajo.cl\/portal\/wp-json\/wp\/v2\/media\/99279"}],"wp:attachment":[{"href":"https:\/\/eltrabajo.cl\/portal\/wp-json\/wp\/v2\/media?parent=99277"}],"wp:term":[{"taxonomy":"category","embeddable":true,"href":"https:\/\/eltrabajo.cl\/portal\/wp-json\/wp\/v2\/categories?post=99277"},{"taxonomy":"post_tag","embeddable":true,"href":"https:\/\/eltrabajo.cl\/portal\/wp-json\/wp\/v2\/tags?post=99277"}],"curies":[{"name":"wp","href":"https:\/\/api.w.org\/{rel}","templated":true}]}}