{"id":99285,"date":"2020-06-03T07:40:43","date_gmt":"2020-06-03T11:40:43","guid":{"rendered":"https:\/\/www.eltrabajo.cl\/portal\/?p=99285"},"modified":"2020-06-02T20:26:31","modified_gmt":"2020-06-03T00:26:31","slug":"por-quinta-vez-entran-a-robar-a-jardin-infantil-crecer-de-villa-las-acacias","status":"publish","type":"post","link":"https:\/\/eltrabajo.cl\/portal\/por-quinta-vez-entran-a-robar-a-jardin-infantil-crecer-de-villa-las-acacias\/","title":{"rendered":"Por quinta vez entran a robar a Jard\u00edn Infantil \u2018Crecer\u2019 de Villa Las Acacias"},"content":{"rendered":"<p style=\"text-align: justify;\"><span style=\"color: #c81400;\"><strong>\u00a1Delincuencia acecha colegios y jardines infantiles!<\/strong><\/span><\/p>\n<p style=\"text-align: justify;\">Que tremenda desgracia, por quinta vez delincuentes entran a robar al Jard\u00edn Infantil \u2018Crecer\u2019 ubicado al final de Villa Las Acacias en San Felipe, al costado del Puente Enc\u00f3n.<\/p>\n<p style=\"text-align: justify;\">Seg\u00fan su directora, la educadora de p\u00e1rvulos <strong>Marianela Silva Brice\u00f1o<\/strong>, en esta ocasi\u00f3n fue con alevos\u00eda, porque rompieron todo lo que pillaron en su camino para lograr su objetivo, e incluso Carabineros encontr\u00f3 en la calle un refrigerador que usan para esterilizar las mamaderas de las guaguas. Avalu\u00f3 lo robado en unos cinco millones de pesos.<\/p>\n<p style=\"text-align: justify;\">\u00ab<em>Este es el quinto robo, pero ahora fue con m\u00e1s alevos\u00eda, nos arrancaron las protecciones de seguridad, un port\u00f3n que ten\u00edamos para entrar a las distintas salas, eso lo arrancaron de cuajo, rompieron puertas, ventanas, nos robaron los extintores, material did\u00e1ctico, o sea el aval\u00fao en este robo es de aproximadamente cinco millones de pesos porque rompieron todo, hay mucho da\u00f1o estructural tambi\u00e9n como en salas y todo eso\u00bb,<\/em> dijo.<\/p>\n<p style=\"text-align: justify;\">&#8211; <strong>\u00bfQu\u00e9 le robaron en esta ocasi\u00f3n si pudiera contarnos?<\/strong><\/p>\n<p style=\"text-align: justify;\">&#8211; Materiales, encontramos en la calle un refrigerador que es un cooler donde se esterilizan las mamaderas de las guaguas, eso lo encontramos en la calle\u2026 lo encontr\u00f3 Carabineros, no se lo pudieron llevar\u2026 No s\u00e9, lo dejaron a mitad de calle, tambi\u00e9n mobiliario, material did\u00e1ctico.<\/p>\n<p style=\"text-align: justify;\">&#8211; <strong>\u00bfPor qu\u00e9 creen ustedes ya cinco robos a un establecimiento que les sirve a todos?<\/strong><\/p>\n<p style=\"text-align: justify;\">&#8211; El sector puede ser, como en la noche ya queda todo tan solo ac\u00e1. Nosotros tenemos vecinos en un solo lado, queda un poco desprotegido el jard\u00edn y deben ser siempre las mismas personas, ya conocen el lugar y hacen este tipo de cosas que es una maldad porque nosotros cumplimos una labor social, atendemos a 96 ni\u00f1as y ni\u00f1os de la comuna, entonces esto no tiene nombre, no s\u00e9 d\u00f3nde vamos a llegar. Carabineros me llam\u00f3 muy tarde anoche, yo tuve que venir a ver lo que pasaba.<\/p>\n<p style=\"text-align: justify;\">&#8211; <strong>\u00bfA qu\u00e9 hora piensa usted que sucedi\u00f3 este nuevo robo?<\/strong><\/p>\n<p style=\"text-align: justify;\">&#8211; Tiene que haber sido entre las siete a ocho de la tarde porque a las diez de la noche me llam\u00f3 Carabineros.<\/p>\n<p style=\"text-align: justify;\">&#8211; <strong>Directora, dentro de los cinco robos, \u00bfcu\u00e1nto lleva en p\u00e9rdidas de dinero?, recuerdo que en el anterior fue como un mill\u00f3n de pesos.<\/strong><\/p>\n<p style=\"text-align: justify;\">&#8211; Ya van como unos ocho millones, si el jard\u00edn est\u00e1 desvalijado total y es una construcci\u00f3n nueva, hermosa, donde nosotros prestamos como dec\u00eda anteriormente, una utilidad enorme a las familias porque son salas grandes, ventiladas. Es un lugar muy hermoso, el que lo conoce es un jard\u00edn muy moderno. Tenemos mucha pena y sentimientos encontrados con estas personas que hacen tanto da\u00f1o.<\/p>\n<p style=\"text-align: justify;\">&#8211; <strong>\u00bfQu\u00e9 va a pasar ahora, van a tener que seguir funcionando con las t\u00edas?<\/strong><\/p>\n<p style=\"text-align: justify;\">&#8211; Bueno nosotros ahora venimos cada ciertos d\u00edas porque no est\u00e1 funcionando el jard\u00edn por pandemia. Nos estamos dando vueltas cada cierto tiempo y ahora est\u00e1n los maestros que vienen a arreglar desde la instituci\u00f3n, vienen a ver los da\u00f1os y ver qu\u00e9 podemos hacer para poner algo de seguridad.<\/p>\n<p style=\"text-align: justify;\">&#8211; <strong>\u00bfLos vecinos c\u00f3mo pueden cooperar, cuidando el jard\u00edn o informando si tienen alg\u00fan dato?<\/strong><\/p>\n<p style=\"text-align: justify;\">&#8211; S\u00ed, yo he conversado con ellos, siempre me han avisado, pero esta vez parece no sintieron. No he tenido tiempo ahora en la ma\u00f1ana de ir a conversar con ellos, pero al parecer no sintieron lo que pas\u00f3 anoche.<\/p>\n<p style=\"text-align: justify;\">&#8211; <strong>\u00bfSon f\u00e1ciles de conocer los productos de ustedes, o sea los materiales?<\/strong><\/p>\n<p style=\"text-align: justify;\">&#8211; Claro, los materiales s\u00ed porque son materiales did\u00e1cticos, tiene logos, est\u00e1n marcados. Los extintores tambi\u00e9n tienen sus logos, pero yo no s\u00e9 esta gente porque al final no sabe c\u00f3mo donde poder ir a buscar m\u00e1s ahora en este tiempo de pandemia que es m\u00e1s dif\u00edcil.<\/p>\n<p style=\"text-align: justify;\">&#8211; <strong>De todas maneras, pedir la cooperaci\u00f3n a la gente en el caso de saber algo.<\/strong><\/p>\n<p style=\"text-align: justify;\">&#8211; Claro, necesitamos cooperaci\u00f3n de los vecinos, si ellos sienten algo, si ellos saben algo, que nos avisen para nosotros darle cuenta al fiscal, porque se vinieron a tomar huellas y hacer un trabajo m\u00e1s acucioso de todo este da\u00f1o que nos est\u00e1n haciendo.<\/p>\n<p style=\"text-align: justify;\">Se\u00f1alar que este jard\u00edn infantil pertenece a la Junta de Jardines Infantiles (Junji) y se encuentra ubicado a un costado del Puente Enc\u00f3n. Como dice su directora, atiende a 96 ni\u00f1as y ni\u00f1os en educaci\u00f3n pre b\u00e1sica.<\/p>\n<p style=\"text-align: justify;\">\n<p style=\"text-align: justify;\"><span style=\"color: #c81400;\"><strong>ROBOS EN ESTABLECIMIENTOS EDUCACIONALES MUNICIPALIZADOS<\/strong><\/span><\/p>\n<p style=\"text-align: justify;\">En tanto el director del Departamento de Administraci\u00f3n Municipal, ingeniero <strong>Iv\u00e1n Silva Padilla<\/strong>, reconoci\u00f3 que al menos dos establecimientos educacionales municipalizados han sido v\u00edctima de la delincuencia; Liceo de Ni\u00f1as Corina Urbina y Escuela b\u00e1sica John Kennedy. En el primero no alcanzaron a robar nada, pero en el segundo robaron el computador de la directora del establecimiento.<\/p>\n<p style=\"text-align: justify;\">\u00ab<em>La verdad que uno empieza a preocuparse, ya hab\u00eda pasado bastante tiempo en que no hab\u00edamos tenido ning\u00fan robo. Lamentablemente est\u00e1 ocurriendo en muchas partes, est\u00e1n empezando a robar ahora no respetando toque de queda en absoluto, lo que nosotros hemos conversado con los directores en estos d\u00edas. Es cierto, en el Corina Urbina entraron el jueves y el s\u00e1bado, afortunadamente no robaron nada importante, pero ya entraron y en la escuela John Kennedy tambi\u00e9n entraron, sacaron un computador y podr\u00edan haber sacado m\u00e1s. Nosotros hemos conversado con Carabineros que es la instituci\u00f3n que nos ayuda bastante,\u00a0 pero tampoco dan abasto, no les queda mucho por hacer. Hoy d\u00eda (ayer) est\u00e1n en un consejo de seguridad en la municipalidad, en una reuni\u00f3n on line donde William Galaz que me representa como DAEM, educaci\u00f3n municipal, iba a plantear el tema que siguen increment\u00e1ndose los robos. En ese consejo est\u00e1n todas las autoridades de Aconcagua, donde est\u00e1 el comisario Mauricio Guzm\u00e1n de Carabineros, as\u00ed es que yo espero alguna orientaci\u00f3n respecto a este consejo, porque en todas las escuelas, en las oficinas donde\u00a0 se guardan cosas de valores, est\u00e1n protegidas, est\u00e1n\u00a0 con barrotes, pero aun as\u00ed estos maleantes entran. Entran a una hora que uno no la sabe. Carabineros puede hacer la ronda, esperan que la ronda pase y se meten a la instituci\u00f3n, entonces es muy dif\u00edcil poder controlarlo de parte de la municipalidad, en el fondo a m\u00ed me consta que est\u00e1n haciendo patrullajes Carabineros y las instituciones en general cuidando nuestras escuelas\u00bb,<\/em> se\u00f1al\u00f3 Silva Padilla.<\/p>\n<p style=\"text-align: justify;\">Lament\u00f3 el c\u00f3mo se van a entregar los computadores a los s\u00e9ptimos b\u00e1sicos, que es un tema bien delicado: <em>\u00abAl final optamos con el Ministerio de Educaci\u00f3n y con la jefatura provincial, de que se van a entregar el mismo d\u00eda a los apoderados, o sea no los podemos acopiar ni siquiera una ma\u00f1ana, pero vamos a seguir trabajando en ese extremo\u00bb,<\/em> indic\u00f3 Iv\u00e1n Silva Padilla.<\/p>\n<p style=\"text-align: justify;\">&#8211; <strong>\u00bfEs decir, llegaron los computadores y se entregaron inmediato?<\/strong><\/p>\n<p style=\"text-align: justify;\">&#8211; Claro, afortunadamente no me roban, ese es el punto, como digo ese es el tema y se va complicando cada d\u00eda m\u00e1s. No hay elementos de seguridad, no hay equipos, no hay instituciones que te den abasto para cuidar todo el Valle. Como digo afortunadamente hemos tenido este intento de robo, porque afortunadamente no se robaron pr\u00e1cticamente nada (Corina Urbina), pero ya entraron y eso le ped\u00ed a William Galaz que lo hiciera presente en el consejo de seguridad, para ver qu\u00e9 medida adicional podemos tomar, incluso puedo tener lleno de guardia y qu\u00e9 van a hacer frente a dos individuos armados\u2026 nada, si es que alcanza a avisar tiene que esconderse, tiene que resguardar su integridad f\u00edsica, entonces es complicado el tema. Las alarmas suenan, pero no alcanza a llegar Carabineros, estos tipos en diez minutos te arrasan una habitaci\u00f3n con las cosas que les interesa llevarse.<\/p>\n<p style=\"text-align: justify;\">Al finalizar dijo que debieron contratar un nuevo guardia en el Liceo Corina Urbina.<\/p>\n<p style=\"text-align: justify;\">\n<figure id=\"attachment_99286\" aria-describedby=\"caption-attachment-99286\" style=\"width: 580px\" class=\"wp-caption alignnone\"><img data-recalc-dims=\"1\" loading=\"lazy\" decoding=\"async\" class=\"size-full wp-image-99286\" src=\"https:\/\/i0.wp.com\/eltrabajo.cl\/portal\/wp-content\/uploads\/2020\/06\/robo-Carabineros.jpg?resize=580%2C360&#038;ssl=1\" alt=\"Funcionarios de Carabineros se retiran del lugar luego de haber acogido la denuncia correspondiente.\" width=\"580\" height=\"360\" srcset=\"https:\/\/i0.wp.com\/eltrabajo.cl\/portal\/wp-content\/uploads\/2020\/06\/robo-Carabineros.jpg?w=580&amp;ssl=1 580w, https:\/\/i0.wp.com\/eltrabajo.cl\/portal\/wp-content\/uploads\/2020\/06\/robo-Carabineros.jpg?resize=300%2C186&amp;ssl=1 300w, https:\/\/i0.wp.com\/eltrabajo.cl\/portal\/wp-content\/uploads\/2020\/06\/robo-Carabineros.jpg?resize=200%2C124&amp;ssl=1 200w, https:\/\/i0.wp.com\/eltrabajo.cl\/portal\/wp-content\/uploads\/2020\/06\/robo-Carabineros.jpg?resize=150%2C93&amp;ssl=1 150w\" sizes=\"auto, (max-width: 580px) 100vw, 580px\" \/><figcaption id=\"caption-attachment-99286\" class=\"wp-caption-text\">Funcionarios de Carabineros se retiran del lugar luego de haber acogido la denuncia correspondiente.<\/figcaption><\/figure>\n<figure id=\"attachment_99287\" aria-describedby=\"caption-attachment-99287\" style=\"width: 579px\" class=\"wp-caption alignnone\"><img data-recalc-dims=\"1\" loading=\"lazy\" decoding=\"async\" class=\"size-full wp-image-99287\" src=\"https:\/\/i0.wp.com\/eltrabajo.cl\/portal\/wp-content\/uploads\/2020\/06\/robo-Vidrio.jpg?resize=579%2C435&#038;ssl=1\" alt=\"Personal de la SIP de Carabineros aplic\u00f3 producto para detectar huellas en esta puerta que rompieron para ingresar a robar.\" width=\"579\" height=\"435\" srcset=\"https:\/\/i0.wp.com\/eltrabajo.cl\/portal\/wp-content\/uploads\/2020\/06\/robo-Vidrio.jpg?w=579&amp;ssl=1 579w, https:\/\/i0.wp.com\/eltrabajo.cl\/portal\/wp-content\/uploads\/2020\/06\/robo-Vidrio.jpg?resize=300%2C225&amp;ssl=1 300w, https:\/\/i0.wp.com\/eltrabajo.cl\/portal\/wp-content\/uploads\/2020\/06\/robo-Vidrio.jpg?resize=200%2C150&amp;ssl=1 200w, https:\/\/i0.wp.com\/eltrabajo.cl\/portal\/wp-content\/uploads\/2020\/06\/robo-Vidrio.jpg?resize=150%2C113&amp;ssl=1 150w\" sizes=\"auto, (max-width: 579px) 100vw, 579px\" \/><figcaption id=\"caption-attachment-99287\" class=\"wp-caption-text\">Personal de la SIP de Carabineros aplic\u00f3 producto para detectar huellas en esta puerta que rompieron para ingresar a robar.<\/figcaption><\/figure>\n","protected":false},"excerpt":{"rendered":"<p>\u00a1Delincuencia acecha colegios y jardines infantiles! Que tremenda desgracia, por quinta vez delincuentes entran a robar al Jard\u00edn Infantil \u2018Crecer\u2019 ubicado al final de Villa Las Acacias en San Felipe, al costado&#8230;<\/p>\n","protected":false},"author":482,"featured_media":99286,"comment_status":"closed","ping_status":"closed","sticky":false,"template":"","format":"standard","meta":{"advanced_seo_description":"","jetpack_seo_html_title":"","jetpack_seo_noindex":false,"_jetpack_memberships_contains_paid_content":false,"footnotes":""},"categories":[21],"tags":[],"class_list":["post-99285","post","type-post","status-publish","format-standard","has-post-thumbnail","hentry","category-policial"],"jetpack_featured_media_url":"https:\/\/i0.wp.com\/eltrabajo.cl\/portal\/wp-content\/uploads\/2020\/06\/robo-Carabineros.jpg?fit=580%2C360&ssl=1","jetpack_sharing_enabled":true,"jetpack_likes_enabled":true,"jetpack-related-posts":[],"_links":{"self":[{"href":"https:\/\/eltrabajo.cl\/portal\/wp-json\/wp\/v2\/posts\/99285","targetHints":{"allow":["GET"]}}],"collection":[{"href":"https:\/\/eltrabajo.cl\/portal\/wp-json\/wp\/v2\/posts"}],"about":[{"href":"https:\/\/eltrabajo.cl\/portal\/wp-json\/wp\/v2\/types\/post"}],"author":[{"embeddable":true,"href":"https:\/\/eltrabajo.cl\/portal\/wp-json\/wp\/v2\/users\/482"}],"replies":[{"embeddable":true,"href":"https:\/\/eltrabajo.cl\/portal\/wp-json\/wp\/v2\/comments?post=99285"}],"version-history":[{"count":0,"href":"https:\/\/eltrabajo.cl\/portal\/wp-json\/wp\/v2\/posts\/99285\/revisions"}],"wp:featuredmedia":[{"embeddable":true,"href":"https:\/\/eltrabajo.cl\/portal\/wp-json\/wp\/v2\/media\/99286"}],"wp:attachment":[{"href":"https:\/\/eltrabajo.cl\/portal\/wp-json\/wp\/v2\/media?parent=99285"}],"wp:term":[{"taxonomy":"category","embeddable":true,"href":"https:\/\/eltrabajo.cl\/portal\/wp-json\/wp\/v2\/categories?post=99285"},{"taxonomy":"post_tag","embeddable":true,"href":"https:\/\/eltrabajo.cl\/portal\/wp-json\/wp\/v2\/tags?post=99285"}],"curies":[{"name":"wp","href":"https:\/\/api.w.org\/{rel}","templated":true}]}}