{"id":99289,"date":"2020-06-03T07:50:52","date_gmt":"2020-06-03T11:50:52","guid":{"rendered":"https:\/\/www.eltrabajo.cl\/portal\/?p=99289"},"modified":"2020-06-02T20:28:18","modified_gmt":"2020-06-03T00:28:18","slug":"pdi-establece-que-inicio-del-incendio-fue-en-dormitorio-de-la-mujer-fallecida","status":"publish","type":"post","link":"https:\/\/eltrabajo.cl\/portal\/pdi-establece-que-inicio-del-incendio-fue-en-dormitorio-de-la-mujer-fallecida\/","title":{"rendered":"PDI establece que inicio del incendio fue en dormitorio de la mujer fallecida"},"content":{"rendered":"<p style=\"text-align: justify;\"><span style=\"color: #c81400;\"><strong>Muerte de esposa de empresario agr\u00edcola:<\/strong><\/span><\/p>\n<p style=\"text-align: justify;\">Hasta el momento la causa de la muerte de <strong>Emilia In\u00e9s Ramelli Carret\u00f3n<\/strong>, de 75 a\u00f1os de edad, es indeterminada. De todas maneras, la PDI est\u00e1 trabajando para saber qu\u00e9 artefacto produjo el incendio que le cost\u00f3 la vida a esta mujer. Lo que s\u00ed tienen claro es el hecho que la g\u00e9nesis del incendio est\u00e1 en el dormitorio. Por eso resulta muy importante lograr esclarecer qu\u00e9 artefacto o elemento fue el iniciador del siniestro.<\/p>\n<p style=\"text-align: justify;\">Lo anterior lo dijo ayer en entrevista con <strong>Eugenio Cornejo Correa<\/strong> en Radio Aconcagua, el jefe de la Brigada de Homicidios (BH) de la PDI de Los Andes, comisario <strong>Marcelo Lazen<\/strong>, explicando que su concurrencia al sitio del suceso se debe a una solicitud hecha por parte del fiscal de turno, algo que se acostumbra cuando hay una persona fallecida en circunstancias como \u00e9sta.<\/p>\n<p style=\"text-align: justify;\">As\u00ed lo deja claro en su entrevista radial donde se\u00f1ala lo siguiente: <em>\u00abEl fiscal de turno solicit\u00f3 la concurrencia de personal de la Brigada de Homicidios de la PDI hasta el sector de Quebrada Herrera en Putaendo, por el hallazgo de un cad\u00e1ver calcinado el cual fue encontrado posteriormente por Bomberos, despu\u00e9s de haber apagado un incendio que se produjo en el lugar\u00bb,<\/em> dijo el comisario Marcelo Lazen jefe de la BH de la PDI de Los Andes.<\/p>\n<p style=\"text-align: justify;\">Aclar\u00f3 que en estos momentos la causa de muerte de la mujer, de acuerdo al examen externo que se realiz\u00f3 por parte de los oficiales de esta unidad, es indeterminada, motivo por el cual el cuerpo va a ser analizado por el Servicio M\u00e9dico Legal para determinar fehacientemente la causa basal del fallecimiento, dada las condiciones en que se encontraba el cad\u00e1ver.<\/p>\n<p style=\"text-align: justify;\">Consultado por la especulaci\u00f3n que hay sobre que\u00a0 el origen del incendio estar\u00eda en el recalentamiento de un calientacamas usado por la v\u00edctima, indic\u00f3 que ellos en la parte indagatoria se entrevistaron con\u00a0 testigos y familiares, estableciendo que el d\u00eda domingo, aproximadamente a las 23:00 horas, la v\u00edctima se fue a dormir, <em>\u00abenchufando en su dormitorio una estufa el\u00e9ctrica y aproximadamente a la una de la madrugada del d\u00eda lunes ya propiamente tal, el marido de la v\u00edctima escucha algunos ruidos y se percata que en definitiva el dormitorio estaba en llamas. Ellos conviv\u00edan juntos, pero en dormitorios apartes, entonces se percata de la existencia de las llamas y ante la imposibilidad de prestarle auxilio a la v\u00edctima, se comunica con vecinos quienes\u00a0 llaman a Bomberos,\u00a0 quienes posteriormente haber amagado\u00a0 el incendio encuentran el cuerpo de la se\u00f1ora\u00a0 fallecida\u00bb,<\/em> se\u00f1ala Lazen.<\/p>\n<p style=\"text-align: justify;\">El oficial explic\u00f3 que debido al poder cal\u00f3rico que se genera en el inmueble, se establece que en definitiva, el hecho se inicia al interior del dormitorio. Lo que se est\u00e1 dilucidando en este momento es qu\u00e9 artefacto habr\u00eda sido el iniciador del incendio propiamente tal.<\/p>\n<p style=\"text-align: justify;\">Importante se\u00f1alar que al sitio del suceso tambi\u00e9n concurri\u00f3 este lunes en la tarde personal de la PDI proveniente de las ciudades de Santiago y Valpara\u00edso, para efectuar los peritajes de rigor y posteriormente entregar sus informes al fiscal de turno de San Felipe.<\/p>\n<p style=\"text-align: justify;\">Recordar que este hecho lamentable se produjo a eso de la una de la madrugada de este lunes primero de junio.<\/p>\n<p style=\"text-align: justify;\">\n<figure id=\"attachment_99290\" aria-describedby=\"caption-attachment-99290\" style=\"width: 580px\" class=\"wp-caption alignnone\"><img data-recalc-dims=\"1\" loading=\"lazy\" decoding=\"async\" class=\"size-full wp-image-99290\" src=\"https:\/\/i0.wp.com\/eltrabajo.cl\/portal\/wp-content\/uploads\/2020\/06\/Plazuela.jpg?resize=580%2C360&#038;ssl=1\" alt=\"El incendio alcanz\u00f3 grandes proporciones, estableci\u00e9ndose que se habr\u00eda originado en el dormitorio de la v\u00edctima fatal. (Foto putaendoinforma.com)\" width=\"580\" height=\"360\" srcset=\"https:\/\/i0.wp.com\/eltrabajo.cl\/portal\/wp-content\/uploads\/2020\/06\/Plazuela.jpg?w=580&amp;ssl=1 580w, https:\/\/i0.wp.com\/eltrabajo.cl\/portal\/wp-content\/uploads\/2020\/06\/Plazuela.jpg?resize=300%2C186&amp;ssl=1 300w, https:\/\/i0.wp.com\/eltrabajo.cl\/portal\/wp-content\/uploads\/2020\/06\/Plazuela.jpg?resize=200%2C124&amp;ssl=1 200w, https:\/\/i0.wp.com\/eltrabajo.cl\/portal\/wp-content\/uploads\/2020\/06\/Plazuela.jpg?resize=150%2C93&amp;ssl=1 150w\" sizes=\"auto, (max-width: 580px) 100vw, 580px\" \/><figcaption id=\"caption-attachment-99290\" class=\"wp-caption-text\">El incendio alcanz\u00f3 grandes proporciones, estableci\u00e9ndose que se habr\u00eda originado en el dormitorio de la v\u00edctima fatal. (Foto putaendoinforma.com)<\/figcaption><\/figure>\n","protected":false},"excerpt":{"rendered":"<p>Muerte de esposa de empresario agr\u00edcola: Hasta el momento la causa de la muerte de Emilia In\u00e9s Ramelli Carret\u00f3n, de 75 a\u00f1os de edad, es indeterminada. De todas maneras, la PDI est\u00e1&#8230;<\/p>\n","protected":false},"author":482,"featured_media":99290,"comment_status":"closed","ping_status":"closed","sticky":false,"template":"","format":"standard","meta":{"advanced_seo_description":"","jetpack_seo_html_title":"","jetpack_seo_noindex":false,"_jetpack_memberships_contains_paid_content":false,"footnotes":""},"categories":[21],"tags":[],"class_list":["post-99289","post","type-post","status-publish","format-standard","has-post-thumbnail","hentry","category-policial"],"jetpack_featured_media_url":"https:\/\/i0.wp.com\/eltrabajo.cl\/portal\/wp-content\/uploads\/2020\/06\/Plazuela.jpg?fit=580%2C360&ssl=1","jetpack_sharing_enabled":true,"jetpack_likes_enabled":true,"jetpack-related-posts":[],"_links":{"self":[{"href":"https:\/\/eltrabajo.cl\/portal\/wp-json\/wp\/v2\/posts\/99289","targetHints":{"allow":["GET"]}}],"collection":[{"href":"https:\/\/eltrabajo.cl\/portal\/wp-json\/wp\/v2\/posts"}],"about":[{"href":"https:\/\/eltrabajo.cl\/portal\/wp-json\/wp\/v2\/types\/post"}],"author":[{"embeddable":true,"href":"https:\/\/eltrabajo.cl\/portal\/wp-json\/wp\/v2\/users\/482"}],"replies":[{"embeddable":true,"href":"https:\/\/eltrabajo.cl\/portal\/wp-json\/wp\/v2\/comments?post=99289"}],"version-history":[{"count":0,"href":"https:\/\/eltrabajo.cl\/portal\/wp-json\/wp\/v2\/posts\/99289\/revisions"}],"wp:featuredmedia":[{"embeddable":true,"href":"https:\/\/eltrabajo.cl\/portal\/wp-json\/wp\/v2\/media\/99290"}],"wp:attachment":[{"href":"https:\/\/eltrabajo.cl\/portal\/wp-json\/wp\/v2\/media?parent=99289"}],"wp:term":[{"taxonomy":"category","embeddable":true,"href":"https:\/\/eltrabajo.cl\/portal\/wp-json\/wp\/v2\/categories?post=99289"},{"taxonomy":"post_tag","embeddable":true,"href":"https:\/\/eltrabajo.cl\/portal\/wp-json\/wp\/v2\/tags?post=99289"}],"curies":[{"name":"wp","href":"https:\/\/api.w.org\/{rel}","templated":true}]}}