{"id":99292,"date":"2020-06-03T08:00:33","date_gmt":"2020-06-03T12:00:33","guid":{"rendered":"https:\/\/www.eltrabajo.cl\/portal\/?p=99292"},"modified":"2020-06-02T20:33:09","modified_gmt":"2020-06-03T00:33:09","slug":"una-mujer-resulto-herida-en-violento-choque-frontal-en-tocornal-con-chepical","status":"publish","type":"post","link":"https:\/\/eltrabajo.cl\/portal\/una-mujer-resulto-herida-en-violento-choque-frontal-en-tocornal-con-chepical\/","title":{"rendered":"Una mujer result\u00f3 herida en violento choque frontal en Tocornal con Chepical"},"content":{"rendered":"<p style=\"text-align: justify;\"><span style=\"color: #c81400;\"><strong>Paciente fue rescatada al quedar atrapada en auto menor:<\/strong><\/span><\/p>\n<p style=\"text-align: justify;\">Pasadas las 10:00 horas de este martes, en el cruce de camino Tocornal con Chepical, dos conductores protagonizaron una violenta colisi\u00f3n frontal de alta energ\u00eda con sus veh\u00edculos, lo que gener\u00f3 por algunos minutos el cierre total de la v\u00eda que une a Los Andes con San Felipe, mientras una mujer era liberada del interior del Chevrolet rojo patente CF 13-39, que fue colisionado por la camioneta Mazda cabina simple plateada patente ZR 41-50.<\/p>\n<p style=\"text-align: justify;\">\n<p style=\"text-align: justify;\"><span style=\"color: #c81400;\"><strong>\u00abSE NOS CRUZ\u00d3\u00bb<\/strong><\/span><\/p>\n<p style=\"text-align: justify;\">Producto del choque se hizo necesaria la presencia de Bomberos de Santa Mar\u00eda en el lugar. <strong>Diario El Trabajo<\/strong> pudo hablar con el conductor del auto m\u00e1s afectado, <strong>Luis N\u00fa\u00f1ez Brito<\/strong>, quien maniobraba el veh\u00edculo menor rojo, el que nos coment\u00f3 que <em>\u00abven\u00edamos de Los Andes e \u00edbamos para Santa Mar\u00eda, cuando ya entr\u00e1bamos hacia Santa Mar\u00eda se me cruz\u00f3 la camioneta ploma, se me cruz\u00f3 intempestivamente, la camioneta quiso tambi\u00e9n doblar para Santa Mar\u00eda, no me dio tiempo de maniobrar, el choque fue frontal para nosotros contra la esquina de la camioneta. Estoy sangrando por la nariz, ya me evaluaron pero no es grave el golpe. Mi acompa\u00f1ante sufri\u00f3 golpes en una de sus piernas y en el pecho, los dos ven\u00edamos con el cintur\u00f3n puesto\u00bb,<\/em> dijo el conductor.<\/p>\n<p style=\"text-align: justify;\">\n<p style=\"text-align: justify;\"><span style=\"color: #c81400;\"><strong>MUJER ATRAPADA<\/strong><\/span><\/p>\n<p style=\"text-align: justify;\"><strong>Diario El Trabajo<\/strong> habl\u00f3 tambi\u00e9n con <strong>Diego Arancibia Rodr\u00edguez<\/strong>, relacionador p\u00fablico del Cuerpo de Bomberos de Santa Mar\u00eda, quien nos inform\u00f3: <em>\u00abEl accidente ocurri\u00f3 en Tocornal a la salida de Chepical, con choque frontal de uno de los veh\u00edculos y el otro lateral. Son dos veh\u00edculos involucrados, un auto y una camioneta. Del veh\u00edculo menor rescatamos a una persona de sexo femenino que estaba atrapada en el interior del auto. Los bomberos trabajaron en la liberaci\u00f3n de la v\u00edctima. Al lugar concurrieron las tres compa\u00f1\u00edas de Bomberos. Por el momento Carabineros est\u00e1 investigando qui\u00e9n de los dos conductores se equivoc\u00f3 en la maniobra. Al llegar Bomberos, el conductor <\/em>(Luis N\u00fa\u00f1ez) <em>se movilizaba por sus propios medios, fuera del veh\u00edculo rojo que conduc\u00eda. La mujer una vez liberada fue derivada por el SAMU al Hospital San Camilo. Tambi\u00e9n apoyaron Seguridad Municipal y Carabineros de Santa Mar\u00eda<\/em>\u00bb, dijo Arancibia.<\/p>\n<p style=\"text-align: justify;\"><strong>Roberto Gonz\u00e1lez Short<\/strong><\/p>\n<p style=\"text-align: justify;\">\n<figure id=\"attachment_99293\" aria-describedby=\"caption-attachment-99293\" style=\"width: 580px\" class=\"wp-caption alignnone\"><img data-recalc-dims=\"1\" loading=\"lazy\" decoding=\"async\" class=\"size-full wp-image-99293\" src=\"https:\/\/i0.wp.com\/eltrabajo.cl\/portal\/wp-content\/uploads\/2020\/06\/Frontal1.jpg?resize=580%2C360&#038;ssl=1\" alt=\"TREMENDO CHOQUE.- As\u00ed qued\u00f3 el Chevrolet rojo patente CF 13-39, luego del aparatoso choque.\" width=\"580\" height=\"360\" srcset=\"https:\/\/i0.wp.com\/eltrabajo.cl\/portal\/wp-content\/uploads\/2020\/06\/Frontal1.jpg?w=580&amp;ssl=1 580w, https:\/\/i0.wp.com\/eltrabajo.cl\/portal\/wp-content\/uploads\/2020\/06\/Frontal1.jpg?resize=300%2C186&amp;ssl=1 300w, https:\/\/i0.wp.com\/eltrabajo.cl\/portal\/wp-content\/uploads\/2020\/06\/Frontal1.jpg?resize=200%2C124&amp;ssl=1 200w, https:\/\/i0.wp.com\/eltrabajo.cl\/portal\/wp-content\/uploads\/2020\/06\/Frontal1.jpg?resize=150%2C93&amp;ssl=1 150w\" sizes=\"auto, (max-width: 580px) 100vw, 580px\" \/><figcaption id=\"caption-attachment-99293\" class=\"wp-caption-text\">TREMENDO CHOQUE.- As\u00ed qued\u00f3 el Chevrolet rojo patente CF 13-39, luego del aparatoso choque.<\/figcaption><\/figure>\n<figure id=\"attachment_99294\" aria-describedby=\"caption-attachment-99294\" style=\"width: 580px\" class=\"wp-caption alignnone\"><img data-recalc-dims=\"1\" loading=\"lazy\" decoding=\"async\" class=\"size-full wp-image-99294\" src=\"https:\/\/i0.wp.com\/eltrabajo.cl\/portal\/wp-content\/uploads\/2020\/06\/Frontal2.jpg?resize=580%2C360&#038;ssl=1\" alt=\"EN EL LUGAR.- Las c\u00e1maras de Diario El Trabajo estuvieron en el lugar al momento del traslado de la mujer rescatada.\" width=\"580\" height=\"360\" srcset=\"https:\/\/i0.wp.com\/eltrabajo.cl\/portal\/wp-content\/uploads\/2020\/06\/Frontal2.jpg?w=580&amp;ssl=1 580w, https:\/\/i0.wp.com\/eltrabajo.cl\/portal\/wp-content\/uploads\/2020\/06\/Frontal2.jpg?resize=300%2C186&amp;ssl=1 300w, https:\/\/i0.wp.com\/eltrabajo.cl\/portal\/wp-content\/uploads\/2020\/06\/Frontal2.jpg?resize=200%2C124&amp;ssl=1 200w, https:\/\/i0.wp.com\/eltrabajo.cl\/portal\/wp-content\/uploads\/2020\/06\/Frontal2.jpg?resize=150%2C93&amp;ssl=1 150w\" sizes=\"auto, (max-width: 580px) 100vw, 580px\" \/><figcaption id=\"caption-attachment-99294\" class=\"wp-caption-text\">EN EL LUGAR.- Las c\u00e1maras de Diario El Trabajo estuvieron en el lugar al momento del traslado de la mujer rescatada.<\/figcaption><\/figure>\n<figure id=\"attachment_99295\" aria-describedby=\"caption-attachment-99295\" style=\"width: 580px\" class=\"wp-caption alignnone\"><img data-recalc-dims=\"1\" loading=\"lazy\" decoding=\"async\" class=\"size-full wp-image-99295\" src=\"https:\/\/i0.wp.com\/eltrabajo.cl\/portal\/wp-content\/uploads\/2020\/06\/Frontal3.jpg?resize=580%2C358&#038;ssl=1\" alt=\"PROTAGONISTA.- Esta es la camioneta que fue golpeada en la parte lateral, su conductor no sufri\u00f3 heridas.\" width=\"580\" height=\"358\" srcset=\"https:\/\/i0.wp.com\/eltrabajo.cl\/portal\/wp-content\/uploads\/2020\/06\/Frontal3.jpg?w=580&amp;ssl=1 580w, https:\/\/i0.wp.com\/eltrabajo.cl\/portal\/wp-content\/uploads\/2020\/06\/Frontal3.jpg?resize=300%2C185&amp;ssl=1 300w, https:\/\/i0.wp.com\/eltrabajo.cl\/portal\/wp-content\/uploads\/2020\/06\/Frontal3.jpg?resize=200%2C123&amp;ssl=1 200w, https:\/\/i0.wp.com\/eltrabajo.cl\/portal\/wp-content\/uploads\/2020\/06\/Frontal3.jpg?resize=150%2C93&amp;ssl=1 150w\" sizes=\"auto, (max-width: 580px) 100vw, 580px\" \/><figcaption id=\"caption-attachment-99295\" class=\"wp-caption-text\">PROTAGONISTA.- Esta es la camioneta que fue golpeada en la parte lateral, su conductor no sufri\u00f3 heridas.<\/figcaption><\/figure>\n<figure id=\"attachment_99296\" aria-describedby=\"caption-attachment-99296\" style=\"width: 580px\" class=\"wp-caption alignnone\"><img data-recalc-dims=\"1\" loading=\"lazy\" decoding=\"async\" class=\"size-full wp-image-99296\" src=\"https:\/\/i0.wp.com\/eltrabajo.cl\/portal\/wp-content\/uploads\/2020\/06\/Frontal_Diego-Arancibia-Rodriguez.jpg?resize=580%2C600&#038;ssl=1\" alt=\"Diego Arancibia Rodr\u00edguez, relacionador p\u00fablico del Cuerpo de Bomberos de Santa Mar\u00eda.\" width=\"580\" height=\"600\" srcset=\"https:\/\/i0.wp.com\/eltrabajo.cl\/portal\/wp-content\/uploads\/2020\/06\/Frontal_Diego-Arancibia-Rodriguez.jpg?w=580&amp;ssl=1 580w, https:\/\/i0.wp.com\/eltrabajo.cl\/portal\/wp-content\/uploads\/2020\/06\/Frontal_Diego-Arancibia-Rodriguez.jpg?resize=290%2C300&amp;ssl=1 290w, https:\/\/i0.wp.com\/eltrabajo.cl\/portal\/wp-content\/uploads\/2020\/06\/Frontal_Diego-Arancibia-Rodriguez.jpg?resize=145%2C150&amp;ssl=1 145w\" sizes=\"auto, (max-width: 580px) 100vw, 580px\" \/><figcaption id=\"caption-attachment-99296\" class=\"wp-caption-text\">Diego Arancibia Rodr\u00edguez, relacionador p\u00fablico del Cuerpo de Bomberos de Santa Mar\u00eda.<\/figcaption><\/figure>\n<figure id=\"attachment_99297\" aria-describedby=\"caption-attachment-99297\" style=\"width: 579px\" class=\"wp-caption alignnone\"><img data-recalc-dims=\"1\" loading=\"lazy\" decoding=\"async\" class=\"size-full wp-image-99297\" src=\"https:\/\/i0.wp.com\/eltrabajo.cl\/portal\/wp-content\/uploads\/2020\/06\/Frontal_Luis-Nunez-Brito.jpg?resize=579%2C600&#038;ssl=1\" alt=\"Luis N\u00fa\u00f1ez Brito, conduc\u00eda el veh\u00edculo menor rojo.\" width=\"579\" height=\"600\" srcset=\"https:\/\/i0.wp.com\/eltrabajo.cl\/portal\/wp-content\/uploads\/2020\/06\/Frontal_Luis-Nunez-Brito.jpg?w=579&amp;ssl=1 579w, https:\/\/i0.wp.com\/eltrabajo.cl\/portal\/wp-content\/uploads\/2020\/06\/Frontal_Luis-Nunez-Brito.jpg?resize=290%2C300&amp;ssl=1 290w, https:\/\/i0.wp.com\/eltrabajo.cl\/portal\/wp-content\/uploads\/2020\/06\/Frontal_Luis-Nunez-Brito.jpg?resize=145%2C150&amp;ssl=1 145w\" sizes=\"auto, (max-width: 579px) 100vw, 579px\" \/><figcaption id=\"caption-attachment-99297\" class=\"wp-caption-text\">Luis N\u00fa\u00f1ez Brito, conduc\u00eda el veh\u00edculo menor rojo.<\/figcaption><\/figure>\n","protected":false},"excerpt":{"rendered":"<p>Paciente fue rescatada al quedar atrapada en auto menor: Pasadas las 10:00 horas de este martes, en el cruce de camino Tocornal con Chepical, dos conductores protagonizaron una violenta colisi\u00f3n frontal de&#8230;<\/p>\n","protected":false},"author":482,"featured_media":99293,"comment_status":"closed","ping_status":"closed","sticky":false,"template":"","format":"standard","meta":{"advanced_seo_description":"","jetpack_seo_html_title":"","jetpack_seo_noindex":false,"_jetpack_memberships_contains_paid_content":false,"footnotes":""},"categories":[21],"tags":[],"class_list":["post-99292","post","type-post","status-publish","format-standard","has-post-thumbnail","hentry","category-policial"],"jetpack_featured_media_url":"https:\/\/i0.wp.com\/eltrabajo.cl\/portal\/wp-content\/uploads\/2020\/06\/Frontal1.jpg?fit=580%2C360&ssl=1","jetpack_sharing_enabled":true,"jetpack_likes_enabled":true,"jetpack-related-posts":[],"_links":{"self":[{"href":"https:\/\/eltrabajo.cl\/portal\/wp-json\/wp\/v2\/posts\/99292","targetHints":{"allow":["GET"]}}],"collection":[{"href":"https:\/\/eltrabajo.cl\/portal\/wp-json\/wp\/v2\/posts"}],"about":[{"href":"https:\/\/eltrabajo.cl\/portal\/wp-json\/wp\/v2\/types\/post"}],"author":[{"embeddable":true,"href":"https:\/\/eltrabajo.cl\/portal\/wp-json\/wp\/v2\/users\/482"}],"replies":[{"embeddable":true,"href":"https:\/\/eltrabajo.cl\/portal\/wp-json\/wp\/v2\/comments?post=99292"}],"version-history":[{"count":0,"href":"https:\/\/eltrabajo.cl\/portal\/wp-json\/wp\/v2\/posts\/99292\/revisions"}],"wp:featuredmedia":[{"embeddable":true,"href":"https:\/\/eltrabajo.cl\/portal\/wp-json\/wp\/v2\/media\/99293"}],"wp:attachment":[{"href":"https:\/\/eltrabajo.cl\/portal\/wp-json\/wp\/v2\/media?parent=99292"}],"wp:term":[{"taxonomy":"category","embeddable":true,"href":"https:\/\/eltrabajo.cl\/portal\/wp-json\/wp\/v2\/categories?post=99292"},{"taxonomy":"post_tag","embeddable":true,"href":"https:\/\/eltrabajo.cl\/portal\/wp-json\/wp\/v2\/tags?post=99292"}],"curies":[{"name":"wp","href":"https:\/\/api.w.org\/{rel}","templated":true}]}}