{"id":99300,"date":"2020-06-03T22:00:02","date_gmt":"2020-06-04T02:00:02","guid":{"rendered":"https:\/\/www.eltrabajo.cl\/portal\/?p=99300"},"modified":"2020-06-03T20:04:50","modified_gmt":"2020-06-04T00:04:50","slug":"se-acabo-el-martirio-para-hector-vega","status":"publish","type":"post","link":"https:\/\/eltrabajo.cl\/portal\/se-acabo-el-martirio-para-hector-vega\/","title":{"rendered":"Se acab\u00f3 el martirio para H\u00e9ctor Vega"},"content":{"rendered":"<p style=\"text-align: justify;\">Pasadas las cero horas de este mi\u00e9rcoles, el ex delantero de Uni\u00f3n San Felipe y Trasandino, <strong>H\u00e9ctor \u2018El Tanque\u2019 Vega<\/strong>, regres\u00f3 al pa\u00eds desde Centroam\u00e9rica. Junto al jugador retornaron otros 129 compatriotas que estaban varados en esa parte del continente debido a la pandemia del Covid\u201319.<\/p>\n<p style=\"text-align: justify;\">Para que se concretara el retorno del ariete y los otros connacionales, result\u00f3 fundamental la visualizaci\u00f3n que hicieron los medios de prensa sobre la dram\u00e1tica situaci\u00f3n por la que estaban atravesando en pa\u00edses que cuentan con sistemas de salud m\u00e1s precarios que el chileno. H\u00e9ctor Vega, quien regres\u00f3 desde Nicaragua, cont\u00f3 a <strong>El Trabajo Deportivo<\/strong> c\u00f3mo se gener\u00f3 el vuelo humanitario que dispuso el gobierno chileno para traerlos de regreso al pa\u00eds. <em>\u00abPrimero hicimos mucha presi\u00f3n por la prensa; a ra\u00edz de eso comenzaron a \u2018moverse\u2019 los c\u00f3nsules de Panam\u00e1 y Nicaragua. Cuando ya \u00e9ramos 130 personas se pudo conseguir el vuelo. Fue todo complicado; un viaje casi interminable, pero lo importante es que ya estamos ac\u00e1\u00bb.<\/em><\/p>\n<p style=\"text-align: justify;\">H\u00e9ctor Vega se encontraba jugando en el Juventus de la serie A del balompi\u00e9 nicarag\u00fcense cuando se desat\u00f3 el brote mundial del Covid\u201319.\u00a0 La situaci\u00f3n del ex Trasandino y Uni\u00f3n San Felipe, tuvo mucha repercusi\u00f3n en la opini\u00f3n p\u00fablica por lo que fue ampliamente difundida por los principales medios de comunicaci\u00f3n del pa\u00eds.<\/p>\n<p style=\"text-align: justify;\">\n<figure id=\"attachment_99301\" aria-describedby=\"caption-attachment-99301\" style=\"width: 580px\" class=\"wp-caption alignnone\"><img data-recalc-dims=\"1\" loading=\"lazy\" decoding=\"async\" class=\"size-full wp-image-99301\" src=\"https:\/\/i0.wp.com\/eltrabajo.cl\/portal\/wp-content\/uploads\/2020\/06\/hector-vega.jpg?resize=580%2C360&#038;ssl=1\" alt=\"En las primeras horas del mi\u00e9rcoles el ex delantero del Un\u00ed Un\u00ed y Trasandino pudo regresar a Chile.\" width=\"580\" height=\"360\" srcset=\"https:\/\/i0.wp.com\/eltrabajo.cl\/portal\/wp-content\/uploads\/2020\/06\/hector-vega.jpg?w=580&amp;ssl=1 580w, https:\/\/i0.wp.com\/eltrabajo.cl\/portal\/wp-content\/uploads\/2020\/06\/hector-vega.jpg?resize=300%2C186&amp;ssl=1 300w, https:\/\/i0.wp.com\/eltrabajo.cl\/portal\/wp-content\/uploads\/2020\/06\/hector-vega.jpg?resize=200%2C124&amp;ssl=1 200w, https:\/\/i0.wp.com\/eltrabajo.cl\/portal\/wp-content\/uploads\/2020\/06\/hector-vega.jpg?resize=150%2C93&amp;ssl=1 150w\" sizes=\"auto, (max-width: 580px) 100vw, 580px\" \/><figcaption id=\"caption-attachment-99301\" class=\"wp-caption-text\">En las primeras horas del mi\u00e9rcoles el ex delantero del Un\u00ed Un\u00ed y Trasandino pudo regresar a Chile.<\/figcaption><\/figure>\n","protected":false},"excerpt":{"rendered":"<p>Pasadas las cero horas de este mi\u00e9rcoles, el ex delantero de Uni\u00f3n San Felipe y Trasandino, H\u00e9ctor \u2018El Tanque\u2019 Vega, regres\u00f3 al pa\u00eds desde Centroam\u00e9rica. Junto al jugador retornaron otros 129 compatriotas&#8230;<\/p>\n","protected":false},"author":482,"featured_media":99301,"comment_status":"closed","ping_status":"closed","sticky":false,"template":"","format":"standard","meta":{"advanced_seo_description":"","jetpack_seo_html_title":"","jetpack_seo_noindex":false,"_jetpack_memberships_contains_paid_content":false,"footnotes":""},"categories":[19],"tags":[],"class_list":["post-99300","post","type-post","status-publish","format-standard","has-post-thumbnail","hentry","category-deportes"],"jetpack_featured_media_url":"https:\/\/i0.wp.com\/eltrabajo.cl\/portal\/wp-content\/uploads\/2020\/06\/hector-vega.jpg?fit=580%2C360&ssl=1","jetpack_sharing_enabled":true,"jetpack_likes_enabled":true,"jetpack-related-posts":[],"_links":{"self":[{"href":"https:\/\/eltrabajo.cl\/portal\/wp-json\/wp\/v2\/posts\/99300","targetHints":{"allow":["GET"]}}],"collection":[{"href":"https:\/\/eltrabajo.cl\/portal\/wp-json\/wp\/v2\/posts"}],"about":[{"href":"https:\/\/eltrabajo.cl\/portal\/wp-json\/wp\/v2\/types\/post"}],"author":[{"embeddable":true,"href":"https:\/\/eltrabajo.cl\/portal\/wp-json\/wp\/v2\/users\/482"}],"replies":[{"embeddable":true,"href":"https:\/\/eltrabajo.cl\/portal\/wp-json\/wp\/v2\/comments?post=99300"}],"version-history":[{"count":0,"href":"https:\/\/eltrabajo.cl\/portal\/wp-json\/wp\/v2\/posts\/99300\/revisions"}],"wp:featuredmedia":[{"embeddable":true,"href":"https:\/\/eltrabajo.cl\/portal\/wp-json\/wp\/v2\/media\/99301"}],"wp:attachment":[{"href":"https:\/\/eltrabajo.cl\/portal\/wp-json\/wp\/v2\/media?parent=99300"}],"wp:term":[{"taxonomy":"category","embeddable":true,"href":"https:\/\/eltrabajo.cl\/portal\/wp-json\/wp\/v2\/categories?post=99300"},{"taxonomy":"post_tag","embeddable":true,"href":"https:\/\/eltrabajo.cl\/portal\/wp-json\/wp\/v2\/tags?post=99300"}],"curies":[{"name":"wp","href":"https:\/\/api.w.org\/{rel}","templated":true}]}}