{"id":99303,"date":"2020-06-03T22:05:05","date_gmt":"2020-06-04T02:05:05","guid":{"rendered":"https:\/\/www.eltrabajo.cl\/portal\/?p=99303"},"modified":"2020-06-03T20:07:24","modified_gmt":"2020-06-04T00:07:24","slug":"movimiento-social-pide-al-gobierno-que-declare-cuarentena-total","status":"publish","type":"post","link":"https:\/\/eltrabajo.cl\/portal\/movimiento-social-pide-al-gobierno-que-declare-cuarentena-total\/","title":{"rendered":"Movimiento social pide al Gobierno que declare Cuarentena Total"},"content":{"rendered":"<p style=\"text-align: justify;\">Este mi\u00e9rcoles visit\u00f3 nuestra Sala de Redacci\u00f3n un de los voceros del \u2018<strong>Movimiento Todos y todas por Aconcagua<\/strong>\u2019, <strong>Boris Aedo Torres<\/strong>, quien impulsa junto a otras personas varias propuestas sociales, entre \u00e9stas hacer un llamado urgente a la autoridad nacional, tanto pol\u00edtica como sanitaria, a instalar lo antes posible una Cuarentena Total, con las medidas econ\u00f3micas que la faciliten en el Valle de Aconcagua.<\/p>\n<p style=\"text-align: justify;\">\u00ab<em>La cuarentena es una medida que est\u00e1 pidiendo el mundo pol\u00edtico de manera transversal en el valle, por lo que ahora debemos sumarnos desde el mundo social y territorial para exigir la inmediata implementaci\u00f3n de esta medida sanitaria. Adem\u00e1s, no se puede dejar de exigir que cuando se instale la cuarentena, la autoridad debe asegurar las condiciones econ\u00f3micas para que la gente se pueda quedar en sus casas, sin que tenga la obligaci\u00f3n de salir a trabajar, poni\u00e9ndose en riesgo a ella y sus familias\u00bb,<\/em> dijo Aedo a <strong>Diario El Trabajo<\/strong>.<\/p>\n<p style=\"text-align: justify;\">&#8211; <strong>\u00bfQu\u00e9 busca lograr este llamado a Cuarentena?<\/strong><\/p>\n<p style=\"text-align: justify;\">&#8211; En el fondo lo que planteamos es que se generen las condiciones adecuadas para que todos podamos realizar nuestra cuarentena, y eso implica que el Gobierno apruebe el ingreso m\u00ednimo de emergencia (350.000) y que se asegure el abastecimiento de las personas, pues pareciera que quieren dar prioridad a los millonarios negocios que a la salud y la vida de los chilenos.<\/p>\n<p style=\"text-align: justify;\">&#8211; <strong>\u00bfEsto se mueve s\u00f3lo en San Felipe o ya tienen vocer\u00edas en Los Andes?<\/strong><\/p>\n<p style=\"text-align: justify;\">&#8211; S\u00ed, en Los Andes est\u00e1 nuestro vocero Daniel Zamorano, tambi\u00e9n exgobernador de esa comuna, \u00e9l plantea que no se entiende desde ning\u00fan punto de vista que a\u00fan no se haya instalado esta medida sanitaria en la zona. Cuando uno analiza los datos epidemiol\u00f3gicos, la situaci\u00f3n sanitaria y las condiciones geogr\u00e1ficas y de conexi\u00f3n del Valle de Aconcagua, y de la regi\u00f3n en general, no se entiende de ninguna forma que la autoridad no haya instalado la Cuarentena Total desde hace un par de semanas en todo el territorio. La \u00fanica raz\u00f3n que se podr\u00eda encontrar para esta dilataci\u00f3n es que la autoridad s\u00f3lo quiere mantener la econom\u00eda funcionando el mayor tiempo posible por sobre la vida de las personas, lo que va en contra de toda l\u00f3gica humanitaria y es contrario a lo que se ha hecho en los pa\u00edses que han logrado contener el virus.<\/p>\n<p style=\"text-align: justify;\"><strong>Roberto Gonz\u00e1lez Short<\/strong><\/p>\n<p style=\"text-align: justify;\">\n<figure id=\"attachment_99305\" aria-describedby=\"caption-attachment-99305\" style=\"width: 580px\" class=\"wp-caption alignnone\"><img data-recalc-dims=\"1\" loading=\"lazy\" decoding=\"async\" class=\"size-full wp-image-99305\" src=\"https:\/\/i0.wp.com\/eltrabajo.cl\/portal\/wp-content\/uploads\/2020\/06\/Cuarentena2.jpg?resize=580%2C358&#038;ssl=1\" alt=\"UNA NUEVA LUCHA.- El \u2018Movimiento Todos y todas por Aconcagua\u2019 desde hace dos a\u00f1os viene manifest\u00e1ndose en distintos escenarios y con diferentes demandas civiles y sociales. (Archivo)\" width=\"580\" height=\"358\" srcset=\"https:\/\/i0.wp.com\/eltrabajo.cl\/portal\/wp-content\/uploads\/2020\/06\/Cuarentena2.jpg?w=580&amp;ssl=1 580w, https:\/\/i0.wp.com\/eltrabajo.cl\/portal\/wp-content\/uploads\/2020\/06\/Cuarentena2.jpg?resize=300%2C185&amp;ssl=1 300w, https:\/\/i0.wp.com\/eltrabajo.cl\/portal\/wp-content\/uploads\/2020\/06\/Cuarentena2.jpg?resize=200%2C123&amp;ssl=1 200w, https:\/\/i0.wp.com\/eltrabajo.cl\/portal\/wp-content\/uploads\/2020\/06\/Cuarentena2.jpg?resize=150%2C93&amp;ssl=1 150w\" sizes=\"auto, (max-width: 580px) 100vw, 580px\" \/><figcaption id=\"caption-attachment-99305\" class=\"wp-caption-text\">UNA NUEVA LUCHA.- El \u2018Movimiento Todos y todas por Aconcagua\u2019 desde hace dos a\u00f1os viene manifest\u00e1ndose en distintos escenarios y con diferentes demandas civiles y sociales. (Archivo)<\/figcaption><\/figure>\n<figure id=\"attachment_99304\" aria-describedby=\"caption-attachment-99304\" style=\"width: 580px\" class=\"wp-caption alignnone\"><img data-recalc-dims=\"1\" loading=\"lazy\" decoding=\"async\" class=\"size-full wp-image-99304\" src=\"https:\/\/i0.wp.com\/eltrabajo.cl\/portal\/wp-content\/uploads\/2020\/06\/Cuarentena_Boris-Aedo-Torres.jpg?resize=580%2C600&#038;ssl=1\" alt=\"Vocero del \u2018Movimiento Todos y todas por Aconcagua\u2019, Boris Aedo Torres.\" width=\"580\" height=\"600\" srcset=\"https:\/\/i0.wp.com\/eltrabajo.cl\/portal\/wp-content\/uploads\/2020\/06\/Cuarentena_Boris-Aedo-Torres.jpg?w=580&amp;ssl=1 580w, https:\/\/i0.wp.com\/eltrabajo.cl\/portal\/wp-content\/uploads\/2020\/06\/Cuarentena_Boris-Aedo-Torres.jpg?resize=290%2C300&amp;ssl=1 290w, https:\/\/i0.wp.com\/eltrabajo.cl\/portal\/wp-content\/uploads\/2020\/06\/Cuarentena_Boris-Aedo-Torres.jpg?resize=145%2C150&amp;ssl=1 145w\" sizes=\"auto, (max-width: 580px) 100vw, 580px\" \/><figcaption id=\"caption-attachment-99304\" class=\"wp-caption-text\">Vocero del \u2018Movimiento Todos y todas por Aconcagua\u2019, Boris Aedo Torres.<\/figcaption><\/figure>\n","protected":false},"excerpt":{"rendered":"<p>Este mi\u00e9rcoles visit\u00f3 nuestra Sala de Redacci\u00f3n un de los voceros del \u2018Movimiento Todos y todas por Aconcagua\u2019, Boris Aedo Torres, quien impulsa junto a otras personas varias propuestas sociales, entre \u00e9stas&#8230;<\/p>\n","protected":false},"author":482,"featured_media":99305,"comment_status":"closed","ping_status":"closed","sticky":false,"template":"","format":"standard","meta":{"advanced_seo_description":"","jetpack_seo_html_title":"","jetpack_seo_noindex":false,"_jetpack_memberships_contains_paid_content":false,"footnotes":""},"categories":[16],"tags":[],"class_list":["post-99303","post","type-post","status-publish","format-standard","has-post-thumbnail","hentry","category-politica"],"jetpack_featured_media_url":"https:\/\/i0.wp.com\/eltrabajo.cl\/portal\/wp-content\/uploads\/2020\/06\/Cuarentena2.jpg?fit=580%2C358&ssl=1","jetpack_sharing_enabled":true,"jetpack_likes_enabled":true,"jetpack-related-posts":[],"_links":{"self":[{"href":"https:\/\/eltrabajo.cl\/portal\/wp-json\/wp\/v2\/posts\/99303","targetHints":{"allow":["GET"]}}],"collection":[{"href":"https:\/\/eltrabajo.cl\/portal\/wp-json\/wp\/v2\/posts"}],"about":[{"href":"https:\/\/eltrabajo.cl\/portal\/wp-json\/wp\/v2\/types\/post"}],"author":[{"embeddable":true,"href":"https:\/\/eltrabajo.cl\/portal\/wp-json\/wp\/v2\/users\/482"}],"replies":[{"embeddable":true,"href":"https:\/\/eltrabajo.cl\/portal\/wp-json\/wp\/v2\/comments?post=99303"}],"version-history":[{"count":0,"href":"https:\/\/eltrabajo.cl\/portal\/wp-json\/wp\/v2\/posts\/99303\/revisions"}],"wp:featuredmedia":[{"embeddable":true,"href":"https:\/\/eltrabajo.cl\/portal\/wp-json\/wp\/v2\/media\/99305"}],"wp:attachment":[{"href":"https:\/\/eltrabajo.cl\/portal\/wp-json\/wp\/v2\/media?parent=99303"}],"wp:term":[{"taxonomy":"category","embeddable":true,"href":"https:\/\/eltrabajo.cl\/portal\/wp-json\/wp\/v2\/categories?post=99303"},{"taxonomy":"post_tag","embeddable":true,"href":"https:\/\/eltrabajo.cl\/portal\/wp-json\/wp\/v2\/tags?post=99303"}],"curies":[{"name":"wp","href":"https:\/\/api.w.org\/{rel}","templated":true}]}}