{"id":99307,"date":"2020-06-03T22:10:34","date_gmt":"2020-06-04T02:10:34","guid":{"rendered":"https:\/\/www.eltrabajo.cl\/portal\/?p=99307"},"modified":"2020-06-03T20:10:20","modified_gmt":"2020-06-04T00:10:20","slug":"con-63-nuevos-casos-aconcagua-registra-su-peor-dia-en-cuanto-a-contagios","status":"publish","type":"post","link":"https:\/\/eltrabajo.cl\/portal\/con-63-nuevos-casos-aconcagua-registra-su-peor-dia-en-cuanto-a-contagios\/","title":{"rendered":"Con 63 nuevos casos Aconcagua registra su peor d\u00eda en cuanto a contagios"},"content":{"rendered":"<p style=\"text-align: justify;\"><span style=\"color: #c81400;\"><strong>\u00a1D\u00eda negro por Covid-19!:<\/strong><\/span><\/p>\n<p style=\"text-align: justify;\">Desde que se inici\u00f3 la pandemia, el Valle del Aconcagua no hab\u00eda registrado tantos casos en un solo d\u00eda como lo informado el d\u00eda de ayer por el Seremi de Salud de la Quinta Regi\u00f3n, doctor <strong>Jaime Jamett<\/strong>. En total fueron 63 los casos informados por la autoridad.<\/p>\n<p style=\"text-align: justify;\">De acuerdo al detalle, los nuevos casos corresponden a 20 en Los Andes, 8 en Calle Larga, 4 en Rinconada, 5 en San Esteban, 1 en Catemu, 3 en Llay Llay, 2 en Panquehue, 19 en San Felipe y 1 en Santa Mar\u00eda.<\/p>\n<p style=\"text-align: justify;\">Los Andes y San Felipe lideran a nivel del valle la cantidad de contagios con 160 y 149 respectivamente.<\/p>\n<p>&nbsp;<\/p>\n<figure id=\"attachment_99308\" aria-describedby=\"caption-attachment-99308\" style=\"width: 580px\" class=\"wp-caption alignnone\"><a href=\"https:\/\/i0.wp.com\/eltrabajo.cl\/portal\/wp-content\/uploads\/2020\/06\/Covid-Mapa.jpg?ssl=1\"><img data-recalc-dims=\"1\" loading=\"lazy\" decoding=\"async\" class=\"wp-image-99308 size-full\" src=\"https:\/\/i0.wp.com\/eltrabajo.cl\/portal\/wp-content\/uploads\/2020\/06\/Covid-Mapa-2.jpg?resize=580%2C360&#038;ssl=1\" alt=\"Este es el mapa dado a conocer ayer y correspondiente al d\u00eda anterior, donde se indica la cantidad de contagiados.\" width=\"580\" height=\"360\" srcset=\"https:\/\/i0.wp.com\/eltrabajo.cl\/portal\/wp-content\/uploads\/2020\/06\/Covid-Mapa-2.jpg?w=580&amp;ssl=1 580w, https:\/\/i0.wp.com\/eltrabajo.cl\/portal\/wp-content\/uploads\/2020\/06\/Covid-Mapa-2.jpg?resize=300%2C186&amp;ssl=1 300w, https:\/\/i0.wp.com\/eltrabajo.cl\/portal\/wp-content\/uploads\/2020\/06\/Covid-Mapa-2.jpg?resize=200%2C124&amp;ssl=1 200w, https:\/\/i0.wp.com\/eltrabajo.cl\/portal\/wp-content\/uploads\/2020\/06\/Covid-Mapa-2.jpg?resize=150%2C93&amp;ssl=1 150w\" sizes=\"auto, (max-width: 580px) 100vw, 580px\" \/><\/a><figcaption id=\"caption-attachment-99308\" class=\"wp-caption-text\">Este es el mapa dado a conocer ayer y correspondiente al d\u00eda anterior, donde se indica la cantidad de contagiados.<\/figcaption><\/figure>\n","protected":false},"excerpt":{"rendered":"<p>\u00a1D\u00eda negro por Covid-19!: Desde que se inici\u00f3 la pandemia, el Valle del Aconcagua no hab\u00eda registrado tantos casos en un solo d\u00eda como lo informado el d\u00eda de ayer por el&#8230;<\/p>\n","protected":false},"author":482,"featured_media":99308,"comment_status":"closed","ping_status":"closed","sticky":false,"template":"","format":"standard","meta":{"advanced_seo_description":"","jetpack_seo_html_title":"","jetpack_seo_noindex":false,"_jetpack_memberships_contains_paid_content":false,"footnotes":""},"categories":[103],"tags":[],"class_list":["post-99307","post","type-post","status-publish","format-standard","has-post-thumbnail","hentry","category-cronica-2"],"jetpack_featured_media_url":"https:\/\/i0.wp.com\/eltrabajo.cl\/portal\/wp-content\/uploads\/2020\/06\/Covid-Mapa-2.jpg?fit=580%2C360&ssl=1","jetpack_sharing_enabled":true,"jetpack_likes_enabled":true,"jetpack-related-posts":[],"_links":{"self":[{"href":"https:\/\/eltrabajo.cl\/portal\/wp-json\/wp\/v2\/posts\/99307","targetHints":{"allow":["GET"]}}],"collection":[{"href":"https:\/\/eltrabajo.cl\/portal\/wp-json\/wp\/v2\/posts"}],"about":[{"href":"https:\/\/eltrabajo.cl\/portal\/wp-json\/wp\/v2\/types\/post"}],"author":[{"embeddable":true,"href":"https:\/\/eltrabajo.cl\/portal\/wp-json\/wp\/v2\/users\/482"}],"replies":[{"embeddable":true,"href":"https:\/\/eltrabajo.cl\/portal\/wp-json\/wp\/v2\/comments?post=99307"}],"version-history":[{"count":0,"href":"https:\/\/eltrabajo.cl\/portal\/wp-json\/wp\/v2\/posts\/99307\/revisions"}],"wp:featuredmedia":[{"embeddable":true,"href":"https:\/\/eltrabajo.cl\/portal\/wp-json\/wp\/v2\/media\/99308"}],"wp:attachment":[{"href":"https:\/\/eltrabajo.cl\/portal\/wp-json\/wp\/v2\/media?parent=99307"}],"wp:term":[{"taxonomy":"category","embeddable":true,"href":"https:\/\/eltrabajo.cl\/portal\/wp-json\/wp\/v2\/categories?post=99307"},{"taxonomy":"post_tag","embeddable":true,"href":"https:\/\/eltrabajo.cl\/portal\/wp-json\/wp\/v2\/tags?post=99307"}],"curies":[{"name":"wp","href":"https:\/\/api.w.org\/{rel}","templated":true}]}}