{"id":99311,"date":"2020-06-04T07:30:32","date_gmt":"2020-06-04T11:30:32","guid":{"rendered":"https:\/\/www.eltrabajo.cl\/portal\/?p=99311"},"modified":"2020-06-03T20:12:32","modified_gmt":"2020-06-04T00:12:32","slug":"mim-inicia-formato-en-vivo-con-ciclo-sobre-exploracion-espacial","status":"publish","type":"post","link":"https:\/\/eltrabajo.cl\/portal\/mim-inicia-formato-en-vivo-con-ciclo-sobre-exploracion-espacial\/","title":{"rendered":"MIM inicia formato en vivo con ciclo sobre Exploraci\u00f3n Espacial"},"content":{"rendered":"<ul style=\"text-align: justify;\">\n<li><strong> Todos los viernes de junio a las 17:30 horas, el astr\u00f3nomo del museo explicar\u00e1 algunos aspectos de la carrera espacial, con experimentos cient\u00edficos sencillos para acercar la ciencia a toda la familia. <\/strong><\/li>\n<\/ul>\n<p style=\"text-align: justify;\">Desde este viernes 5 de junio el Museo Interactivo Mirador (MIM), a trav\u00e9s de su versi\u00f3n virtual <strong>\u2018MIM en Casa\u2019<\/strong>, iniciar\u00e1 el formato de transmisiones en vivo por Instagram Live con un ciclo de cuatro charlas interactivas sobre Exploraci\u00f3n Espacial, a ra\u00edz del inter\u00e9s que suscit\u00f3 el reciente lanzamiento de la c\u00e1psula Crew Dragon de SpaceX el s\u00e1bado pasado.<\/p>\n<p style=\"text-align: justify;\">Porque las cosas a 400 km de altura, y orbitando la Tierra a 28 mil km\/h, no siempre son como se espera, en este ciclo en vivo el astr\u00f3nomo del MIM, <strong>Sergio V\u00e1squez<\/strong>, abordar\u00e1 algunos aspectos de la carrera espacial que siempre alimentan la curiosidad, todos los viernes de junio a las 17:30 horas, de manera de finalizar la jornada laboral y educativa de las familias con un espacio de ciencia entretenida.<\/p>\n<p style=\"text-align: justify;\">Entre los temas a tratar est\u00e1n la Estaci\u00f3n Espacial Internacional, el comienzo de los viajes comerciales al espacio, las intenciones de la vuelta a la Luna y las misiones a Marte. Para esto se usar\u00e1n ejemplos experimentales sencillos y claros, que ayuden a acercar alg\u00fan concepto relacionado a la tem\u00e1tica, estrategia educativa que marca el sello del museo.<\/p>\n<p style=\"text-align: justify;\">El MIM, que es parte de la Red de Fundaciones de la Presidencia, busca con esta iniciativa generar un canal m\u00e1s directo que permita responder dudas y conversar sobre temas contingentes relacionados con la ciencia, de forma cercana, entendible y entretenida.<\/p>\n<p style=\"text-align: justify;\">\n<figure id=\"attachment_99312\" aria-describedby=\"caption-attachment-99312\" style=\"width: 580px\" class=\"wp-caption alignnone\"><img data-recalc-dims=\"1\" loading=\"lazy\" decoding=\"async\" class=\"size-full wp-image-99312\" src=\"https:\/\/i0.wp.com\/eltrabajo.cl\/portal\/wp-content\/uploads\/2020\/06\/sergio_vasquez_astronomo_mim.jpg?resize=580%2C360&#038;ssl=1\" alt=\"El astr\u00f3nomo del MIM, Sergio V\u00e1squez, abordar\u00e1 algunos aspectos de la carrera espacial que siempre alimentan la curiosidad.\" width=\"580\" height=\"360\" srcset=\"https:\/\/i0.wp.com\/eltrabajo.cl\/portal\/wp-content\/uploads\/2020\/06\/sergio_vasquez_astronomo_mim.jpg?w=580&amp;ssl=1 580w, https:\/\/i0.wp.com\/eltrabajo.cl\/portal\/wp-content\/uploads\/2020\/06\/sergio_vasquez_astronomo_mim.jpg?resize=300%2C186&amp;ssl=1 300w, https:\/\/i0.wp.com\/eltrabajo.cl\/portal\/wp-content\/uploads\/2020\/06\/sergio_vasquez_astronomo_mim.jpg?resize=200%2C124&amp;ssl=1 200w, https:\/\/i0.wp.com\/eltrabajo.cl\/portal\/wp-content\/uploads\/2020\/06\/sergio_vasquez_astronomo_mim.jpg?resize=150%2C93&amp;ssl=1 150w\" sizes=\"auto, (max-width: 580px) 100vw, 580px\" \/><figcaption id=\"caption-attachment-99312\" class=\"wp-caption-text\">El astr\u00f3nomo del MIM, Sergio V\u00e1squez, abordar\u00e1 algunos aspectos de la carrera espacial que siempre alimentan la curiosidad.<\/figcaption><\/figure>\n","protected":false},"excerpt":{"rendered":"<p>Todos los viernes de junio a las 17:30 horas, el astr\u00f3nomo del museo explicar\u00e1 algunos aspectos de la carrera espacial, con experimentos cient\u00edficos sencillos para acercar la ciencia a toda la familia&#8230;.<\/p>\n","protected":false},"author":482,"featured_media":99312,"comment_status":"closed","ping_status":"closed","sticky":false,"template":"","format":"standard","meta":{"advanced_seo_description":"","jetpack_seo_html_title":"","jetpack_seo_noindex":false,"_jetpack_memberships_contains_paid_content":false,"footnotes":""},"categories":[103],"tags":[],"class_list":["post-99311","post","type-post","status-publish","format-standard","has-post-thumbnail","hentry","category-cronica-2"],"jetpack_featured_media_url":"https:\/\/i0.wp.com\/eltrabajo.cl\/portal\/wp-content\/uploads\/2020\/06\/sergio_vasquez_astronomo_mim.jpg?fit=580%2C360&ssl=1","jetpack_sharing_enabled":true,"jetpack_likes_enabled":true,"jetpack-related-posts":[],"_links":{"self":[{"href":"https:\/\/eltrabajo.cl\/portal\/wp-json\/wp\/v2\/posts\/99311","targetHints":{"allow":["GET"]}}],"collection":[{"href":"https:\/\/eltrabajo.cl\/portal\/wp-json\/wp\/v2\/posts"}],"about":[{"href":"https:\/\/eltrabajo.cl\/portal\/wp-json\/wp\/v2\/types\/post"}],"author":[{"embeddable":true,"href":"https:\/\/eltrabajo.cl\/portal\/wp-json\/wp\/v2\/users\/482"}],"replies":[{"embeddable":true,"href":"https:\/\/eltrabajo.cl\/portal\/wp-json\/wp\/v2\/comments?post=99311"}],"version-history":[{"count":0,"href":"https:\/\/eltrabajo.cl\/portal\/wp-json\/wp\/v2\/posts\/99311\/revisions"}],"wp:featuredmedia":[{"embeddable":true,"href":"https:\/\/eltrabajo.cl\/portal\/wp-json\/wp\/v2\/media\/99312"}],"wp:attachment":[{"href":"https:\/\/eltrabajo.cl\/portal\/wp-json\/wp\/v2\/media?parent=99311"}],"wp:term":[{"taxonomy":"category","embeddable":true,"href":"https:\/\/eltrabajo.cl\/portal\/wp-json\/wp\/v2\/categories?post=99311"},{"taxonomy":"post_tag","embeddable":true,"href":"https:\/\/eltrabajo.cl\/portal\/wp-json\/wp\/v2\/tags?post=99311"}],"curies":[{"name":"wp","href":"https:\/\/api.w.org\/{rel}","templated":true}]}}