{"id":99314,"date":"2020-06-04T07:40:45","date_gmt":"2020-06-04T11:40:45","guid":{"rendered":"https:\/\/www.eltrabajo.cl\/portal\/?p=99314"},"modified":"2020-06-03T20:17:53","modified_gmt":"2020-06-04T00:17:53","slug":"negativa-del-directorio-a-cuidar-a-sus-bomberos-gatillo-renuncia-de-hardoy","status":"publish","type":"post","link":"https:\/\/eltrabajo.cl\/portal\/negativa-del-directorio-a-cuidar-a-sus-bomberos-gatillo-renuncia-de-hardoy\/","title":{"rendered":"Negativa del Directorio a cuidar a sus Bomberos gatill\u00f3 renuncia de Hardoy"},"content":{"rendered":"<p style=\"text-align: justify;\"><span style=\"color: #c81400;\"><strong>Superintendente habla claro sobre su salida del cargo:<\/strong><\/span><\/p>\n<p style=\"text-align: justify;\">Desde hace varias semanas se supo que tras once a\u00f1os en su cargo, el superintendente del Cuerpo de Bomberos de San Felipe, <strong>Julio Hardoy Baylaucq<\/strong> hab\u00eda presentado su irrevocable renuncia. Pero aunque los medios de comunicaci\u00f3n intentamos conocer las razones, no fue hasta ayer mi\u00e9rcoles cuando Hardoy nos concedi\u00f3 una entrevista exclusiva, respondiendo por lo tanto a nuestras consultas.<\/p>\n<p style=\"text-align: justify;\">\n<p style=\"text-align: justify;\"><span style=\"color: #c81400;\"><strong>\u00abES INCOMPATIBLE\u00bb<\/strong><\/span><\/p>\n<p style=\"text-align: justify;\">El tema, las razones de su renuncia dicen relaci\u00f3n a la incongruencia que Julio observa entre el esp\u00edritu de Bomberos y las acciones del Cuerpo como tal, representado en este caso por quienes conforman el Directorio General.<\/p>\n<p style=\"text-align: justify;\">&#8211; <strong>\u00bfQu\u00e9 pas\u00f3, c\u00f3mo es que usted tir\u00f3 la toalla siendo que se te conoce como a una persona muy tolerante?<\/strong><\/p>\n<p style=\"text-align: justify;\">&#8211; Yo he sido por parte de una mayor\u00eda dentro del Directorio General de Bomberos de San Felipe, cuestionado en t\u00e9rminos de la seriedad con la cual he enfrentado el tema de la pandemia respecto de un plan que present\u00f3 la Superintendencia en conjunto con la Secretar\u00eda General y la Tesorer\u00eda General, para la implementaci\u00f3n respecto de elementos de protecci\u00f3n personal para los bomberos voluntarios, que establec\u00edan la adquisici\u00f3n de equipo de protecci\u00f3n personal y elementos de descontaminaci\u00f3n, entre los cuales figuraba en ese proyecto un sistema de lavander\u00eda para sanitizar los equipos de protecci\u00f3n personal del personal, mediante un lavado y despu\u00e9s la aplicaci\u00f3n de un equipo de ozono en una c\u00e1mara aislada que permit\u00eda dar seguridad para que no se generara contaminaci\u00f3n cruzada. Ese proyecto cont\u00f3 con el apoyo del Departamento M\u00e9dico, tambi\u00e9n nos hicimos asesorar con cuerpos de Bomberos de Valpara\u00edso y de Santiago, era una experiencia que ya se hab\u00eda aplicado en esas instituciones con resultados muy exitosos y cuyo financiamiento ten\u00edamos a partir de un recorte presupuestario producto de la no realizaci\u00f3n de las actividades del 11 de marzo y el 30 de junio, y tampoco la realizaci\u00f3n de cursos de capacitaci\u00f3n que hoy d\u00eda se hacen v\u00eda Online.<\/p>\n<p style=\"text-align: justify;\">&#8211; <strong>\u00bfEl directorio entonces se opuso a proteger a sus voluntarios con este proyecto?<\/strong><\/p>\n<p style=\"text-align: justify;\">&#8211; Bueno se present\u00f3 esta situaci\u00f3n en dos reuniones de Directorio General se analizaron seriamente y finalmente cuestion\u00f3 esta posici\u00f3n que iba en beneficio directo de la seguridad de los bomberos y de sus familias. Ante esa situaci\u00f3n la verdad es que yo prefiero mantenerme al margen, porque yo creo que aqu\u00ed se est\u00e1 jugando con una responsabilidad.<\/p>\n<p style=\"text-align: justify;\">&#8211; <strong>\u00bfUsted entonces renuncia porque no le aprobaron el proyecto para sus bomberos?<\/strong><\/p>\n<p style=\"text-align: justify;\">&#8211; Por supuesto, yo estoy a favor de este proyecto, se lo plante\u00e9 a los tres comandantes; ellos en teor\u00eda estaban de acuerdo, ellos son subalternos de la Superintendencia, pero finalmente cuando lleg\u00f3 la votaci\u00f3n, en ese momento se cuestion\u00f3 el manejo de los recursos para estos efectos.<\/p>\n<p style=\"text-align: justify;\">&#8211; <strong>\u00bfC\u00f3mo argumentaron su negativa a darle curso a esta propuesta tan necesaria?<\/strong><\/p>\n<p style=\"text-align: justify;\">&#8211; Se dijo por parte de algunos oficiales que era un an\u00e1lisis incompleto y bueno, frente a una situaci\u00f3n de esas caracter\u00edsticas donde se cuestiona este proyecto que es un proyecto menor por lo dem\u00e1s y representaba una importante rentabilidad, yo prefiero mejor dar un paso al lado porque finalmente el responsable ante lo que pase en la Instituci\u00f3n es el Superintendente, y si pasara que Dios no quiera, pero y si pasara que vaya un voluntario a un rescate, y hay una persona positiva con Covid-19 y que este voluntario regrese al cuartel y contamine a todos y contaminen a los dem\u00e1s voluntarios y ponga en riesgo a los bomberos de mayor edad, y que hasta por este mismo proceso lleve su equipo a la casa y contamine a toda su familia, la verdad es que yo frente a esa situaci\u00f3n prefer\u00ed ser consecuente con mis principios y dar un paso al lado. Le di un plazo de 30 d\u00edas al Directorio para que elijan nuevas autoridades si as\u00ed lo estiman.<\/p>\n<p style=\"text-align: justify;\">&#8211; <strong>\u00bfUsted renunci\u00f3 por escrito, por tel\u00e9fono, verbalmente, c\u00f3mo present\u00f3 usted su renuncia?<\/strong><\/p>\n<p style=\"text-align: justify;\">&#8211; En una reuni\u00f3n de Directorio General yo present\u00e9 mi carta y me retir\u00e9 del directorio, manifest\u00e9 que mantengo la Firma y seguir\u00e9 atendiendo las situaciones que correspondan a la Superintendencia y les di 30 d\u00edas al Directorio para que puedan ellos elegir a su nueva autoridad para tener as\u00ed un traspaso de la mejor forma posible.<\/p>\n<p style=\"text-align: justify;\">&#8211; <strong>\u00bfC\u00f3mo entiende usted esta negativa a gastar menos de $4 millones en algo tan vital para quienes arriesgan siempre sus vidas por ayudarnos?<\/strong><\/p>\n<p style=\"text-align: justify;\">&#8211; Es que no, yo no puedo entender c\u00f3mo, el Directorio General de Bomberos apruebe una comida de tres millones de pesos, y rechaza un proyecto de $3.800.000 para brindarle seguridad a los voluntarios en t\u00e9rminos de un equipo para sanitizar los equipos de protecci\u00f3n personal, que por lo dem\u00e1s fueron adquiridos por esta Superintendencia.<\/p>\n<p style=\"text-align: justify;\">&#8211; <strong>\u00bfActualmente se est\u00e1n exponiendo entonces nuestros bomberos en cada cumplimiento o rescate que realizan en terreno?<\/strong><\/p>\n<p style=\"text-align: justify;\">&#8211; No s\u00e9 si se exponen o no, los bomberos hoy d\u00eda tienen parte de equipamiento que s\u00ed les compramos, pero un bombero que va a un rescate, de partida todos los servicios de Bomberos se tiene que entender que se atiende a personas con Covid-19 positivo, por lo tanto todos los bomberos al regresar al cuartel tendr\u00edan que sacarse todo su uniforme, ser sanitizados como corresponde, se les deber\u00eda dar otro uniforme limpio, deber\u00eda de sanitizarse por completo el carro usado con todos sus elementos y se deber\u00eda tambi\u00e9n disponer de un nuevo traje para la siguiente emergencia. Eso es lo que nosotros propon\u00edamos y eso es lo que fue rechazado por el Directorio General; este no es cualquier proyecto, esto trata sobre la vida de las personas, y como yo entr\u00e9 a Bomberos a salvar vidas entonces me parece incompatible.<\/p>\n<p style=\"text-align: justify;\">&#8211; <strong>\u00bfSe retira usted enojado con alguien tras este pol\u00e9mico cap\u00edtulo?<\/strong><\/p>\n<p style=\"text-align: justify;\">&#8211; No. Para nada, no me voy enojado, al contrario yo sigo siendo bombero, quiero mucho a la Instituci\u00f3n, estoy muy agradecido del Cuerpo de Bomberos de la oportunidad que se me dio durante todos estos a\u00f1os.<\/p>\n<p style=\"text-align: justify;\"><strong>Roberto Gonz\u00e1lez Short<\/strong><\/p>\n<p style=\"text-align: justify;\">\n<figure id=\"attachment_99316\" aria-describedby=\"caption-attachment-99316\" style=\"width: 580px\" class=\"wp-caption alignnone\"><img data-recalc-dims=\"1\" loading=\"lazy\" decoding=\"async\" class=\"size-full wp-image-99316\" src=\"https:\/\/i0.wp.com\/eltrabajo.cl\/portal\/wp-content\/uploads\/2020\/06\/Renuncia1.jpg?resize=580%2C360&#038;ssl=1\" alt=\"\u00bfQUI\u00c9N LO REMPLAZAR\u00c1?- Tras 11 a\u00f1os como Superintendente, el \u2018Hombre Fuerte\u2019 del Cuerpo de Bomberos de San Felipe, Julio Hardoy Baylaucq, dejar\u00e1 su cargo este jueves 11 de junio.\" width=\"580\" height=\"360\" srcset=\"https:\/\/i0.wp.com\/eltrabajo.cl\/portal\/wp-content\/uploads\/2020\/06\/Renuncia1.jpg?w=580&amp;ssl=1 580w, https:\/\/i0.wp.com\/eltrabajo.cl\/portal\/wp-content\/uploads\/2020\/06\/Renuncia1.jpg?resize=300%2C186&amp;ssl=1 300w, https:\/\/i0.wp.com\/eltrabajo.cl\/portal\/wp-content\/uploads\/2020\/06\/Renuncia1.jpg?resize=200%2C124&amp;ssl=1 200w, https:\/\/i0.wp.com\/eltrabajo.cl\/portal\/wp-content\/uploads\/2020\/06\/Renuncia1.jpg?resize=150%2C93&amp;ssl=1 150w\" sizes=\"auto, (max-width: 580px) 100vw, 580px\" \/><figcaption id=\"caption-attachment-99316\" class=\"wp-caption-text\">\u00bfQUI\u00c9N LO REMPLAZAR\u00c1?- Tras 11 a\u00f1os como Superintendente, el \u2018Hombre Fuerte\u2019 del Cuerpo de Bomberos de San Felipe, Julio Hardoy Baylaucq, dejar\u00e1 su cargo este jueves 11 de junio.<\/figcaption><\/figure>\n<figure id=\"attachment_99315\" aria-describedby=\"caption-attachment-99315\" style=\"width: 580px\" class=\"wp-caption alignnone\"><img data-recalc-dims=\"1\" loading=\"lazy\" decoding=\"async\" class=\"size-full wp-image-99315\" src=\"https:\/\/i0.wp.com\/eltrabajo.cl\/portal\/wp-content\/uploads\/2020\/06\/Renuncia_Julio-Hardoy.jpg?resize=580%2C598&#038;ssl=1\" alt=\"Superintendente del Cuerpo de Bomberos de San Felipe, Julio Hardoy Baylaucq.\" width=\"580\" height=\"598\" srcset=\"https:\/\/i0.wp.com\/eltrabajo.cl\/portal\/wp-content\/uploads\/2020\/06\/Renuncia_Julio-Hardoy.jpg?w=580&amp;ssl=1 580w, https:\/\/i0.wp.com\/eltrabajo.cl\/portal\/wp-content\/uploads\/2020\/06\/Renuncia_Julio-Hardoy.jpg?resize=291%2C300&amp;ssl=1 291w, https:\/\/i0.wp.com\/eltrabajo.cl\/portal\/wp-content\/uploads\/2020\/06\/Renuncia_Julio-Hardoy.jpg?resize=145%2C150&amp;ssl=1 145w\" sizes=\"auto, (max-width: 580px) 100vw, 580px\" \/><figcaption id=\"caption-attachment-99315\" class=\"wp-caption-text\">Superintendente del Cuerpo de Bomberos de San Felipe, Julio Hardoy Baylaucq.<\/figcaption><\/figure>\n","protected":false},"excerpt":{"rendered":"<p>Superintendente habla claro sobre su salida del cargo: Desde hace varias semanas se supo que tras once a\u00f1os en su cargo, el superintendente del Cuerpo de Bomberos de San Felipe, Julio Hardoy&#8230;<\/p>\n","protected":false},"author":482,"featured_media":99316,"comment_status":"closed","ping_status":"closed","sticky":false,"template":"","format":"standard","meta":{"advanced_seo_description":"","jetpack_seo_html_title":"","jetpack_seo_noindex":false,"_jetpack_memberships_contains_paid_content":false,"footnotes":""},"categories":[103],"tags":[],"class_list":["post-99314","post","type-post","status-publish","format-standard","has-post-thumbnail","hentry","category-cronica-2"],"jetpack_featured_media_url":"https:\/\/i0.wp.com\/eltrabajo.cl\/portal\/wp-content\/uploads\/2020\/06\/Renuncia1.jpg?fit=580%2C360&ssl=1","jetpack_sharing_enabled":true,"jetpack_likes_enabled":true,"jetpack-related-posts":[],"_links":{"self":[{"href":"https:\/\/eltrabajo.cl\/portal\/wp-json\/wp\/v2\/posts\/99314","targetHints":{"allow":["GET"]}}],"collection":[{"href":"https:\/\/eltrabajo.cl\/portal\/wp-json\/wp\/v2\/posts"}],"about":[{"href":"https:\/\/eltrabajo.cl\/portal\/wp-json\/wp\/v2\/types\/post"}],"author":[{"embeddable":true,"href":"https:\/\/eltrabajo.cl\/portal\/wp-json\/wp\/v2\/users\/482"}],"replies":[{"embeddable":true,"href":"https:\/\/eltrabajo.cl\/portal\/wp-json\/wp\/v2\/comments?post=99314"}],"version-history":[{"count":0,"href":"https:\/\/eltrabajo.cl\/portal\/wp-json\/wp\/v2\/posts\/99314\/revisions"}],"wp:featuredmedia":[{"embeddable":true,"href":"https:\/\/eltrabajo.cl\/portal\/wp-json\/wp\/v2\/media\/99316"}],"wp:attachment":[{"href":"https:\/\/eltrabajo.cl\/portal\/wp-json\/wp\/v2\/media?parent=99314"}],"wp:term":[{"taxonomy":"category","embeddable":true,"href":"https:\/\/eltrabajo.cl\/portal\/wp-json\/wp\/v2\/categories?post=99314"},{"taxonomy":"post_tag","embeddable":true,"href":"https:\/\/eltrabajo.cl\/portal\/wp-json\/wp\/v2\/tags?post=99314"}],"curies":[{"name":"wp","href":"https:\/\/api.w.org\/{rel}","templated":true}]}}