{"id":99323,"date":"2020-06-04T08:00:57","date_gmt":"2020-06-04T12:00:57","guid":{"rendered":"https:\/\/www.eltrabajo.cl\/portal\/?p=99323"},"modified":"2020-06-03T20:22:50","modified_gmt":"2020-06-04T00:22:50","slug":"macabro-hallazgo-de-perrito-con-sus-cuatro-extremidades-cercenadas","status":"publish","type":"post","link":"https:\/\/eltrabajo.cl\/portal\/macabro-hallazgo-de-perrito-con-sus-cuatro-extremidades-cercenadas\/","title":{"rendered":"Macabro hallazgo de \u2018perrito\u2019 con sus cuatro extremidades cercenadas"},"content":{"rendered":"<p style=\"text-align: justify;\"><span style=\"color: #c81400;\"><strong>\u00a1No tiene nombre!:<\/strong><\/span><\/p>\n<p style=\"text-align: justify;\">Un macabro hallazgo de un perrito con sus cuatro extremidades totalmente cortadas realiz\u00f3 un grupo de ni\u00f1os en el sector de Las Coimas en la comuna de Putaendo.<\/p>\n<p style=\"text-align: justify;\">Seg\u00fan un vecino del lugar, <strong>Javier Zamora<\/strong>, en conversaci\u00f3n con radio FM Vida de Putaendo, dijo que el corte fue directo <em>\u00abporque no le hicieron ning\u00fan otro da\u00f1o al pobre perrito, como que le pegaron un \u2018machet\u00f3n\u2019 y le cortaron altiro las cuatro patitas. El perrito ten\u00eda como siete u ocho meses, pero esto se debe saber, hacerse p\u00fablico lo que est\u00e1 sucediendo ac\u00e1 en Las Coimas\u00bb,<\/em> se\u00f1al\u00f3.<\/p>\n<p style=\"text-align: justify;\">Los vecinos se han abocado a buscar informaci\u00f3n sobre qui\u00e9n ser\u00eda el propietario o propietaria del malogrado perrito, como asimismo para lograr identificar a la persona que realiz\u00f3 tan cruel y aborrecible acto: <em>\u00abDe eso se trata, porque esto no puede quedar as\u00ed, primera vez que sucede esto en Las Coimas, por lo mismo hice la denuncia para dar con la persona que hizo esto, como fue darle muerte de esta manera a este perrito que estuvo vivo porque los ni\u00f1os chicos lo encontraron, hay un sector donde pasan jugando los ni\u00f1os, ellos lo encontraron al perrito\u00bb,<\/em> indic\u00f3 Zamora.<\/p>\n<p style=\"text-align: justify;\">El infortunado animal se encontraba tirado a la entrada del estero El Manantial, presumi\u00e9ndose que el autor del cruel acto deber\u00eda ser habitante del sector donde lo dej\u00f3.<\/p>\n<p style=\"text-align: justify;\">Coment\u00f3 que los vecinos que viven cerca de donde fue encontrada la mascota, est\u00e1n indignados. Cuando lo vieron ya no pudieron hacer nada. No saben a qui\u00e9n denunciar en estos casos cuando se trata de un maltrato de animal.<\/p>\n<p style=\"text-align: justify;\">Javier Zamora dice que est\u00e1 haciendo la denuncia p\u00fablica porque no sabe a qui\u00e9n recurrir. No cree que Carabineros vaya a ver este caso: <em>\u00abNosotros como comit\u00e9 de emergencia \u00bfqu\u00e9 hicimos?, llamamos a la agrupaci\u00f3n animalista que es del mismo sector para que ellos tomen los casos, as\u00ed pensando que son animalistas, no sabr\u00eda decir qu\u00e9 hicieron ellos porque como tenemos esa agrupaci\u00f3n animalista ellos se hagan cargo del animalito, yo solamente hice la denuncia para que toda la comunidad sepa porque lo hicimos por intermedio del WhatsApp del Comit\u00e9 y de la Junta de Vecinos\u00bb,<\/em> dijo.<\/p>\n<p style=\"text-align: justify;\">Piensa que la persona que hizo esto es alguien que debiera estar en el Hospital Psiqui\u00e1trico, <em>\u00abporque anoche tuvimos muchos comentarios, no es una persona que est\u00e9 bien de la mente, tiene que irse al psiqui\u00e1trico; estos es macabro porque esta persona lo va a seguir haciendo seguramente, si ya vio que lo supo hacer muy bien, le cort\u00f3 las extremidades al perrito, yo creo que s\u00ed lo va a seguir haciendo porque esta persona no est\u00e1 bien. Espero que la agrupaci\u00f3n animal haya tomado\u2026 se haya comunicado con Carabineros y que vean este caso. Yo creo que lo va a seguir haciendo, porque si ya lo hizo esta vez y lo hizo tan bien, le cort\u00f3 las patitas, es una persona adulta, no es un ni\u00f1o. Por la forma como se las cort\u00f3 es de una persona adulta\u00bb,<\/em> se\u00f1al\u00f3 Zamora.<\/p>\n<p style=\"text-align: justify;\">El delito de <strong>maltrato animal<\/strong> est\u00e1 contemplado en el art\u00edculo 291 bis del C\u00f3digo Penal, introducido por la <strong>Ley<\/strong> N\u00b0 20.380 de 2009. Sanciona a quien cometa actos de <strong>maltrato<\/strong> o crueldad con <strong>animales<\/strong>, con presidio menor en su grado m\u00ednimo a medio y multa de 2 a 30 UTM, o s\u00f3lo con esta \u00faltima pena.<\/p>\n<p style=\"text-align: justify;\">\n<figure id=\"attachment_99324\" aria-describedby=\"caption-attachment-99324\" style=\"width: 580px\" class=\"wp-caption alignnone\"><img data-recalc-dims=\"1\" loading=\"lazy\" decoding=\"async\" class=\"size-full wp-image-99324\" src=\"https:\/\/i0.wp.com\/eltrabajo.cl\/portal\/wp-content\/uploads\/2020\/06\/Perrito-portada.jpg?resize=580%2C359&#038;ssl=1\" alt=\"La impactante imagen muestra c\u00f3mo qued\u00f3 el perrito luego que un demente lo cort\u00f3 sus cuatro extremidades. (Foto putaendoinforma.com)\" width=\"580\" height=\"359\" srcset=\"https:\/\/i0.wp.com\/eltrabajo.cl\/portal\/wp-content\/uploads\/2020\/06\/Perrito-portada.jpg?w=580&amp;ssl=1 580w, https:\/\/i0.wp.com\/eltrabajo.cl\/portal\/wp-content\/uploads\/2020\/06\/Perrito-portada.jpg?resize=300%2C186&amp;ssl=1 300w, https:\/\/i0.wp.com\/eltrabajo.cl\/portal\/wp-content\/uploads\/2020\/06\/Perrito-portada.jpg?resize=200%2C124&amp;ssl=1 200w, https:\/\/i0.wp.com\/eltrabajo.cl\/portal\/wp-content\/uploads\/2020\/06\/Perrito-portada.jpg?resize=150%2C93&amp;ssl=1 150w\" sizes=\"auto, (max-width: 580px) 100vw, 580px\" \/><figcaption id=\"caption-attachment-99324\" class=\"wp-caption-text\">La impactante imagen muestra c\u00f3mo qued\u00f3 el perrito luego que un demente lo cort\u00f3 sus cuatro extremidades. (Foto putaendoinforma.com)<\/figcaption><\/figure>\n","protected":false},"excerpt":{"rendered":"<p>\u00a1No tiene nombre!: Un macabro hallazgo de un perrito con sus cuatro extremidades totalmente cortadas realiz\u00f3 un grupo de ni\u00f1os en el sector de Las Coimas en la comuna de Putaendo. Seg\u00fan&#8230;<\/p>\n","protected":false},"author":482,"featured_media":99324,"comment_status":"closed","ping_status":"closed","sticky":false,"template":"","format":"standard","meta":{"advanced_seo_description":"","jetpack_seo_html_title":"","jetpack_seo_noindex":false,"_jetpack_memberships_contains_paid_content":false,"footnotes":""},"categories":[15],"tags":[],"class_list":["post-99323","post","type-post","status-publish","format-standard","has-post-thumbnail","hentry","category-comunidad"],"jetpack_featured_media_url":"https:\/\/i0.wp.com\/eltrabajo.cl\/portal\/wp-content\/uploads\/2020\/06\/Perrito-portada.jpg?fit=580%2C359&ssl=1","jetpack_sharing_enabled":true,"jetpack_likes_enabled":true,"jetpack-related-posts":[],"_links":{"self":[{"href":"https:\/\/eltrabajo.cl\/portal\/wp-json\/wp\/v2\/posts\/99323","targetHints":{"allow":["GET"]}}],"collection":[{"href":"https:\/\/eltrabajo.cl\/portal\/wp-json\/wp\/v2\/posts"}],"about":[{"href":"https:\/\/eltrabajo.cl\/portal\/wp-json\/wp\/v2\/types\/post"}],"author":[{"embeddable":true,"href":"https:\/\/eltrabajo.cl\/portal\/wp-json\/wp\/v2\/users\/482"}],"replies":[{"embeddable":true,"href":"https:\/\/eltrabajo.cl\/portal\/wp-json\/wp\/v2\/comments?post=99323"}],"version-history":[{"count":0,"href":"https:\/\/eltrabajo.cl\/portal\/wp-json\/wp\/v2\/posts\/99323\/revisions"}],"wp:featuredmedia":[{"embeddable":true,"href":"https:\/\/eltrabajo.cl\/portal\/wp-json\/wp\/v2\/media\/99324"}],"wp:attachment":[{"href":"https:\/\/eltrabajo.cl\/portal\/wp-json\/wp\/v2\/media?parent=99323"}],"wp:term":[{"taxonomy":"category","embeddable":true,"href":"https:\/\/eltrabajo.cl\/portal\/wp-json\/wp\/v2\/categories?post=99323"},{"taxonomy":"post_tag","embeddable":true,"href":"https:\/\/eltrabajo.cl\/portal\/wp-json\/wp\/v2\/tags?post=99323"}],"curies":[{"name":"wp","href":"https:\/\/api.w.org\/{rel}","templated":true}]}}