{"id":99331,"date":"2020-06-04T22:35:33","date_gmt":"2020-06-05T02:35:33","guid":{"rendered":"https:\/\/www.eltrabajo.cl\/portal\/?p=99331"},"modified":"2020-06-04T22:35:33","modified_gmt":"2020-06-05T02:35:33","slug":"servicio-de-salud-aconcagua-recibio-extractor-automatizado-por-parte-de-codelco-andina","status":"publish","type":"post","link":"https:\/\/eltrabajo.cl\/portal\/servicio-de-salud-aconcagua-recibio-extractor-automatizado-por-parte-de-codelco-andina\/","title":{"rendered":"Servicio de Salud Aconcagua recibi\u00f3 extractor automatizado por parte de Codelco Andina"},"content":{"rendered":"<ul style=\"text-align: justify;\">\n<li><strong> El equipo permitir\u00e1 optimizar el trabajo del laboratorio y mejorar los tiempos de respuesta de los resultados de los ex\u00e1menes PCR y con ellos facilitar la notificaci\u00f3n a las personas que se encuentren contagiadas por parte de los equipos de salud.<\/strong><\/li>\n<\/ul>\n<p style=\"text-align: justify;\">Como parte de los aportes que han hecho diferentes empresas del Valle de Aconcagua a los equipos de Salud, Codelco Divisi\u00f3n Andina realiz\u00f3 la entrega de un extractor automatizado al Servicio de Salud Aconcagua, el que de momento se encuentra funcionando en el laboratorio del Hospital San Camilo y durante las pr\u00f3ximas semanas se ubicar\u00e1 definitivamente en el Hospital de Los Andes.<\/p>\n<p style=\"text-align: justify;\">El equipo permitir\u00e1 que los tiempos de respuesta de los ex\u00e1menes PCR disminuya de forma considerable, ya que hasta ahora, el proceso se realizaba de forma manual, alcanzando cerca de 180 resultados diarios, cifra que crecer\u00e1 considerablemente con este instrumento, llegando a cerca de 400 por d\u00eda.<\/p>\n<p style=\"text-align: justify;\">\u00ab<em>Esto forma parte del programa Juntos Nos Cuidamos, que Codelco ha implementado para ir en apoyo de los equipos de salud que diariamente est\u00e1n atendiendo a toda nuestra comunidad. No sacamos nada con cuidar a nuestro personal al interior de las faenas productivas si eso no se replica en todo nuestro Valle de Aconcagua, por lo que nos hemos puesto en contacto desde el inicio de la pandemia con las autoridades de salud para realizar estos aportes que van en beneficio de su labor\u00bb,<\/em> expres\u00f3 <strong>Pedro Rosmanich<\/strong>, gerente de Sustentabilidad y Asuntos Externos de Divisi\u00f3n Andina.<\/p>\n<p style=\"text-align: justify;\">Por su parte las autoridades de salud manifestaron su agradecimiento con la donaci\u00f3n y destacaron su alta importancia en esta fase de la pandemia. <em>\u00abEstamos muy agradecidos de Codelco por los aportes que nos ha hecho tanto en elementos de protecci\u00f3n personal como en equipamiento para mejorar el trabajo de nuestra red. Este equipo, que representa una inversi\u00f3n de 150 millones de pesos, nos permitir\u00e1 dar una mayor velocidad a nuestro trabajo en el laboratorio, pudiendo procesar alrededor de 400 ex\u00e1menes diarios, lo que sin dudas es decisivo en que los equipos de salud podamos realizar posteriormente el proceso de notificaci\u00f3n y seguimiento de los casos\u00bb,<\/em> manifest\u00f3 la directora del Servicio de Salud Aconcagua, <strong>Susan Porras<\/strong>.<\/p>\n<p style=\"text-align: justify;\">Finalmente, la autoridad resalt\u00f3 que este equipamiento se ubicar\u00e1 transitoriamente en el Hospital San Camilo, a la espera de las adecuaciones que debe hacer el Hospital San Juan de Dios, lugar donde se instalar\u00e1 definitivamente, quedando los dos establecimientos de mayor complejidad de la red habilitados para realizar ex\u00e1menes PCR, aumentando con ello la cobertura y capacidad de respuesta.<\/p>\n<p style=\"text-align: justify;\">\n<figure id=\"attachment_99332\" aria-describedby=\"caption-attachment-99332\" style=\"width: 580px\" class=\"wp-caption alignnone\"><img data-recalc-dims=\"1\" loading=\"lazy\" decoding=\"async\" class=\"size-full wp-image-99332\" src=\"https:\/\/i0.wp.com\/eltrabajo.cl\/portal\/wp-content\/uploads\/2020\/06\/salud-codelco.jpg?resize=580%2C360&#038;ssl=1\" alt=\"En el laboratorio del Hospital San Camilo fue entregado el extractor automatizado que Codelco Andina aport\u00f3 al Servicio de Salud Aconcagua, el que durante las pr\u00f3ximas semanas se ubicar\u00e1 definitivamente en el Hospital de Los Andes.\" width=\"580\" height=\"360\" srcset=\"https:\/\/i0.wp.com\/eltrabajo.cl\/portal\/wp-content\/uploads\/2020\/06\/salud-codelco.jpg?w=580&amp;ssl=1 580w, https:\/\/i0.wp.com\/eltrabajo.cl\/portal\/wp-content\/uploads\/2020\/06\/salud-codelco.jpg?resize=300%2C186&amp;ssl=1 300w, https:\/\/i0.wp.com\/eltrabajo.cl\/portal\/wp-content\/uploads\/2020\/06\/salud-codelco.jpg?resize=200%2C124&amp;ssl=1 200w, https:\/\/i0.wp.com\/eltrabajo.cl\/portal\/wp-content\/uploads\/2020\/06\/salud-codelco.jpg?resize=150%2C93&amp;ssl=1 150w\" sizes=\"auto, (max-width: 580px) 100vw, 580px\" \/><figcaption id=\"caption-attachment-99332\" class=\"wp-caption-text\">En el laboratorio del Hospital San Camilo fue entregado el extractor automatizado que Codelco Andina aport\u00f3 al Servicio de Salud Aconcagua, el que durante las pr\u00f3ximas semanas se ubicar\u00e1 definitivamente en el Hospital de Los Andes.<\/figcaption><\/figure>\n","protected":false},"excerpt":{"rendered":"<p>El equipo permitir\u00e1 optimizar el trabajo del laboratorio y mejorar los tiempos de respuesta de los resultados de los ex\u00e1menes PCR y con ellos facilitar la notificaci\u00f3n a las personas que se&#8230;<\/p>\n","protected":false},"author":482,"featured_media":99332,"comment_status":"closed","ping_status":"closed","sticky":false,"template":"","format":"standard","meta":{"advanced_seo_description":"","jetpack_seo_html_title":"","jetpack_seo_noindex":false,"_jetpack_memberships_contains_paid_content":false,"footnotes":""},"categories":[103],"tags":[],"class_list":["post-99331","post","type-post","status-publish","format-standard","has-post-thumbnail","hentry","category-cronica-2"],"jetpack_featured_media_url":"https:\/\/i0.wp.com\/eltrabajo.cl\/portal\/wp-content\/uploads\/2020\/06\/salud-codelco.jpg?fit=580%2C360&ssl=1","jetpack_sharing_enabled":true,"jetpack_likes_enabled":true,"jetpack-related-posts":[],"_links":{"self":[{"href":"https:\/\/eltrabajo.cl\/portal\/wp-json\/wp\/v2\/posts\/99331","targetHints":{"allow":["GET"]}}],"collection":[{"href":"https:\/\/eltrabajo.cl\/portal\/wp-json\/wp\/v2\/posts"}],"about":[{"href":"https:\/\/eltrabajo.cl\/portal\/wp-json\/wp\/v2\/types\/post"}],"author":[{"embeddable":true,"href":"https:\/\/eltrabajo.cl\/portal\/wp-json\/wp\/v2\/users\/482"}],"replies":[{"embeddable":true,"href":"https:\/\/eltrabajo.cl\/portal\/wp-json\/wp\/v2\/comments?post=99331"}],"version-history":[{"count":0,"href":"https:\/\/eltrabajo.cl\/portal\/wp-json\/wp\/v2\/posts\/99331\/revisions"}],"wp:featuredmedia":[{"embeddable":true,"href":"https:\/\/eltrabajo.cl\/portal\/wp-json\/wp\/v2\/media\/99332"}],"wp:attachment":[{"href":"https:\/\/eltrabajo.cl\/portal\/wp-json\/wp\/v2\/media?parent=99331"}],"wp:term":[{"taxonomy":"category","embeddable":true,"href":"https:\/\/eltrabajo.cl\/portal\/wp-json\/wp\/v2\/categories?post=99331"},{"taxonomy":"post_tag","embeddable":true,"href":"https:\/\/eltrabajo.cl\/portal\/wp-json\/wp\/v2\/tags?post=99331"}],"curies":[{"name":"wp","href":"https:\/\/api.w.org\/{rel}","templated":true}]}}