{"id":99334,"date":"2020-06-04T22:40:19","date_gmt":"2020-06-05T02:40:19","guid":{"rendered":"https:\/\/www.eltrabajo.cl\/portal\/?p=99334"},"modified":"2020-06-04T22:41:01","modified_gmt":"2020-06-05T02:41:01","slug":"dirigentes-consiguen-cajas-de-mercaderias-para-sus-socios-en-la-municipalidad","status":"publish","type":"post","link":"https:\/\/eltrabajo.cl\/portal\/dirigentes-consiguen-cajas-de-mercaderias-para-sus-socios-en-la-municipalidad\/","title":{"rendered":"Dirigentes consiguen cajas de mercader\u00edas para sus socios en la Municipalidad"},"content":{"rendered":"<p style=\"text-align: justify;\"><span style=\"color: #c81400;\"><strong>Sindicato Independiente de Taxis Colectivos:<\/strong><\/span><\/p>\n<p style=\"text-align: justify;\">Muy agradecido del alcalde Patricio Freire Canto se manifest\u00f3 la directiva del Sindicato Independiente de Taxis Colectivos de San Felipe que encabeza <strong>Juan Torrej\u00f3n<\/strong>, luego que este d\u00eda martes 2 de junio recibieran cajas de mercader\u00eda para repartir entre sus socios.<\/p>\n<p style=\"text-align: justify;\">\u00ab<em>En primer lugar agradecer la gesti\u00f3n de mis compa\u00f1eros que est\u00e1n conmigo en la directiva y de la mayor\u00eda de los socios. Esta gesti\u00f3n comienza por el momento que estamos pasando todos los chilenos ya que en estos meses en que hemos estado en cuarentena, el trabajo baj\u00f3, independiente de los colectiveros ha bajado mucho y como todos saben no nos ha llegado ayuda de ning\u00fan lado, por ese sentido tratamos de golpear puertas como dirigentes y presidente del sindicato llegamos al municipio, donde agradezco mucho que haya prestado ayuda para una veintena de trabajadores de la locomoci\u00f3n colectiva que pertenecen a nuestro sindicato y por ende hoy en d\u00eda estamos con esta valiosa ayuda que de coraz\u00f3n se agradece, porque como se sabe muchos no pod\u00edan por la ficha CAS o por no estar con su registro social de hogares al d\u00eda, pero igual se consiguieron estas veintitantas cajas apelando a la generosidad de nuestro alcalde Patricio Freire que le agradecemos mucho y por ende\u2026 las cajitas se agradecen que llegan en este momento cuando uno m\u00e1s las necesita, como digo yo en nombre de la agrupaci\u00f3n, bien sabemos que no todos pudieron tocar, pero se han ido haciendo gestiones y de una u otra forma trataremos de que esto llegue para algunos m\u00e1s\u00bb,<\/em> se\u00f1al\u00f3 Torrej\u00f3n.<\/p>\n<p style=\"text-align: justify;\">Consultado sobre la posibilidad de poder repartir cajas de mercader\u00eda para poder lograr recursos, al igual como lo est\u00e1n haciendo los furgones escolares, dijo que \u00e9l hab\u00eda hablado con el alcalde y le dio a conocer la inquietud <em>\u00absobre poder garantizar una peguita, algo que entrara para la entrega de estas cajas solidarias a la mayor\u00eda de las poblaciones, teniendo en cuenta que tambi\u00e9n s\u00e9 los furgones escolares se inscribieron. Seguramente hay una diferencia entre las cajas que puede llevar un furg\u00f3n escolar y las que puede llevar el colectivo. Esa inquietud la dejamos y esperamos que en estos d\u00edas podamos tener una respuesta positiva y si no es as\u00ed, se hizo el intento; se est\u00e1n haciendo todas las cosas que est\u00e9n a nuestro alcance para ir en ayuda de nuestros compa\u00f1eros\u00bb,<\/em> manifest\u00f3 Torrej\u00f3n.<\/p>\n<p style=\"text-align: justify;\">Agreg\u00f3 que lo importante no es hacer una carta y dejar que <em>\u00abrepose y durmiendo\u00bb<\/em> en el municipio; <em>\u00abaqu\u00ed hay que golpear puertas, estar ah\u00ed, ah\u00ed, hurgando, llamando por tel\u00e9fono, porque uno no piensa en uno sino en toda la desgracia que est\u00e1n pasando la mayor\u00eda de las familias, sobre todo nuestros compa\u00f1eros de la locomoci\u00f3n colectiva que lo est\u00e1n pasando muy, muy, mal y ojala que el gremio, el mayor hiciera un esfuerzo y tratara de conseguir lo mismo que conseguimos nosotros\u00bb,<\/em> finaliz\u00f3 Juan Torrej\u00f3n, presidente del Sindicato Independiente de Taxis Colectivos de San Felipe.<\/p>\n<p>&nbsp;<\/p>\n<figure id=\"attachment_99335\" aria-describedby=\"caption-attachment-99335\" style=\"width: 580px\" class=\"wp-caption alignnone\"><img data-recalc-dims=\"1\" loading=\"lazy\" decoding=\"async\" class=\"size-full wp-image-99335\" src=\"https:\/\/i0.wp.com\/eltrabajo.cl\/portal\/wp-content\/uploads\/2020\/06\/entrega.jpg?resize=580%2C359&#038;ssl=1\" alt=\"Juan Torrej\u00f3n, presidente del Sindicato de Taxis Independiente entregando a uno de sus socios la caja con mercader\u00eda.\" width=\"580\" height=\"359\" srcset=\"https:\/\/i0.wp.com\/eltrabajo.cl\/portal\/wp-content\/uploads\/2020\/06\/entrega.jpg?w=580&amp;ssl=1 580w, https:\/\/i0.wp.com\/eltrabajo.cl\/portal\/wp-content\/uploads\/2020\/06\/entrega.jpg?resize=300%2C186&amp;ssl=1 300w, https:\/\/i0.wp.com\/eltrabajo.cl\/portal\/wp-content\/uploads\/2020\/06\/entrega.jpg?resize=200%2C124&amp;ssl=1 200w, https:\/\/i0.wp.com\/eltrabajo.cl\/portal\/wp-content\/uploads\/2020\/06\/entrega.jpg?resize=150%2C93&amp;ssl=1 150w\" sizes=\"auto, (max-width: 580px) 100vw, 580px\" \/><figcaption id=\"caption-attachment-99335\" class=\"wp-caption-text\">Juan Torrej\u00f3n, presidente del Sindicato de Taxis Independiente entregando a uno de sus socios la caja con mercader\u00eda.<\/figcaption><\/figure>\n","protected":false},"excerpt":{"rendered":"<p>Sindicato Independiente de Taxis Colectivos: Muy agradecido del alcalde Patricio Freire Canto se manifest\u00f3 la directiva del Sindicato Independiente de Taxis Colectivos de San Felipe que encabeza Juan Torrej\u00f3n, luego que este&#8230;<\/p>\n","protected":false},"author":482,"featured_media":99335,"comment_status":"closed","ping_status":"closed","sticky":false,"template":"","format":"standard","meta":{"advanced_seo_description":"","jetpack_seo_html_title":"","jetpack_seo_noindex":false,"_jetpack_memberships_contains_paid_content":false,"footnotes":""},"categories":[103],"tags":[],"class_list":["post-99334","post","type-post","status-publish","format-standard","has-post-thumbnail","hentry","category-cronica-2"],"jetpack_featured_media_url":"https:\/\/i0.wp.com\/eltrabajo.cl\/portal\/wp-content\/uploads\/2020\/06\/entrega.jpg?fit=580%2C359&ssl=1","jetpack_sharing_enabled":true,"jetpack_likes_enabled":true,"jetpack-related-posts":[],"_links":{"self":[{"href":"https:\/\/eltrabajo.cl\/portal\/wp-json\/wp\/v2\/posts\/99334","targetHints":{"allow":["GET"]}}],"collection":[{"href":"https:\/\/eltrabajo.cl\/portal\/wp-json\/wp\/v2\/posts"}],"about":[{"href":"https:\/\/eltrabajo.cl\/portal\/wp-json\/wp\/v2\/types\/post"}],"author":[{"embeddable":true,"href":"https:\/\/eltrabajo.cl\/portal\/wp-json\/wp\/v2\/users\/482"}],"replies":[{"embeddable":true,"href":"https:\/\/eltrabajo.cl\/portal\/wp-json\/wp\/v2\/comments?post=99334"}],"version-history":[{"count":0,"href":"https:\/\/eltrabajo.cl\/portal\/wp-json\/wp\/v2\/posts\/99334\/revisions"}],"wp:featuredmedia":[{"embeddable":true,"href":"https:\/\/eltrabajo.cl\/portal\/wp-json\/wp\/v2\/media\/99335"}],"wp:attachment":[{"href":"https:\/\/eltrabajo.cl\/portal\/wp-json\/wp\/v2\/media?parent=99334"}],"wp:term":[{"taxonomy":"category","embeddable":true,"href":"https:\/\/eltrabajo.cl\/portal\/wp-json\/wp\/v2\/categories?post=99334"},{"taxonomy":"post_tag","embeddable":true,"href":"https:\/\/eltrabajo.cl\/portal\/wp-json\/wp\/v2\/tags?post=99334"}],"curies":[{"name":"wp","href":"https:\/\/api.w.org\/{rel}","templated":true}]}}