{"id":99338,"date":"2020-06-05T07:30:24","date_gmt":"2020-06-05T11:30:24","guid":{"rendered":"https:\/\/www.eltrabajo.cl\/portal\/?p=99338"},"modified":"2020-06-04T22:45:46","modified_gmt":"2020-06-05T02:45:46","slug":"caminaran-hasta-la-moneda-para-recibir-la-respuesta-de-sebastian-pinera","status":"publish","type":"post","link":"https:\/\/eltrabajo.cl\/portal\/caminaran-hasta-la-moneda-para-recibir-la-respuesta-de-sebastian-pinera\/","title":{"rendered":"Caminar\u00e1n hasta La Moneda para recibir la respuesta de Sebasti\u00e1n Pi\u00f1era"},"content":{"rendered":"<p style=\"text-align: justify;\"><span style=\"color: #c81400;\"><strong>Hab\u00edan pedido al mandatario liberar 20% de ahorros AFP:<\/strong><\/span><\/p>\n<p style=\"text-align: justify;\">Hace un par de semanas hab\u00edamos compartido con nuestros lectores el caso de la agrupaci\u00f3n \u2018<em>Todos Contra las AFP<\/em>\u2019. En esa oportunidad hablamos con uno de sus dirigentes, <strong>Efra\u00edn Matta Ram\u00edrez<\/strong>, quien nos mostr\u00f3 en esa ocasi\u00f3n la carta que entregaron en La Moneda para el presidente Sebasti\u00e1n Pi\u00f1era. En la misiva tanto Matta como dos dirigentes m\u00e1s le solicitaron al mandatario que decretara poder disponer a cada chileno del 20% de sus ahorros en las AFP.<\/p>\n<p style=\"text-align: justify;\">\u00ab<em>Hasta este martes 9 de junio el Presidente puede responder a nuestra solicitud, posiblemente ni nos responda, pero en mi caso me dispongo a realizar una caminata desde San Felipe hasta La Moneda. Esta nueva iniciativa arranca con un Banderazo el domingo 7 todo el d\u00eda, por eso invito a los lectores de <strong>Diario El Trabajo<\/strong> y a todos los aconcag\u00fcinos, a colocar la bandera de Chile en sus ventanas. El lunes salimos dos dirigentes caminando desde nuestra Plaza a las 9:00 horas, llevamos un dinerito de colecta para el camino, esperamos llegar el martes al mediod\u00eda, dormiremos en Colina, llevamos carpa. Ya en la Oficina de Partes preguntaremos por la respuesta del presidente Pi\u00f1era. Vienen otras iniciativas, pero por ahora no las vamos a comentar, hasta el momento llevamos ya 5.000 firmas virtuales<\/em>\u00bb, coment\u00f3 el activista a nuestro medio.<\/p>\n<p style=\"text-align: justify;\">Seg\u00fan explic\u00f3 Efra\u00edn a <strong>Diario El Trabajo<\/strong>, en esta caminata del lunes le acompa\u00f1ar\u00e1 <strong>H\u00e9ctor Kirkman Aravena<\/strong>, otro de los integrantes de la agrupaci\u00f3n, llevan su salvoconducto, dormir\u00e1n en Colina y esperan regresar el martes por la tarde a nuestra ciudad, esta vez ya en autob\u00fas. \u00bfResponder\u00e1 el Presidente Pi\u00f1era a su carta?<\/p>\n<p style=\"text-align: justify;\"><strong>Roberto Gonz\u00e1lez Short<\/strong><\/p>\n<p style=\"text-align: justify;\">\n<figure id=\"attachment_99339\" aria-describedby=\"caption-attachment-99339\" style=\"width: 580px\" class=\"wp-caption alignnone\"><img data-recalc-dims=\"1\" loading=\"lazy\" decoding=\"async\" class=\"size-full wp-image-99339\" src=\"https:\/\/i0.wp.com\/eltrabajo.cl\/portal\/wp-content\/uploads\/2020\/06\/Caminata1.jpg?resize=580%2C359&#038;ssl=1\" alt=\"CAMINANDO A SANTIAGO.- Con esta bandera de Chile H\u00e9ctor Kirkman Aravena y Efra\u00edn Matta Ram\u00edrez caminar\u00e1n desde nuestra Plaza de Armas hasta La Moneda, para ver si el presidente Sebasti\u00e1n Pi\u00f1era responde o no a su carta.\" width=\"580\" height=\"359\" srcset=\"https:\/\/i0.wp.com\/eltrabajo.cl\/portal\/wp-content\/uploads\/2020\/06\/Caminata1.jpg?w=580&amp;ssl=1 580w, https:\/\/i0.wp.com\/eltrabajo.cl\/portal\/wp-content\/uploads\/2020\/06\/Caminata1.jpg?resize=300%2C186&amp;ssl=1 300w, https:\/\/i0.wp.com\/eltrabajo.cl\/portal\/wp-content\/uploads\/2020\/06\/Caminata1.jpg?resize=200%2C124&amp;ssl=1 200w, https:\/\/i0.wp.com\/eltrabajo.cl\/portal\/wp-content\/uploads\/2020\/06\/Caminata1.jpg?resize=150%2C93&amp;ssl=1 150w\" sizes=\"auto, (max-width: 580px) 100vw, 580px\" \/><figcaption id=\"caption-attachment-99339\" class=\"wp-caption-text\">CAMINANDO A SANTIAGO.- Con esta bandera de Chile H\u00e9ctor Kirkman Aravena y Efra\u00edn Matta Ram\u00edrez caminar\u00e1n desde nuestra Plaza de Armas hasta La Moneda, para ver si el presidente Sebasti\u00e1n Pi\u00f1era responde o no a su carta.<\/figcaption><\/figure>\n<figure id=\"attachment_99340\" aria-describedby=\"caption-attachment-99340\" style=\"width: 580px\" class=\"wp-caption alignnone\"><img data-recalc-dims=\"1\" loading=\"lazy\" decoding=\"async\" class=\"size-full wp-image-99340\" src=\"https:\/\/i0.wp.com\/eltrabajo.cl\/portal\/wp-content\/uploads\/2020\/06\/Caminata_Efrain-Matta.jpg?resize=580%2C600&#038;ssl=1\" alt=\"Efra\u00edn Matta, uno de los fundadores del grupo ciudadano \u2018Todos Contra las AFP\u2019.\" width=\"580\" height=\"600\" srcset=\"https:\/\/i0.wp.com\/eltrabajo.cl\/portal\/wp-content\/uploads\/2020\/06\/Caminata_Efrain-Matta.jpg?w=580&amp;ssl=1 580w, https:\/\/i0.wp.com\/eltrabajo.cl\/portal\/wp-content\/uploads\/2020\/06\/Caminata_Efrain-Matta.jpg?resize=290%2C300&amp;ssl=1 290w, https:\/\/i0.wp.com\/eltrabajo.cl\/portal\/wp-content\/uploads\/2020\/06\/Caminata_Efrain-Matta.jpg?resize=145%2C150&amp;ssl=1 145w\" sizes=\"auto, (max-width: 580px) 100vw, 580px\" \/><figcaption id=\"caption-attachment-99340\" class=\"wp-caption-text\">Efra\u00edn Matta, uno de los fundadores del grupo ciudadano \u2018Todos Contra las AFP\u2019.<\/figcaption><\/figure>\n","protected":false},"excerpt":{"rendered":"<p>Hab\u00edan pedido al mandatario liberar 20% de ahorros AFP: Hace un par de semanas hab\u00edamos compartido con nuestros lectores el caso de la agrupaci\u00f3n \u2018Todos Contra las AFP\u2019. En esa oportunidad hablamos&#8230;<\/p>\n","protected":false},"author":482,"featured_media":99339,"comment_status":"closed","ping_status":"closed","sticky":false,"template":"","format":"standard","meta":{"advanced_seo_description":"","jetpack_seo_html_title":"","jetpack_seo_noindex":false,"_jetpack_memberships_contains_paid_content":false,"footnotes":""},"categories":[15],"tags":[],"class_list":["post-99338","post","type-post","status-publish","format-standard","has-post-thumbnail","hentry","category-comunidad"],"jetpack_featured_media_url":"https:\/\/i0.wp.com\/eltrabajo.cl\/portal\/wp-content\/uploads\/2020\/06\/Caminata1.jpg?fit=580%2C359&ssl=1","jetpack_sharing_enabled":true,"jetpack_likes_enabled":true,"jetpack-related-posts":[],"_links":{"self":[{"href":"https:\/\/eltrabajo.cl\/portal\/wp-json\/wp\/v2\/posts\/99338","targetHints":{"allow":["GET"]}}],"collection":[{"href":"https:\/\/eltrabajo.cl\/portal\/wp-json\/wp\/v2\/posts"}],"about":[{"href":"https:\/\/eltrabajo.cl\/portal\/wp-json\/wp\/v2\/types\/post"}],"author":[{"embeddable":true,"href":"https:\/\/eltrabajo.cl\/portal\/wp-json\/wp\/v2\/users\/482"}],"replies":[{"embeddable":true,"href":"https:\/\/eltrabajo.cl\/portal\/wp-json\/wp\/v2\/comments?post=99338"}],"version-history":[{"count":0,"href":"https:\/\/eltrabajo.cl\/portal\/wp-json\/wp\/v2\/posts\/99338\/revisions"}],"wp:featuredmedia":[{"embeddable":true,"href":"https:\/\/eltrabajo.cl\/portal\/wp-json\/wp\/v2\/media\/99339"}],"wp:attachment":[{"href":"https:\/\/eltrabajo.cl\/portal\/wp-json\/wp\/v2\/media?parent=99338"}],"wp:term":[{"taxonomy":"category","embeddable":true,"href":"https:\/\/eltrabajo.cl\/portal\/wp-json\/wp\/v2\/categories?post=99338"},{"taxonomy":"post_tag","embeddable":true,"href":"https:\/\/eltrabajo.cl\/portal\/wp-json\/wp\/v2\/tags?post=99338"}],"curies":[{"name":"wp","href":"https:\/\/api.w.org\/{rel}","templated":true}]}}