{"id":99342,"date":"2020-06-05T07:40:00","date_gmt":"2020-06-05T11:40:00","guid":{"rendered":"https:\/\/www.eltrabajo.cl\/portal\/?p=99342"},"modified":"2020-06-04T22:48:05","modified_gmt":"2020-06-05T02:48:05","slug":"hoy-celebran-sus-bodas-de-oro-washington-y-ana-maria-en-la-parrasia-2","status":"publish","type":"post","link":"https:\/\/eltrabajo.cl\/portal\/hoy-celebran-sus-bodas-de-oro-washington-y-ana-maria-en-la-parrasia-2\/","title":{"rendered":"Hoy celebran sus Bodas de Oro Washington y Ana Mar\u00eda en La Parras\u00eda 2"},"content":{"rendered":"<p style=\"text-align: justify;\"><span style=\"color: #c81400;\"><strong>Hab\u00edan planeado celebrar su fiesta en Espa\u00f1a:<\/strong><\/span><\/p>\n<p style=\"text-align: justify;\">Hoy es viernes y ellos lo saben. Para aquellos que le siguen apostando al amor, hoy en <strong>Diario El Trabajo<\/strong> queremos compartir m\u00e1s que buenas noticias, se trata de un matrimonio sanfelipe\u00f1o que hoy viernes est\u00e1 cumpliendo sus Bodas de Oro, o sea, medio siglo de vida matrimonial, y por eso tambi\u00e9n estamos felices en nuestro medio.<\/p>\n<p style=\"text-align: justify;\">Se trata de <strong>Enrique Garc\u00eda Garc\u00eda<\/strong> y su esposa <strong>Ana Mar\u00eda Aracena Castro<\/strong>, nacidos y criados en nuestra comuna, quienes se casaron el viernes 5 de julio de 1970 en el Registro Civil de San Felipe.<\/p>\n<p style=\"text-align: justify;\">Washington se dedic\u00f3 a la metalurgia, hac\u00eda hornos tambi\u00e9n para panader\u00edas y elaboraba estructuras met\u00e1licas. Sus estudios de B\u00e1sica los realiz\u00f3 en la antigua Escuela N\u00b04 (antiguo Peneca) y su educaci\u00f3n Media la curs\u00f3 en la Escuela Industrial y Liceo de Hombres de nuestra ciudad.<\/p>\n<p style=\"text-align: justify;\">Ana Mar\u00eda sin embargo estudi\u00f3 en la desaparecida Escuela N\u00b09, curs\u00f3 estudios de media y secretar\u00eda, pero decidi\u00f3 mejor dedicar su vida a cuidar de sus tres amores: Su esposo y sus dos hijos Lorena y Carlos, quienes ya se han independizado y constituido sus respectivas familias.<\/p>\n<p style=\"text-align: justify;\">\n<p style=\"text-align: justify;\"><span style=\"color: #c81400;\"><strong>VIAJABAN A ESPA\u00d1A<\/strong><\/span><\/p>\n<p style=\"text-align: justify;\">Ellos ten\u00edan sus planes para celebrar y hacerlo en grande, sin embargo con amarse y entregarse el uno al otro en todas las \u00e1reas de su vida pareciera llenarles.<\/p>\n<p style=\"text-align: justify;\">\u00ab<em>Hemos sido muy felices en estos 50 a\u00f1os, cuando nuestros hijos llegaron y luego nuestros nietos, nos sentimos plenos, de nada tenemos que arrepentirnos y si se diera el caso de volver a nacer, de seguro que nos volver\u00edamos a buscar y nos volver\u00edamos a casar, porque nacimos el uno para el otro<\/em>\u00bb, coment\u00f3 emocionada Ana Mar\u00eda Aracena a <strong>Diario El Trabajo<\/strong>.<\/p>\n<p style=\"text-align: justify;\">Por su parte Washington nos coment\u00f3 que ellos ya ten\u00edan planificada la celebraci\u00f3n de sus Bodas de Oro, \u00ab<em>pens\u00e1bamos hacer una gran fiesta en Galicia, Espa\u00f1a, ya ten\u00edamos las invitaciones para viajar, sin embargo se nos vino esta pandemia y aqu\u00ed estamos, seguimos felices, acompa\u00f1ados y prepararemos una cena para nosotros y nos conectaremos con la familia por Internet, ya vendr\u00e1 el momento para fiestas<\/em>\u00bb, dijo emocionado nuestro amigo.<\/p>\n<p style=\"text-align: justify;\"><strong>Roberto Gonz\u00e1lez Short<\/strong><\/p>\n<p style=\"text-align: justify;\">\n<figure id=\"attachment_99344\" aria-describedby=\"caption-attachment-99344\" style=\"width: 580px\" class=\"wp-caption alignnone\"><img data-recalc-dims=\"1\" loading=\"lazy\" decoding=\"async\" class=\"size-full wp-image-99344\" src=\"https:\/\/i0.wp.com\/eltrabajo.cl\/portal\/wp-content\/uploads\/2020\/06\/Oro1.jpg?resize=580%2C358&#038;ssl=1\" alt=\"FELICES BODAS DE ORO.- Ellos son los tortolitos enamorados, quienes tras 50 a\u00f1os juntos nunca se han separado.\" width=\"580\" height=\"358\" srcset=\"https:\/\/i0.wp.com\/eltrabajo.cl\/portal\/wp-content\/uploads\/2020\/06\/Oro1.jpg?w=580&amp;ssl=1 580w, https:\/\/i0.wp.com\/eltrabajo.cl\/portal\/wp-content\/uploads\/2020\/06\/Oro1.jpg?resize=300%2C185&amp;ssl=1 300w, https:\/\/i0.wp.com\/eltrabajo.cl\/portal\/wp-content\/uploads\/2020\/06\/Oro1.jpg?resize=200%2C123&amp;ssl=1 200w, https:\/\/i0.wp.com\/eltrabajo.cl\/portal\/wp-content\/uploads\/2020\/06\/Oro1.jpg?resize=150%2C93&amp;ssl=1 150w\" sizes=\"auto, (max-width: 580px) 100vw, 580px\" \/><figcaption id=\"caption-attachment-99344\" class=\"wp-caption-text\">FELICES BODAS DE ORO.- Ellos son los tortolitos enamorados, quienes tras 50 a\u00f1os juntos nunca se han separado.<\/figcaption><\/figure>\n<figure id=\"attachment_99345\" aria-describedby=\"caption-attachment-99345\" style=\"width: 580px\" class=\"wp-caption alignnone\"><img data-recalc-dims=\"1\" loading=\"lazy\" decoding=\"async\" class=\"size-full wp-image-99345\" src=\"https:\/\/i0.wp.com\/eltrabajo.cl\/portal\/wp-content\/uploads\/2020\/06\/Oro2.jpg?resize=580%2C358&#038;ssl=1\" alt=\"SUS A\u00d1OS DORADOS.- As\u00ed luc\u00edan estos chiquillos en 1970 cuando se casaron en San Felipe.\" width=\"580\" height=\"358\" srcset=\"https:\/\/i0.wp.com\/eltrabajo.cl\/portal\/wp-content\/uploads\/2020\/06\/Oro2.jpg?w=580&amp;ssl=1 580w, https:\/\/i0.wp.com\/eltrabajo.cl\/portal\/wp-content\/uploads\/2020\/06\/Oro2.jpg?resize=300%2C185&amp;ssl=1 300w, https:\/\/i0.wp.com\/eltrabajo.cl\/portal\/wp-content\/uploads\/2020\/06\/Oro2.jpg?resize=200%2C123&amp;ssl=1 200w, https:\/\/i0.wp.com\/eltrabajo.cl\/portal\/wp-content\/uploads\/2020\/06\/Oro2.jpg?resize=150%2C93&amp;ssl=1 150w\" sizes=\"auto, (max-width: 580px) 100vw, 580px\" \/><figcaption id=\"caption-attachment-99345\" class=\"wp-caption-text\">SUS A\u00d1OS DORADOS.- As\u00ed luc\u00edan estos chiquillos en 1970 cuando se casaron en San Felipe.<\/figcaption><\/figure>\n<figure id=\"attachment_99343\" aria-describedby=\"caption-attachment-99343\" style=\"width: 580px\" class=\"wp-caption alignnone\"><img data-recalc-dims=\"1\" loading=\"lazy\" decoding=\"async\" class=\"size-full wp-image-99343\" src=\"https:\/\/i0.wp.com\/eltrabajo.cl\/portal\/wp-content\/uploads\/2020\/06\/Oro3.jpg?resize=580%2C358&#038;ssl=1\" alt=\"LA FAMILIA COMPLETA.- Aqu\u00ed tenemos a Enrique Garc\u00eda Garc\u00eda y su esposa Ana Mar\u00eda Aracena Castro, les acompa\u00f1an sus hijos Lorena y Carlos.\" width=\"580\" height=\"358\" srcset=\"https:\/\/i0.wp.com\/eltrabajo.cl\/portal\/wp-content\/uploads\/2020\/06\/Oro3.jpg?w=580&amp;ssl=1 580w, https:\/\/i0.wp.com\/eltrabajo.cl\/portal\/wp-content\/uploads\/2020\/06\/Oro3.jpg?resize=300%2C185&amp;ssl=1 300w, https:\/\/i0.wp.com\/eltrabajo.cl\/portal\/wp-content\/uploads\/2020\/06\/Oro3.jpg?resize=200%2C123&amp;ssl=1 200w, https:\/\/i0.wp.com\/eltrabajo.cl\/portal\/wp-content\/uploads\/2020\/06\/Oro3.jpg?resize=150%2C93&amp;ssl=1 150w\" sizes=\"auto, (max-width: 580px) 100vw, 580px\" \/><figcaption id=\"caption-attachment-99343\" class=\"wp-caption-text\">LA FAMILIA COMPLETA.- Aqu\u00ed tenemos a Enrique Garc\u00eda Garc\u00eda y su esposa Ana Mar\u00eda Aracena Castro, les acompa\u00f1an sus hijos Lorena y Carlos.<\/figcaption><\/figure>\n","protected":false},"excerpt":{"rendered":"<p>Hab\u00edan planeado celebrar su fiesta en Espa\u00f1a: Hoy es viernes y ellos lo saben. Para aquellos que le siguen apostando al amor, hoy en Diario El Trabajo queremos compartir m\u00e1s que buenas&#8230;<\/p>\n","protected":false},"author":482,"featured_media":99344,"comment_status":"closed","ping_status":"closed","sticky":false,"template":"","format":"standard","meta":{"advanced_seo_description":"","jetpack_seo_html_title":"","jetpack_seo_noindex":false,"_jetpack_memberships_contains_paid_content":false,"footnotes":""},"categories":[15],"tags":[],"class_list":["post-99342","post","type-post","status-publish","format-standard","has-post-thumbnail","hentry","category-comunidad"],"jetpack_featured_media_url":"https:\/\/i0.wp.com\/eltrabajo.cl\/portal\/wp-content\/uploads\/2020\/06\/Oro1.jpg?fit=580%2C358&ssl=1","jetpack_sharing_enabled":true,"jetpack_likes_enabled":true,"jetpack-related-posts":[],"_links":{"self":[{"href":"https:\/\/eltrabajo.cl\/portal\/wp-json\/wp\/v2\/posts\/99342","targetHints":{"allow":["GET"]}}],"collection":[{"href":"https:\/\/eltrabajo.cl\/portal\/wp-json\/wp\/v2\/posts"}],"about":[{"href":"https:\/\/eltrabajo.cl\/portal\/wp-json\/wp\/v2\/types\/post"}],"author":[{"embeddable":true,"href":"https:\/\/eltrabajo.cl\/portal\/wp-json\/wp\/v2\/users\/482"}],"replies":[{"embeddable":true,"href":"https:\/\/eltrabajo.cl\/portal\/wp-json\/wp\/v2\/comments?post=99342"}],"version-history":[{"count":0,"href":"https:\/\/eltrabajo.cl\/portal\/wp-json\/wp\/v2\/posts\/99342\/revisions"}],"wp:featuredmedia":[{"embeddable":true,"href":"https:\/\/eltrabajo.cl\/portal\/wp-json\/wp\/v2\/media\/99344"}],"wp:attachment":[{"href":"https:\/\/eltrabajo.cl\/portal\/wp-json\/wp\/v2\/media?parent=99342"}],"wp:term":[{"taxonomy":"category","embeddable":true,"href":"https:\/\/eltrabajo.cl\/portal\/wp-json\/wp\/v2\/categories?post=99342"},{"taxonomy":"post_tag","embeddable":true,"href":"https:\/\/eltrabajo.cl\/portal\/wp-json\/wp\/v2\/tags?post=99342"}],"curies":[{"name":"wp","href":"https:\/\/api.w.org\/{rel}","templated":true}]}}