{"id":99347,"date":"2020-06-05T07:50:22","date_gmt":"2020-06-05T11:50:22","guid":{"rendered":"https:\/\/www.eltrabajo.cl\/portal\/?p=99347"},"modified":"2020-06-04T22:50:02","modified_gmt":"2020-06-05T02:50:02","slug":"confirmado-alcalde-patricio-freire-da-positivo-a-examen-de-covid-19","status":"publish","type":"post","link":"https:\/\/eltrabajo.cl\/portal\/confirmado-alcalde-patricio-freire-da-positivo-a-examen-de-covid-19\/","title":{"rendered":"Confirmado: Alcalde Patricio Freire da positivo a examen de Covid-19"},"content":{"rendered":"<p style=\"text-align: justify;\">Definitivamente el alcalde <strong>Patricio Freire Canto<\/strong> se encuentra contagiado con el temido Covid-19. Lo anterior luego que fuera hospitalizado este mi\u00e9rcoles a ra\u00edz de lo que seg\u00fan se inform\u00f3, el edil <em>\u00abingres\u00f3 al Hospital San Camilo para realizarse ex\u00e1menes por un principio de bronquitis obstructiva que presenta. Cabe consignar que el segundo PCR que se realiz\u00f3, dio negativo. Se reitera que esta situaci\u00f3n es producto de lo indicado por los m\u00e9dicos para determinar el estado de salud de la autoridad\u00bb.<\/em><\/p>\n<p style=\"text-align: justify;\">No obstante lo anterior, tras la hospitalizaci\u00f3n y la realizaci\u00f3n de un nuevo examen PCR, el alcalde Freire dio positivo a Covid-19.<\/p>\n<p style=\"text-align: justify;\">Seg\u00fan se indic\u00f3, el jefe comunal se encuentra estable y en buen estado de salud, quien pidi\u00f3 agradecer <em>\u00ablas muestras de apoyo expresadas por las vecinas y vecinos de San Felipe\u00bb.<\/em><\/p>\n<p>&nbsp;<\/p>\n<figure id=\"attachment_99348\" aria-describedby=\"caption-attachment-99348\" style=\"width: 579px\" class=\"wp-caption alignnone\"><img data-recalc-dims=\"1\" loading=\"lazy\" decoding=\"async\" class=\"size-full wp-image-99348\" src=\"https:\/\/i0.wp.com\/eltrabajo.cl\/portal\/wp-content\/uploads\/2020\/06\/Chorrillos_Patricio-Freire.jpg?resize=579%2C600&#038;ssl=1\" alt=\"Alcalde Patricio Freire Canto.\" width=\"579\" height=\"600\" srcset=\"https:\/\/i0.wp.com\/eltrabajo.cl\/portal\/wp-content\/uploads\/2020\/06\/Chorrillos_Patricio-Freire.jpg?w=579&amp;ssl=1 579w, https:\/\/i0.wp.com\/eltrabajo.cl\/portal\/wp-content\/uploads\/2020\/06\/Chorrillos_Patricio-Freire.jpg?resize=290%2C300&amp;ssl=1 290w, https:\/\/i0.wp.com\/eltrabajo.cl\/portal\/wp-content\/uploads\/2020\/06\/Chorrillos_Patricio-Freire.jpg?resize=145%2C150&amp;ssl=1 145w\" sizes=\"auto, (max-width: 579px) 100vw, 579px\" \/><figcaption id=\"caption-attachment-99348\" class=\"wp-caption-text\">Alcalde Patricio Freire Canto.<\/figcaption><\/figure>\n","protected":false},"excerpt":{"rendered":"<p>Definitivamente el alcalde Patricio Freire Canto se encuentra contagiado con el temido Covid-19. Lo anterior luego que fuera hospitalizado este mi\u00e9rcoles a ra\u00edz de lo que seg\u00fan se inform\u00f3, el edil \u00abingres\u00f3&#8230;<\/p>\n","protected":false},"author":482,"featured_media":99349,"comment_status":"closed","ping_status":"closed","sticky":false,"template":"","format":"standard","meta":{"advanced_seo_description":"","jetpack_seo_html_title":"","jetpack_seo_noindex":false,"_jetpack_memberships_contains_paid_content":false,"footnotes":""},"categories":[103],"tags":[],"class_list":["post-99347","post","type-post","status-publish","format-standard","has-post-thumbnail","hentry","category-cronica-2"],"jetpack_featured_media_url":"https:\/\/i0.wp.com\/eltrabajo.cl\/portal\/wp-content\/uploads\/2020\/06\/Feria_Patricio-Freire.jpg?fit=580%2C359&ssl=1","jetpack_sharing_enabled":true,"jetpack_likes_enabled":true,"jetpack-related-posts":[],"_links":{"self":[{"href":"https:\/\/eltrabajo.cl\/portal\/wp-json\/wp\/v2\/posts\/99347","targetHints":{"allow":["GET"]}}],"collection":[{"href":"https:\/\/eltrabajo.cl\/portal\/wp-json\/wp\/v2\/posts"}],"about":[{"href":"https:\/\/eltrabajo.cl\/portal\/wp-json\/wp\/v2\/types\/post"}],"author":[{"embeddable":true,"href":"https:\/\/eltrabajo.cl\/portal\/wp-json\/wp\/v2\/users\/482"}],"replies":[{"embeddable":true,"href":"https:\/\/eltrabajo.cl\/portal\/wp-json\/wp\/v2\/comments?post=99347"}],"version-history":[{"count":0,"href":"https:\/\/eltrabajo.cl\/portal\/wp-json\/wp\/v2\/posts\/99347\/revisions"}],"wp:featuredmedia":[{"embeddable":true,"href":"https:\/\/eltrabajo.cl\/portal\/wp-json\/wp\/v2\/media\/99349"}],"wp:attachment":[{"href":"https:\/\/eltrabajo.cl\/portal\/wp-json\/wp\/v2\/media?parent=99347"}],"wp:term":[{"taxonomy":"category","embeddable":true,"href":"https:\/\/eltrabajo.cl\/portal\/wp-json\/wp\/v2\/categories?post=99347"},{"taxonomy":"post_tag","embeddable":true,"href":"https:\/\/eltrabajo.cl\/portal\/wp-json\/wp\/v2\/tags?post=99347"}],"curies":[{"name":"wp","href":"https:\/\/api.w.org\/{rel}","templated":true}]}}