{"id":99351,"date":"2020-06-05T08:00:13","date_gmt":"2020-06-05T12:00:13","guid":{"rendered":"https:\/\/www.eltrabajo.cl\/portal\/?p=99351"},"modified":"2020-06-04T22:52:15","modified_gmt":"2020-06-05T02:52:15","slug":"se-durmio-al-volante-y-atropello-a-peatones-causando-la-muerte-a-uno-de-ellos","status":"publish","type":"post","link":"https:\/\/eltrabajo.cl\/portal\/se-durmio-al-volante-y-atropello-a-peatones-causando-la-muerte-a-uno-de-ellos\/","title":{"rendered":"Se durmi\u00f3 al volante y atropell\u00f3 a peatones causando la muerte a uno de ellos"},"content":{"rendered":"<ul>\n<li style=\"text-align: justify;\"><strong>Hombre de 38 a\u00f1os muere atropellado en Quebrada Herrera. Conductor huye y posteriormente se entrega a Carabineros.<\/strong><\/li>\n<\/ul>\n<p style=\"text-align: justify;\">Un hombre falleci\u00f3 en un accidente de tr\u00e1nsito ocurrido este d\u00eda mi\u00e9rcoles a eso de las 19:00 horas en la Avenida Central, a la altura de Las Compuertas en Quebrada Herrera. Se trata de <strong>Mauricio Venegas Cordero<\/strong>, de 38 a\u00f1os de edad, con domicilio en el sector de El Almendral Alto de San Felipe, quien lamentablemente falleci\u00f3 a ra\u00edz de este hecho.<\/p>\n<p style=\"text-align: justify;\">Al respecto fue el suboficial <strong>Nelson Gavil\u00e1n<\/strong>, de la Tenencia de Carabineros de Putaendo, quien se\u00f1al\u00f3 que a eso de las 19:00 horas se recibi\u00f3 un llamado telef\u00f3nico tanto en la tenencia como el ret\u00e9n de Quebrada Herrera, se\u00f1alando que en el sector Las Compuertas hab\u00eda ocurrido un accidente de tr\u00e1nsito, especificando que un veh\u00edculo hab\u00eda atropellado a dos personas; <em>\u00abque hab\u00eda huido del lugar. Se traslad\u00f3 personal al lugar y efectivamente hab\u00eda dos personas que fueron atropelladas, lamentablemente el var\u00f3n habr\u00eda fallecido en el lugar y la dama fue trasladada al Hospital de San Felipe y posteriormente al Hospital de Los Andes. La din\u00e1mica del hecho es que el veh\u00edculo que ven\u00eda por avenida Central, diciendo como de San Felipe a Putaendo, y entrevista que tuve con el conductor y posteriormente con personal de la SIAT, manifiesta que se habr\u00eda quedado dormido al volante ya que \u00e9ste traspas\u00f3 el eje central de la calzada e impact\u00f3 a los peatones que iban por el costado poniente de la Avenida Central. Posteriormente esta persona se fue al Ret\u00e9n de Quebrada Herrera y se entreg\u00f3 manifestando que \u00e9l hab\u00eda sido la persona que hab\u00eda provocado el accidente de tr\u00e1nsito\u00bb,<\/em> se\u00f1al\u00f3.<\/p>\n<p style=\"text-align: justify;\">Carabineros reconoce que el conductor, una vez ocurrido el accidente, deja el veh\u00edculo que conduc\u00eda donde un familiar para posteriormente, en un segundo m\u00f3vil, dirigirse al Ret\u00e9n de Carabineros de Quebrada Herrera para entregarse; <em>\u00abas\u00ed fue y posteriormente fuimos a retirar por instrucci\u00f3n del fiscal de turno y manifest\u00f3 donde estaba el veh\u00edculo y concurrimos al domicilio a retirarlo para hacerle el peritaje de rigor\u00bb,<\/em> se\u00f1al\u00f3 el Suboficial Nelson Gavil\u00e1n.<\/p>\n<p style=\"text-align: justify;\">La mujer result\u00f3 con heridas leves despu\u00e9s de ser examinada en el Hospital San Juan de Dios en Los Andes. Informaci\u00f3n que fue entregada a Carabineros alrededor de las 03:00 AM de ayer jueves.<\/p>\n<p style=\"text-align: justify;\">Consultado Carabineros sobre la presencia de alcohol en el conductor, se se\u00f1al\u00f3 que no manten\u00eda registro de dicha sustancia en su sangre luego de aplicarle el alcohotest, mientras que el veh\u00edculo manten\u00eda su documentaci\u00f3n al d\u00eda, lo que fue comprobado luego de ser retirado del domicilio.<\/p>\n<p style=\"text-align: justify;\">El conductor, al ser interrogado sobre la causa o por qu\u00e9 se qued\u00f3 dormido, se\u00f1al\u00f3 que hab\u00eda ingerido un medicamento que eventualmente pudo causarle somnolencia. Al respecto Carabineros indic\u00f3 que efectivamente se\u00f1al\u00f3 que estaba en tratamiento m\u00e9dico; <em>\u00abs\u00ed, \u00e9l nos se\u00f1ala que est\u00e1 tomando medicamento ya que est\u00e1 con un control de un m\u00e9dico por un estr\u00e9s y eso es materia de investigaci\u00f3n por parte de la SIAT. Se le realiz\u00f3 la prueba de sangre, eso va a arrojar qu\u00e9 medicamento ten\u00eda en su organismo\u00bb,<\/em> dijo Gavil\u00e1n.<\/p>\n<p style=\"text-align: justify;\">La mujer herida fue identificada con las iniciales <strong>A.M.H.G.<\/strong>, de 35 a\u00f1os de edad.<\/p>\n<p style=\"text-align: justify;\">Mientras tanto, el acompa\u00f1ante del conductor, en este caso del imputado, se encuentra grave en el Hospital San Camilo, con diagn\u00f3stico de car\u00e1cter reservado.<\/p>\n<p style=\"text-align: justify;\">El fiscal <strong>Andr\u00e9s Gallardo<\/strong> dijo que la causa preliminar seg\u00fan la SIAT, era que el conductor <em>\u00ablo hac\u00eda en condiciones deplorables bajo medicamentaci\u00f3n que produjo que condujera con sue\u00f1o, y en esas circunstancias desvi\u00f3 su veh\u00edculo al eje central de la calzada, atraves\u00f3 el eje contrario y lleg\u00f3 al lugar donde transitaban los peatones, atropellando a uno de ellos que fue la persona que result\u00f3 fallecida. En cuanto a la prueba respiratoria dio cero, pero de todas formas se realiz\u00f3 la prueba de alcoholemia que significa el alcohol en la sangre\u00bb,<\/em> se\u00f1al\u00f3 el fiscal.<\/p>\n<p style=\"text-align: justify;\">El control de detenci\u00f3n se iba a realizar ayer a las doce del d\u00eda en el Tribunal de Garant\u00eda de Putaendo.<\/p>\n<p style=\"text-align: justify;\">El conductor fue identificado por parte de la fiscal\u00eda como <strong>Brandon Lagos Golder<\/strong>, de 40 a\u00f1os de edad y domiciliado en San Felipe, quien pas\u00f3 a control de detenci\u00f3n en el Tribunal de Garant\u00eda de San Felipe.<\/p>\n<figure id=\"attachment_99352\" aria-describedby=\"caption-attachment-99352\" style=\"width: 580px\" class=\"wp-caption alignnone\"><img data-recalc-dims=\"1\" loading=\"lazy\" decoding=\"async\" class=\"size-full wp-image-99352\" src=\"https:\/\/i0.wp.com\/eltrabajo.cl\/portal\/wp-content\/uploads\/2020\/06\/hombre-muere-atropellado.jpg?resize=580%2C360&#038;ssl=1\" alt=\"Mauricio Venegas Cordero (38), domiciliado en El Almendral Alto, falleci\u00f3 tras ser atropellado este mi\u00e9rcoles en Quebrada Herrera.\" width=\"580\" height=\"360\" srcset=\"https:\/\/i0.wp.com\/eltrabajo.cl\/portal\/wp-content\/uploads\/2020\/06\/hombre-muere-atropellado.jpg?w=580&amp;ssl=1 580w, https:\/\/i0.wp.com\/eltrabajo.cl\/portal\/wp-content\/uploads\/2020\/06\/hombre-muere-atropellado.jpg?resize=300%2C186&amp;ssl=1 300w, https:\/\/i0.wp.com\/eltrabajo.cl\/portal\/wp-content\/uploads\/2020\/06\/hombre-muere-atropellado.jpg?resize=200%2C124&amp;ssl=1 200w, https:\/\/i0.wp.com\/eltrabajo.cl\/portal\/wp-content\/uploads\/2020\/06\/hombre-muere-atropellado.jpg?resize=150%2C93&amp;ssl=1 150w\" sizes=\"auto, (max-width: 580px) 100vw, 580px\" \/><figcaption id=\"caption-attachment-99352\" class=\"wp-caption-text\">Mauricio Venegas Cordero (38), domiciliado en El Almendral Alto, falleci\u00f3 tras ser atropellado este mi\u00e9rcoles en Quebrada Herrera.<\/figcaption><\/figure>\n","protected":false},"excerpt":{"rendered":"<p>Hombre de 38 a\u00f1os muere atropellado en Quebrada Herrera. Conductor huye y posteriormente se entrega a Carabineros. Un hombre falleci\u00f3 en un accidente de tr\u00e1nsito ocurrido este d\u00eda mi\u00e9rcoles a eso de&#8230;<\/p>\n","protected":false},"author":482,"featured_media":99352,"comment_status":"closed","ping_status":"closed","sticky":false,"template":"","format":"standard","meta":{"advanced_seo_description":"","jetpack_seo_html_title":"","jetpack_seo_noindex":false,"_jetpack_memberships_contains_paid_content":false,"footnotes":""},"categories":[21],"tags":[],"class_list":["post-99351","post","type-post","status-publish","format-standard","has-post-thumbnail","hentry","category-policial"],"jetpack_featured_media_url":"https:\/\/i0.wp.com\/eltrabajo.cl\/portal\/wp-content\/uploads\/2020\/06\/hombre-muere-atropellado.jpg?fit=580%2C360&ssl=1","jetpack_sharing_enabled":true,"jetpack_likes_enabled":true,"jetpack-related-posts":[],"_links":{"self":[{"href":"https:\/\/eltrabajo.cl\/portal\/wp-json\/wp\/v2\/posts\/99351","targetHints":{"allow":["GET"]}}],"collection":[{"href":"https:\/\/eltrabajo.cl\/portal\/wp-json\/wp\/v2\/posts"}],"about":[{"href":"https:\/\/eltrabajo.cl\/portal\/wp-json\/wp\/v2\/types\/post"}],"author":[{"embeddable":true,"href":"https:\/\/eltrabajo.cl\/portal\/wp-json\/wp\/v2\/users\/482"}],"replies":[{"embeddable":true,"href":"https:\/\/eltrabajo.cl\/portal\/wp-json\/wp\/v2\/comments?post=99351"}],"version-history":[{"count":0,"href":"https:\/\/eltrabajo.cl\/portal\/wp-json\/wp\/v2\/posts\/99351\/revisions"}],"wp:featuredmedia":[{"embeddable":true,"href":"https:\/\/eltrabajo.cl\/portal\/wp-json\/wp\/v2\/media\/99352"}],"wp:attachment":[{"href":"https:\/\/eltrabajo.cl\/portal\/wp-json\/wp\/v2\/media?parent=99351"}],"wp:term":[{"taxonomy":"category","embeddable":true,"href":"https:\/\/eltrabajo.cl\/portal\/wp-json\/wp\/v2\/categories?post=99351"},{"taxonomy":"post_tag","embeddable":true,"href":"https:\/\/eltrabajo.cl\/portal\/wp-json\/wp\/v2\/tags?post=99351"}],"curies":[{"name":"wp","href":"https:\/\/api.w.org\/{rel}","templated":true}]}}