{"id":99358,"date":"2020-06-07T22:19:09","date_gmt":"2020-06-08T02:19:09","guid":{"rendered":"https:\/\/www.eltrabajo.cl\/portal\/?p=99358"},"modified":"2020-06-07T22:19:09","modified_gmt":"2020-06-08T02:19:09","slug":"core-stevenson-se-estrecha-tiempo-de-pago-de-los-servicios-basicos","status":"publish","type":"post","link":"https:\/\/eltrabajo.cl\/portal\/core-stevenson-se-estrecha-tiempo-de-pago-de-los-servicios-basicos\/","title":{"rendered":"Core Stevenson: Se estrecha tiempo de pago de los servicios b\u00e1sicos"},"content":{"rendered":"<p style=\"text-align: justify;\">Las empresas de luz, agua, comunicaciones y similares, no est\u00e1n tomando los consumos residenciales reales y sus cobros se efect\u00faan por \u2018un c\u00e1lculo promedio\u2019 que ha hecho engordar las facturaciones.<\/p>\n<p style=\"text-align: justify;\">Esto sin contar adem\u00e1s, que por causas de la pandemia que nos afecta desde marzo, las sumas a cancelar se est\u00e1n acumulando y seg\u00fan la reglamentaci\u00f3n vigente, generando multas e intereses.<\/p>\n<p style=\"text-align: justify;\">Seg\u00fan el consejero regional <strong>Rolando Stevenson Velasco<\/strong>, la \u00fanica soluci\u00f3n es que se cree un subsidio para ayudar a los afectados por estas duras deudas impagas. Agrega que \u00ab<em>el Gobierno anunci\u00f3 en marzo que las cuentas de estos servicios quedar\u00edan congeladas, cosa que no ha sucedido a la fecha<\/em>\u00bb.<\/p>\n<p style=\"text-align: justify;\">Esta situaci\u00f3n que afecta a miles de hogares chilenos, tambi\u00e9n se proyecta a cooperativas, APR, micro y peque\u00f1as empresas que por efecto de la cuarentena no est\u00e1n generando ingresos, mientras que sus cuentas de servicios b\u00e1sicos siguen siendo promediadas. El parlamento se encuentra tramitando un proyecto de ley que requiere la conformidad del Ejecutivo para crear un subsidio especial de ayuda. El Core Stevenson manifest\u00f3 que \u00ab<em>lo m\u00e1s inmediato es que las empresas posterguen el pago de consumos cobrados por \u2018promedios\u2019 y la suspensi\u00f3n de cortes de servicios. Las familias no pueden soportar cobros abusivos ni menos, en medio del Covid-19, quedar sin agua, luz o comunicaciones<\/em>\u00bb, finaliz\u00f3 Stevenson.<\/p>\n<p style=\"text-align: justify;\">\n<figure id=\"attachment_99359\" aria-describedby=\"caption-attachment-99359\" style=\"width: 580px\" class=\"wp-caption alignnone\"><img data-recalc-dims=\"1\" loading=\"lazy\" decoding=\"async\" class=\"size-full wp-image-99359\" src=\"https:\/\/i0.wp.com\/eltrabajo.cl\/portal\/wp-content\/uploads\/2020\/06\/Rolando-Stevenson.jpg?resize=580%2C360&#038;ssl=1\" alt=\"Rolando Stevenson, consejero regional por la provincia de San Felipe.\" width=\"580\" height=\"360\" srcset=\"https:\/\/i0.wp.com\/eltrabajo.cl\/portal\/wp-content\/uploads\/2020\/06\/Rolando-Stevenson.jpg?w=580&amp;ssl=1 580w, https:\/\/i0.wp.com\/eltrabajo.cl\/portal\/wp-content\/uploads\/2020\/06\/Rolando-Stevenson.jpg?resize=300%2C186&amp;ssl=1 300w, https:\/\/i0.wp.com\/eltrabajo.cl\/portal\/wp-content\/uploads\/2020\/06\/Rolando-Stevenson.jpg?resize=200%2C124&amp;ssl=1 200w, https:\/\/i0.wp.com\/eltrabajo.cl\/portal\/wp-content\/uploads\/2020\/06\/Rolando-Stevenson.jpg?resize=150%2C93&amp;ssl=1 150w\" sizes=\"auto, (max-width: 580px) 100vw, 580px\" \/><figcaption id=\"caption-attachment-99359\" class=\"wp-caption-text\">Rolando Stevenson, consejero regional por la provincia de San Felipe.<\/figcaption><\/figure>\n","protected":false},"excerpt":{"rendered":"<p>Las empresas de luz, agua, comunicaciones y similares, no est\u00e1n tomando los consumos residenciales reales y sus cobros se efect\u00faan por \u2018un c\u00e1lculo promedio\u2019 que ha hecho engordar las facturaciones. Esto sin&#8230;<\/p>\n","protected":false},"author":482,"featured_media":99359,"comment_status":"closed","ping_status":"closed","sticky":false,"template":"","format":"standard","meta":{"advanced_seo_description":"","jetpack_seo_html_title":"","jetpack_seo_noindex":false,"_jetpack_memberships_contains_paid_content":false,"footnotes":""},"categories":[103],"tags":[],"class_list":["post-99358","post","type-post","status-publish","format-standard","has-post-thumbnail","hentry","category-cronica-2"],"jetpack_featured_media_url":"https:\/\/i0.wp.com\/eltrabajo.cl\/portal\/wp-content\/uploads\/2020\/06\/Rolando-Stevenson.jpg?fit=580%2C360&ssl=1","jetpack_sharing_enabled":true,"jetpack_likes_enabled":true,"jetpack-related-posts":[],"_links":{"self":[{"href":"https:\/\/eltrabajo.cl\/portal\/wp-json\/wp\/v2\/posts\/99358","targetHints":{"allow":["GET"]}}],"collection":[{"href":"https:\/\/eltrabajo.cl\/portal\/wp-json\/wp\/v2\/posts"}],"about":[{"href":"https:\/\/eltrabajo.cl\/portal\/wp-json\/wp\/v2\/types\/post"}],"author":[{"embeddable":true,"href":"https:\/\/eltrabajo.cl\/portal\/wp-json\/wp\/v2\/users\/482"}],"replies":[{"embeddable":true,"href":"https:\/\/eltrabajo.cl\/portal\/wp-json\/wp\/v2\/comments?post=99358"}],"version-history":[{"count":0,"href":"https:\/\/eltrabajo.cl\/portal\/wp-json\/wp\/v2\/posts\/99358\/revisions"}],"wp:featuredmedia":[{"embeddable":true,"href":"https:\/\/eltrabajo.cl\/portal\/wp-json\/wp\/v2\/media\/99359"}],"wp:attachment":[{"href":"https:\/\/eltrabajo.cl\/portal\/wp-json\/wp\/v2\/media?parent=99358"}],"wp:term":[{"taxonomy":"category","embeddable":true,"href":"https:\/\/eltrabajo.cl\/portal\/wp-json\/wp\/v2\/categories?post=99358"},{"taxonomy":"post_tag","embeddable":true,"href":"https:\/\/eltrabajo.cl\/portal\/wp-json\/wp\/v2\/tags?post=99358"}],"curies":[{"name":"wp","href":"https:\/\/api.w.org\/{rel}","templated":true}]}}