{"id":99361,"date":"2020-06-07T22:21:55","date_gmt":"2020-06-08T02:21:55","guid":{"rendered":"https:\/\/www.eltrabajo.cl\/portal\/?p=99361"},"modified":"2020-06-07T22:21:55","modified_gmt":"2020-06-08T02:21:55","slug":"pequenos-y-medianos-agricultores-accederan-a-7-600-millones-via-proyectos","status":"publish","type":"post","link":"https:\/\/eltrabajo.cl\/portal\/pequenos-y-medianos-agricultores-accederan-a-7-600-millones-via-proyectos\/","title":{"rendered":"Peque\u00f1os y medianos agricultores acceder\u00e1n a $7.600 millones v\u00eda proyectos"},"content":{"rendered":"<p style=\"text-align: justify;\"><span style=\"color: #c81400;\"><strong>GORE llamar\u00e1 a postular para pozos, tranques y riego:<\/strong><\/span><\/p>\n<p style=\"text-align: justify;\">Muy buenas noticias hay para los peque\u00f1os y medianos agricultores de toda la Quinta Regi\u00f3n y en especial a los del Valle de Aconcagua en relaci\u00f3n a sus problemas de sequ\u00eda, el Gobierno Regional en pocos meses estar\u00e1 subiendo a Plataforma las bases de concursos para postular a recursos para Tecnificaci\u00f3n de riego; Revestimiento de canales y construcci\u00f3n de algunos pozos, y Revestimiento de tranques, proyectos que se fortalecer\u00e1n con dineros de la Comisi\u00f3n Nacional de Riego, Gobierno Regional y una peque\u00f1a parte de los mismos agricultores.<\/p>\n<p style=\"text-align: justify;\">\n<p style=\"text-align: justify;\"><span style=\"color: #c81400;\"><strong>LA LUCHA CONTIN\u00daA<\/strong><\/span><\/p>\n<p style=\"text-align: justify;\">La informaci\u00f3n la dio a conocer a <strong>Diario El Trabajo<\/strong> el Consejero Regional <strong>Iv\u00e1n Reyes<\/strong>, quien nos explic\u00f3 que \u00ab<em>no porque hoy d\u00eda estemos afectados por esta pandemia es que hemos dejado de trabajar en un tema tan importante como lo es el tema del agua tanto para el consumo humano como para la agricultura, ya sali\u00f3 de la Contralor\u00eda Regional la Toma de Raz\u00f3n de un convenio que hemos firmado con la Comisi\u00f3n Nacional de Riego por $7.600 millones de pesos, recursos que beneficiar\u00e1n directamente a los peque\u00f1os y medianos agricultores, es un convenio muy similar a uno de los seis convenios que nosotros tenemos con Indap, beneficiar a estos agricultores porque esa fue el hincapi\u00e9 que puso el Gobierno Regional, porque a la Comisi\u00f3n Nacional de Riego pueden postular grandes agricultores tambi\u00e9n, este es un recurso del Gobierno Regional que solamente apuntar\u00e1 para Tecnificaci\u00f3n de riego; Revestimiento de canales y construcci\u00f3n de algunos pozos, y Revestimiento de tranques (\u2026) vienen construcciones de nuevos pozos, los agricultores tendr\u00e1n que postular este es un concurso al que llama la CNR nosotros esperamos que para el mes de septiembre ya estemos en condiciones de tener las bases listas y que estas se suban a la plataforma para que los peque\u00f1os agricultores puedan participar en este llamado. Para que los agricultores reciban estos recursos ellos, los agricultores, colocar\u00e1n un 10% de la obra del proyecto al que ellos est\u00e1n postulando y la CNR con estos recursos del GORE colocan el 90% del total del proyecto, este llamado es para todas las comunas de la V Regi\u00f3n, lo que pasa es que estos proyectos se enfocan en las zonas que est\u00e1n m\u00e1s complicadas por la sequ\u00eda entre ellas Petorca, La Ligua, Cabildo y la zona del Valle de Aconcagua, yo he sostenido reuniones con algunos agricultores para explicarles de esta nueva posibilidad que tienen y que est\u00e9n atentos, yo espero para el mes de junio tener una reuni\u00f3n con el encargado regional de la CNR para poder instruir y dar la informaci\u00f3n a los peque\u00f1os y medianos agricultores de nuestra V Regi\u00f3n<\/em>\u00bb, dijo Reyes a <strong>Diario El Trabajo<\/strong>.<\/p>\n<p style=\"text-align: justify;\"><strong>Roberto Gonz\u00e1lez Short<\/strong><\/p>\n<p style=\"text-align: justify;\">\n<figure id=\"attachment_99363\" aria-describedby=\"caption-attachment-99363\" style=\"width: 580px\" class=\"wp-caption alignnone\"><img data-recalc-dims=\"1\" loading=\"lazy\" decoding=\"async\" class=\"size-full wp-image-99363\" src=\"https:\/\/i0.wp.com\/eltrabajo.cl\/portal\/wp-content\/uploads\/2020\/06\/Sequia1.jpg?resize=580%2C360&#038;ssl=1\" alt=\"VIENEN PROYECTOS.- La sequ\u00eda es un tema que el Gobierno Regional sigue atendiendo, aunque los medios de comunicaci\u00f3n est\u00e1n m\u00e1s enfocados en la pandemia. \" width=\"580\" height=\"360\" srcset=\"https:\/\/i0.wp.com\/eltrabajo.cl\/portal\/wp-content\/uploads\/2020\/06\/Sequia1.jpg?w=580&amp;ssl=1 580w, https:\/\/i0.wp.com\/eltrabajo.cl\/portal\/wp-content\/uploads\/2020\/06\/Sequia1.jpg?resize=300%2C186&amp;ssl=1 300w, https:\/\/i0.wp.com\/eltrabajo.cl\/portal\/wp-content\/uploads\/2020\/06\/Sequia1.jpg?resize=200%2C124&amp;ssl=1 200w, https:\/\/i0.wp.com\/eltrabajo.cl\/portal\/wp-content\/uploads\/2020\/06\/Sequia1.jpg?resize=150%2C93&amp;ssl=1 150w\" sizes=\"auto, (max-width: 580px) 100vw, 580px\" \/><figcaption id=\"caption-attachment-99363\" class=\"wp-caption-text\">VIENEN PROYECTOS.- La sequ\u00eda es un tema que el Gobierno Regional sigue atendiendo, aunque los medios de comunicaci\u00f3n est\u00e1n m\u00e1s enfocados en la pandemia.<\/figcaption><\/figure>\n<figure id=\"attachment_99362\" aria-describedby=\"caption-attachment-99362\" style=\"width: 578px\" class=\"wp-caption alignnone\"><img data-recalc-dims=\"1\" loading=\"lazy\" decoding=\"async\" class=\"size-full wp-image-99362\" src=\"https:\/\/i0.wp.com\/eltrabajo.cl\/portal\/wp-content\/uploads\/2020\/06\/Sequia_Ivan-Reyes.jpg?resize=578%2C600&#038;ssl=1\" alt=\"Consejero Regional por San Felipe, Iv\u00e1n Reyes.\" width=\"578\" height=\"600\" srcset=\"https:\/\/i0.wp.com\/eltrabajo.cl\/portal\/wp-content\/uploads\/2020\/06\/Sequia_Ivan-Reyes.jpg?w=578&amp;ssl=1 578w, https:\/\/i0.wp.com\/eltrabajo.cl\/portal\/wp-content\/uploads\/2020\/06\/Sequia_Ivan-Reyes.jpg?resize=289%2C300&amp;ssl=1 289w, https:\/\/i0.wp.com\/eltrabajo.cl\/portal\/wp-content\/uploads\/2020\/06\/Sequia_Ivan-Reyes.jpg?resize=145%2C150&amp;ssl=1 145w\" sizes=\"auto, (max-width: 578px) 100vw, 578px\" \/><figcaption id=\"caption-attachment-99362\" class=\"wp-caption-text\">Consejero Regional por San Felipe, Iv\u00e1n Reyes.<\/figcaption><\/figure>\n","protected":false},"excerpt":{"rendered":"<p>GORE llamar\u00e1 a postular para pozos, tranques y riego: Muy buenas noticias hay para los peque\u00f1os y medianos agricultores de toda la Quinta Regi\u00f3n y en especial a los del Valle de&#8230;<\/p>\n","protected":false},"author":482,"featured_media":99363,"comment_status":"closed","ping_status":"closed","sticky":false,"template":"","format":"standard","meta":{"advanced_seo_description":"","jetpack_seo_html_title":"","jetpack_seo_noindex":false,"_jetpack_memberships_contains_paid_content":false,"footnotes":""},"categories":[103],"tags":[],"class_list":["post-99361","post","type-post","status-publish","format-standard","has-post-thumbnail","hentry","category-cronica-2"],"jetpack_featured_media_url":"https:\/\/i0.wp.com\/eltrabajo.cl\/portal\/wp-content\/uploads\/2020\/06\/Sequia1.jpg?fit=580%2C360&ssl=1","jetpack_sharing_enabled":true,"jetpack_likes_enabled":true,"jetpack-related-posts":[],"_links":{"self":[{"href":"https:\/\/eltrabajo.cl\/portal\/wp-json\/wp\/v2\/posts\/99361","targetHints":{"allow":["GET"]}}],"collection":[{"href":"https:\/\/eltrabajo.cl\/portal\/wp-json\/wp\/v2\/posts"}],"about":[{"href":"https:\/\/eltrabajo.cl\/portal\/wp-json\/wp\/v2\/types\/post"}],"author":[{"embeddable":true,"href":"https:\/\/eltrabajo.cl\/portal\/wp-json\/wp\/v2\/users\/482"}],"replies":[{"embeddable":true,"href":"https:\/\/eltrabajo.cl\/portal\/wp-json\/wp\/v2\/comments?post=99361"}],"version-history":[{"count":0,"href":"https:\/\/eltrabajo.cl\/portal\/wp-json\/wp\/v2\/posts\/99361\/revisions"}],"wp:featuredmedia":[{"embeddable":true,"href":"https:\/\/eltrabajo.cl\/portal\/wp-json\/wp\/v2\/media\/99363"}],"wp:attachment":[{"href":"https:\/\/eltrabajo.cl\/portal\/wp-json\/wp\/v2\/media?parent=99361"}],"wp:term":[{"taxonomy":"category","embeddable":true,"href":"https:\/\/eltrabajo.cl\/portal\/wp-json\/wp\/v2\/categories?post=99361"},{"taxonomy":"post_tag","embeddable":true,"href":"https:\/\/eltrabajo.cl\/portal\/wp-json\/wp\/v2\/tags?post=99361"}],"curies":[{"name":"wp","href":"https:\/\/api.w.org\/{rel}","templated":true}]}}