{"id":99365,"date":"2020-06-07T22:23:37","date_gmt":"2020-06-08T02:23:37","guid":{"rendered":"https:\/\/www.eltrabajo.cl\/portal\/?p=99365"},"modified":"2020-06-07T22:23:37","modified_gmt":"2020-06-08T02:23:37","slug":"bastian-roco-cadete-de-union-san-felipe-parte-a-huachipato","status":"publish","type":"post","link":"https:\/\/eltrabajo.cl\/portal\/bastian-roco-cadete-de-union-san-felipe-parte-a-huachipato\/","title":{"rendered":"Basti\u00e1n Roco, cadete de Uni\u00f3n San Felipe parte a Huachipato"},"content":{"rendered":"<p style=\"text-align: justify;\">El promisorio y a\u00fan juvenil defensor central <strong>Basti\u00e1n Roco<\/strong>, emigrar\u00e1 a la Octava Regi\u00f3n para incorporarse a Huachipato, club que decidi\u00f3 apostar por el canterano de Uni\u00f3n San Felipe. Basti\u00e1n Roco es hijo del exjugador y tambi\u00e9n defensor Sebasti\u00e1n Roco, adem\u00e1s de ser el menor de la \u2018Dinast\u00eda\u2019 Roco; familia que ha dado al Un\u00ed Un\u00ed y el f\u00fatbol chileno jugadores de categoria como por ejemplo lo fueron: H\u00e9ctor Roco o Marcial Roco.<\/p>\n<p style=\"text-align: justify;\">De 17 a\u00f1os de edad, el zaguero mide 1, 83 metros de estatura y hace poco tiempo atr\u00e1s hizo noticia cuando tuvo la oportunidad de entrenar por casi un mes en las series inferiores del Club Argentino Estudiantes De La Plata, adem\u00e1s de ser seleccionado chileno de la categoria, factores que despertaron el \u2018apetito\u2019 del conjunto acerero que hist\u00f3ricamente se ha caracterizado por nutrir con frecuencia a los \u2018Tres grandes del f\u00fatbol chileno\u2019.<\/p>\n<p style=\"text-align: justify;\">Con esto Basti\u00e1n Roco se convierte en el tercer jugador formado \u00edntegramente en Uni\u00f3n San Felipe que defender\u00e1 a Huachipato, sum\u00e1ndose a Juan C\u00f3rdova (titular) y Benjam\u00edn Gazzolo, quien se incorpor\u00f3 a principios de esta temporada.<\/p>\n<figure id=\"attachment_99366\" aria-describedby=\"caption-attachment-99366\" style=\"width: 580px\" class=\"wp-caption alignnone\"><img data-recalc-dims=\"1\" loading=\"lazy\" decoding=\"async\" class=\"size-full wp-image-99366\" src=\"https:\/\/i0.wp.com\/eltrabajo.cl\/portal\/wp-content\/uploads\/2020\/06\/bastian-roco.jpg?resize=580%2C360&#038;ssl=1\" alt=\"El juvenil Basti\u00e1n Roco dej\u00f3 el Un\u00ed Un\u00ed para integrarse al club de la Primera A, Huachipato.\" width=\"580\" height=\"360\" srcset=\"https:\/\/i0.wp.com\/eltrabajo.cl\/portal\/wp-content\/uploads\/2020\/06\/bastian-roco.jpg?w=580&amp;ssl=1 580w, https:\/\/i0.wp.com\/eltrabajo.cl\/portal\/wp-content\/uploads\/2020\/06\/bastian-roco.jpg?resize=300%2C186&amp;ssl=1 300w, https:\/\/i0.wp.com\/eltrabajo.cl\/portal\/wp-content\/uploads\/2020\/06\/bastian-roco.jpg?resize=200%2C124&amp;ssl=1 200w, https:\/\/i0.wp.com\/eltrabajo.cl\/portal\/wp-content\/uploads\/2020\/06\/bastian-roco.jpg?resize=150%2C93&amp;ssl=1 150w\" sizes=\"auto, (max-width: 580px) 100vw, 580px\" \/><figcaption id=\"caption-attachment-99366\" class=\"wp-caption-text\">El juvenil Basti\u00e1n Roco dej\u00f3 el Un\u00ed Un\u00ed para integrarse al club de la Primera A, Huachipato.<\/figcaption><\/figure>\n","protected":false},"excerpt":{"rendered":"<p>El promisorio y a\u00fan juvenil defensor central Basti\u00e1n Roco, emigrar\u00e1 a la Octava Regi\u00f3n para incorporarse a Huachipato, club que decidi\u00f3 apostar por el canterano de Uni\u00f3n San Felipe. Basti\u00e1n Roco es&#8230;<\/p>\n","protected":false},"author":482,"featured_media":99366,"comment_status":"closed","ping_status":"closed","sticky":false,"template":"","format":"standard","meta":{"advanced_seo_description":"","jetpack_seo_html_title":"","jetpack_seo_noindex":false,"_jetpack_memberships_contains_paid_content":false,"footnotes":""},"categories":[19],"tags":[],"class_list":["post-99365","post","type-post","status-publish","format-standard","has-post-thumbnail","hentry","category-deportes"],"jetpack_featured_media_url":"https:\/\/i0.wp.com\/eltrabajo.cl\/portal\/wp-content\/uploads\/2020\/06\/bastian-roco.jpg?fit=580%2C360&ssl=1","jetpack_sharing_enabled":true,"jetpack_likes_enabled":true,"jetpack-related-posts":[],"_links":{"self":[{"href":"https:\/\/eltrabajo.cl\/portal\/wp-json\/wp\/v2\/posts\/99365","targetHints":{"allow":["GET"]}}],"collection":[{"href":"https:\/\/eltrabajo.cl\/portal\/wp-json\/wp\/v2\/posts"}],"about":[{"href":"https:\/\/eltrabajo.cl\/portal\/wp-json\/wp\/v2\/types\/post"}],"author":[{"embeddable":true,"href":"https:\/\/eltrabajo.cl\/portal\/wp-json\/wp\/v2\/users\/482"}],"replies":[{"embeddable":true,"href":"https:\/\/eltrabajo.cl\/portal\/wp-json\/wp\/v2\/comments?post=99365"}],"version-history":[{"count":0,"href":"https:\/\/eltrabajo.cl\/portal\/wp-json\/wp\/v2\/posts\/99365\/revisions"}],"wp:featuredmedia":[{"embeddable":true,"href":"https:\/\/eltrabajo.cl\/portal\/wp-json\/wp\/v2\/media\/99366"}],"wp:attachment":[{"href":"https:\/\/eltrabajo.cl\/portal\/wp-json\/wp\/v2\/media?parent=99365"}],"wp:term":[{"taxonomy":"category","embeddable":true,"href":"https:\/\/eltrabajo.cl\/portal\/wp-json\/wp\/v2\/categories?post=99365"},{"taxonomy":"post_tag","embeddable":true,"href":"https:\/\/eltrabajo.cl\/portal\/wp-json\/wp\/v2\/tags?post=99365"}],"curies":[{"name":"wp","href":"https:\/\/api.w.org\/{rel}","templated":true}]}}