{"id":99374,"date":"2020-06-08T07:40:32","date_gmt":"2020-06-08T11:40:32","guid":{"rendered":"https:\/\/www.eltrabajo.cl\/portal\/?p=99374"},"modified":"2020-06-07T22:28:27","modified_gmt":"2020-06-08T02:28:27","slug":"conductor-que-mato-a-peaton-en-quebrada-herrera-queda-con-arresto-domiciliario-total","status":"publish","type":"post","link":"https:\/\/eltrabajo.cl\/portal\/conductor-que-mato-a-peaton-en-quebrada-herrera-queda-con-arresto-domiciliario-total\/","title":{"rendered":"Conductor que mat\u00f3 a peat\u00f3n en Quebrada Herrera queda con Arresto Domiciliario Total"},"content":{"rendered":"<p style=\"text-align: justify;\">Con Arresto Domiciliario Total y Arraigo Nacional, formalizado por no prestar ayuda a las v\u00edctimas, Cuasidelitos de Homicidio y Lesiones menos grave, qued\u00f3 el imputado <strong>Brandon Lagos Goldberg<\/strong> tras la realizaci\u00f3n de la Audiencia de Control de Detenci\u00f3n llevada a cabo este d\u00eda jueves 4 de junio por medio de v\u00eddeo conferencia. Como se recordar\u00e1, en este accidente result\u00f3 fallecido <strong>Mauricio Venegas Cordero<\/strong> de 38 a\u00f1os de edad domiciliado en Almendral Alto de San Felipe.<\/p>\n<p style=\"text-align: justify;\">Al respecto el fiscal a cargo del control de detenci\u00f3n, Eduardo Fajardo de la Cuba, se\u00f1al\u00f3 que \u00ab<em>se efectu\u00f3 Audiencia de Control de Detenci\u00f3n y formalizaci\u00f3n respecto del imputado Brandon Lagos Goldberg, quien fue formalizado en audiencia del d\u00eda de hoy<\/em> (jueves), <em>por medio de v\u00eddeo conferencia por los delitos de Darse a la fuga sin prestar auxilio ni ayuda a las v\u00edctimas y los delitos de Cuasidelito de Homicidio respecto a la v\u00edctima Mauricio Venegas Cordero y do\u00f1a Antonella Hidalgo Galaz, los hechos tuvieron lugar el d\u00eda de ayer<\/em> (mi\u00e9rcoles), <em>en horas de la tarde en la comuna de Putaendo en calle Central, el imputado conduciendo su veh\u00edculo no atento a las condiciones del tr\u00e1nsito, desvi\u00f3 la direcci\u00f3n de la marcha impactando a estos dos peatones que circulaban por la berma, a quienes impacta de lleno, producto de este fuerte atropello le quita la vida finalmente a don Mauricio Venegas Cordero y resulta do\u00f1a <strong>Antonella Hidalgo Galaz <\/strong>con lesiones de consideraci\u00f3n, las que fueron catalogadas por lo pronto por el m\u00e9dico de turno Urgencias como de car\u00e1cter menos grave, el imputado fue formalizado por estos tres hechos quedando con las cautelares de Arresto Total en su domicilio, Arraigo Nacional y se fij\u00f3 un plazo de investigaci\u00f3n de 90 d\u00edas<\/em>\u00bb, concluy\u00f3 De la Cuba.<\/p>\n<p style=\"text-align: justify;\">Como se recordar\u00e1, este accidente ocurri\u00f3 este d\u00eda mi\u00e9rcoles a eso de las 19:00 horas en el sector de Quebrada Herrera, calle Central de Las Compuertas. El funeral de Mauricio Venegas Cordero se llev\u00f3 a cabo el viernes al medio d\u00eda, sus restos fueron sepultados en el Cementerio Municipal de San Felipe.<\/p>\n<p style=\"text-align: justify;\">\n<figure id=\"attachment_99377\" aria-describedby=\"caption-attachment-99377\" style=\"width: 580px\" class=\"wp-caption alignnone\"><img data-recalc-dims=\"1\" loading=\"lazy\" decoding=\"async\" class=\"size-full wp-image-99377\" src=\"https:\/\/i0.wp.com\/eltrabajo.cl\/portal\/wp-content\/uploads\/2020\/06\/Cuerpo.jpg?resize=580%2C360&#038;ssl=1\" alt=\"El cuerpo del fallecido Mauricio Venegas Cordero yace en el suelo.\" width=\"580\" height=\"360\" srcset=\"https:\/\/i0.wp.com\/eltrabajo.cl\/portal\/wp-content\/uploads\/2020\/06\/Cuerpo.jpg?w=580&amp;ssl=1 580w, https:\/\/i0.wp.com\/eltrabajo.cl\/portal\/wp-content\/uploads\/2020\/06\/Cuerpo.jpg?resize=300%2C186&amp;ssl=1 300w, https:\/\/i0.wp.com\/eltrabajo.cl\/portal\/wp-content\/uploads\/2020\/06\/Cuerpo.jpg?resize=200%2C124&amp;ssl=1 200w, https:\/\/i0.wp.com\/eltrabajo.cl\/portal\/wp-content\/uploads\/2020\/06\/Cuerpo.jpg?resize=150%2C93&amp;ssl=1 150w\" sizes=\"auto, (max-width: 580px) 100vw, 580px\" \/><figcaption id=\"caption-attachment-99377\" class=\"wp-caption-text\">El cuerpo del fallecido Mauricio Venegas Cordero yace en el suelo.<\/figcaption><\/figure>\n<figure id=\"attachment_99376\" aria-describedby=\"caption-attachment-99376\" style=\"width: 580px\" class=\"wp-caption alignnone\"><img data-recalc-dims=\"1\" loading=\"lazy\" decoding=\"async\" class=\"size-full wp-image-99376\" src=\"https:\/\/i0.wp.com\/eltrabajo.cl\/portal\/wp-content\/uploads\/2020\/06\/Mauricio.jpg?resize=580%2C600&#038;ssl=1\" alt=\"Mauricio Venegas Cordero de 38 a\u00f1os, quien lamentablemente falleci\u00f3 en este accidente de tr\u00e1nsito.\" width=\"580\" height=\"600\" srcset=\"https:\/\/i0.wp.com\/eltrabajo.cl\/portal\/wp-content\/uploads\/2020\/06\/Mauricio.jpg?w=580&amp;ssl=1 580w, https:\/\/i0.wp.com\/eltrabajo.cl\/portal\/wp-content\/uploads\/2020\/06\/Mauricio.jpg?resize=290%2C300&amp;ssl=1 290w, https:\/\/i0.wp.com\/eltrabajo.cl\/portal\/wp-content\/uploads\/2020\/06\/Mauricio.jpg?resize=145%2C150&amp;ssl=1 145w\" sizes=\"auto, (max-width: 580px) 100vw, 580px\" \/><figcaption id=\"caption-attachment-99376\" class=\"wp-caption-text\">Mauricio Venegas Cordero de 38 a\u00f1os, quien lamentablemente falleci\u00f3 en este accidente de tr\u00e1nsito.<\/figcaption><\/figure>\n","protected":false},"excerpt":{"rendered":"<p>Con Arresto Domiciliario Total y Arraigo Nacional, formalizado por no prestar ayuda a las v\u00edctimas, Cuasidelitos de Homicidio y Lesiones menos grave, qued\u00f3 el imputado Brandon Lagos Goldberg tras la realizaci\u00f3n de&#8230;<\/p>\n","protected":false},"author":482,"featured_media":99375,"comment_status":"closed","ping_status":"closed","sticky":false,"template":"","format":"standard","meta":{"advanced_seo_description":"","jetpack_seo_html_title":"","jetpack_seo_noindex":false,"_jetpack_memberships_contains_paid_content":false,"footnotes":""},"categories":[97],"tags":[],"class_list":["post-99374","post","type-post","status-publish","format-standard","has-post-thumbnail","hentry","category-tribunales"],"jetpack_featured_media_url":"https:\/\/i0.wp.com\/eltrabajo.cl\/portal\/wp-content\/uploads\/2020\/06\/Mauricio-copia.jpg?fit=580%2C360&ssl=1","jetpack_sharing_enabled":true,"jetpack_likes_enabled":true,"jetpack-related-posts":[],"_links":{"self":[{"href":"https:\/\/eltrabajo.cl\/portal\/wp-json\/wp\/v2\/posts\/99374","targetHints":{"allow":["GET"]}}],"collection":[{"href":"https:\/\/eltrabajo.cl\/portal\/wp-json\/wp\/v2\/posts"}],"about":[{"href":"https:\/\/eltrabajo.cl\/portal\/wp-json\/wp\/v2\/types\/post"}],"author":[{"embeddable":true,"href":"https:\/\/eltrabajo.cl\/portal\/wp-json\/wp\/v2\/users\/482"}],"replies":[{"embeddable":true,"href":"https:\/\/eltrabajo.cl\/portal\/wp-json\/wp\/v2\/comments?post=99374"}],"version-history":[{"count":0,"href":"https:\/\/eltrabajo.cl\/portal\/wp-json\/wp\/v2\/posts\/99374\/revisions"}],"wp:featuredmedia":[{"embeddable":true,"href":"https:\/\/eltrabajo.cl\/portal\/wp-json\/wp\/v2\/media\/99375"}],"wp:attachment":[{"href":"https:\/\/eltrabajo.cl\/portal\/wp-json\/wp\/v2\/media?parent=99374"}],"wp:term":[{"taxonomy":"category","embeddable":true,"href":"https:\/\/eltrabajo.cl\/portal\/wp-json\/wp\/v2\/categories?post=99374"},{"taxonomy":"post_tag","embeddable":true,"href":"https:\/\/eltrabajo.cl\/portal\/wp-json\/wp\/v2\/tags?post=99374"}],"curies":[{"name":"wp","href":"https:\/\/api.w.org\/{rel}","templated":true}]}}