{"id":99379,"date":"2020-06-08T07:50:39","date_gmt":"2020-06-08T11:50:39","guid":{"rendered":"https:\/\/www.eltrabajo.cl\/portal\/?p=99379"},"modified":"2020-06-07T22:30:40","modified_gmt":"2020-06-08T02:30:40","slug":"piden-ayuda-a-empresarios-para-mantener-comedor-de-iglesia-andacollo","status":"publish","type":"post","link":"https:\/\/eltrabajo.cl\/portal\/piden-ayuda-a-empresarios-para-mantener-comedor-de-iglesia-andacollo\/","title":{"rendered":"Piden ayuda a empresarios para mantener comedor de Iglesia Andacollo"},"content":{"rendered":"<p style=\"text-align: justify;\"><span style=\"color: #c81400;\"><strong>\u00a1Volvieron las ollas comunes a San Felipe!:<\/strong><\/span><\/p>\n<p style=\"text-align: justify;\">Muy desesperados est\u00e1n en el comedor de la Parroquia\u00a0 Andacollo, porque no est\u00e1n teniendo la ayuda necesaria para poder cocinar alimentos para la gran cantidad de personas que diariamente llega a buscar su almuerzo para ellos y sus familias. De 180 almuerzos que se daban, en un d\u00eda com\u00fan hoy se est\u00e1n entregando pr\u00e1cticamente el doble a causa de esta pandemia que est\u00e1 invadiendo a nuestro pa\u00eds y al mundo en general.<\/p>\n<p style=\"text-align: justify;\">Es por eso que el coordinador del comedor, <strong>Guillermo Brito<\/strong>, desesperado hizo un llamado a los empresarios a poder ayudar con alimentos. Este comedor lleva funcionando siete a\u00f1os, pero en este \u00faltimo tiempo se ha visto complicada la situaci\u00f3n.<\/p>\n<p style=\"text-align: justify;\">\u00ab<em>Lamentablemente hoy d\u00eda comparado a los otros a\u00f1os, nosotros llevamos siete a\u00f1os haciendo este comedor, pero hoy tenemos un gran problema nosotros recib\u00edamos a 180 personas y hoy en d\u00eda est\u00e1 viniendo el doble lamentablemente tengo que decirlo los recursos no est\u00e1n llegando al cien por ciento y estamos complicados es terrible si ustedes se dan cuenta la gente que llega ac\u00e1 no es gente que se ve habitualmente, es mucho adulto mayor, gente con familia que est\u00e1n pas\u00e1ndolo mal en este momento m\u00e1s encima con esta pandemia nosotros gracias a Dios y la Virgen estamos saliendo adelante con todas las medidas respectivas al caso, con toda nuestra seguridad completa para poder seguir entregando este servicio<\/em>\u00bb, dijo <strong>Guillermo Brito<\/strong>, coordinador del comedor.<\/p>\n<p style=\"text-align: justify;\">Reconoce que reciben ayuda, pero no est\u00e1 dando abasto para poder seguir preparando comida, \u00ab<em>por eso queremos hacer un llamado a toda la gente, los empresarios que puedan ayudar se les agradece enormemente<\/em>\u00bb, se\u00f1al\u00f3 Brito.<\/p>\n<p style=\"text-align: justify;\">Coment\u00f3 que hoy en d\u00eda lo que m\u00e1s necesita porque son r\u00e1pidos de cocinar; arroz, fideos, salsa y legumbres, para poder satisfacer de mejor manera a las personas.<\/p>\n<p style=\"text-align: justify;\">Brito puso el ejemplo del d\u00eda jueves donde cocin\u00f3 para doscientas personas, pero despu\u00e9s llegaron unos cincuentas teniendo que literalmente echarle m\u00e1s agua a la olla y preparar fideos r\u00e1pidamente. Ese d\u00eda hab\u00eda hecho porotos \u00ab<em>despu\u00e9s lleg\u00f3 gento y lamentablemente no tuvimos que darle o sea no fue un tema de tiempo sino, no ten\u00edamos los recursos as\u00ed a mano para poderlos ayudar<\/em>\u00bb, indica.<\/p>\n<p style=\"text-align: justify;\">&#8211;<strong> \u00bfDa pena?<\/strong><\/p>\n<p style=\"text-align: justify;\">&#8211; Obviamente porque despu\u00e9s llegas a tu casa, t\u00fa sabes que en tu casa tienes comida lamentablemente te vas con esa melancol\u00eda, no puedes comer porque t\u00fa piensas que le negaste un plato de comida a una persona que realmente lo necesitaba y t\u00fa con qu\u00e9 cara puedes comer, para m\u00ed me est\u00e1 siendo s\u00faper dif\u00edcil este momento porque es complicado.<\/p>\n<p style=\"text-align: justify;\">&#8211;<strong> \u00bfQui\u00e9nes vienen ac\u00e1?<\/strong><\/p>\n<p style=\"text-align: justify;\">&#8211; Mira, hoy d\u00eda lo que m\u00e1s duele por as\u00ed decirlo es la gente adulto mayor, t\u00fa te pones a mirar al lado yo creo que es una persona que tiene m\u00e1s de 80 a\u00f1os (se refiere a una se\u00f1ora que est\u00e1 al lado de \u00e9l), y nosotros por m\u00e1s que le decimos que no venga, pero ella me dice \u00aben mi desesperaci\u00f3n por comer es mucho m\u00e1s fuerte no importa que tenga que cruzar la calle dice\u00bb, pero es gente adulta mayor y personas con familias que hoy d\u00eda est\u00e1n complicados, son los que viene ac\u00e1 al comedor hoy en d\u00eda.<\/p>\n<p>&nbsp;<\/p>\n<p style=\"text-align: justify;\"><strong><span style=\"color: #c81400;\">ALGUNOS TESTIMONIOS<\/span> <\/strong><\/p>\n<p style=\"text-align: justify;\"><strong>Mar\u00eda Francisca<\/strong> una de las beneficiadas con almuerzo nos dice que en el caso de ella es mam\u00e1 soltera: \u00ab<em>Tengo dos hijos y soy temporera agr\u00edcola, tengo que pagar arriendo por mis dos hijos y yo, esto es una tremenda oportunidad de poder ahorrar para mis hijos y a m\u00ed, soy sola no tengo pareja, estoy sin trabajo desde hace un mes<\/em>\u00bb, se\u00f1ala.<\/p>\n<p style=\"text-align: justify;\">Dice que gracias a unos ahorros a podido subsistir, \u00ab<em>el pap\u00e1 de mis hijos me manda dinero por las pensiones, pero est\u00e1 todo malo en Chile, en el caso m\u00edo vengo a buscar tres almuerzos y estoy viniendo desde el d\u00eda mi\u00e9rcoles, esto es una ayuda para todo el que viene ac\u00e1<\/em>\u00bb, se\u00f1ala <strong>Mar\u00eda Fernanda<\/strong>.<\/p>\n<p style=\"text-align: justify;\"><strong>Luis Donoso<\/strong>, otra persona que estaba en la fila en espera de almuerzo, dice que era la primera vez que ven\u00eda al comedor porque est\u00e1 sin trabajo y por sus hijos, \u00ab<em>estoy desesperado y d\u00eda a d\u00eda vemos a mis hijos que tienen que comer no importa que uno no coma, uno puede soportarlo, pero el problema son los ni\u00f1os uno como padre se preocupa igual de c\u00f3mo llevarle el alimento a los ni\u00f1os en mi familia en total somos cinco ahora voy a ver qu\u00e9 pasa que solucionen me pueden dar<\/em>\u00bb, dice.<\/p>\n<p style=\"text-align: justify;\">Guillermo Brito, coordinador del comedor, aprovech\u00f3 nuestro medio para agradecer a la gente que est\u00e1 con ellos ayud\u00e1ndole, apoyando fuertemente como <strong>Ximena Trigo<\/strong>, quien est\u00e1 realizando campa\u00f1a en sus redes sociales, a la panader\u00eda de los Hermanos Ortiz ubicada en Calle Navarro, que ellos se han comprometido mucho, Funeraria L\u00f3pez les ha ayudado, muchas personas m\u00e1s, as\u00ed como tambi\u00e9n el alcalde <strong>Patricio Freire Canto<\/strong>, quien fue el primero que lo contact\u00f3 para ofrecerle su ayuda y personas que en forma an\u00f3nima est\u00e1 colaborando.<\/p>\n<p style=\"text-align: justify;\">Este comedor se encuentra en la Parroquia Andacollo ubicada en Avenida Diego de Almagro. Importante se\u00f1alar que en varios lugares de San Felipe se est\u00e1n realizando \u00abollas comunes\u00bb producto que la gente simplemente no tiene trabajo y al no tenerlo no hay dinero. <strong>Cuenta corriente Parroquia Andacollo por si alguien quiere ayudar: Scotiabank N\u00ba 9725843-55 \/ RUT: 73.700.600-K.<\/strong><\/p>\n<p style=\"text-align: justify;\">\n<figure id=\"attachment_99381\" aria-describedby=\"caption-attachment-99381\" style=\"width: 580px\" class=\"wp-caption alignnone\"><img data-recalc-dims=\"1\" loading=\"lazy\" decoding=\"async\" class=\"size-full wp-image-99381\" src=\"https:\/\/i0.wp.com\/eltrabajo.cl\/portal\/wp-content\/uploads\/2020\/06\/Andacollo3.jpg?resize=580%2C359&#038;ssl=1\" alt=\"As\u00ed funciona hoy este comedor solidario en la parroquia Andacollo, s\u00f3lo para llevar a casa.\" width=\"580\" height=\"359\" srcset=\"https:\/\/i0.wp.com\/eltrabajo.cl\/portal\/wp-content\/uploads\/2020\/06\/Andacollo3.jpg?w=580&amp;ssl=1 580w, https:\/\/i0.wp.com\/eltrabajo.cl\/portal\/wp-content\/uploads\/2020\/06\/Andacollo3.jpg?resize=300%2C186&amp;ssl=1 300w, https:\/\/i0.wp.com\/eltrabajo.cl\/portal\/wp-content\/uploads\/2020\/06\/Andacollo3.jpg?resize=200%2C124&amp;ssl=1 200w, https:\/\/i0.wp.com\/eltrabajo.cl\/portal\/wp-content\/uploads\/2020\/06\/Andacollo3.jpg?resize=150%2C93&amp;ssl=1 150w\" sizes=\"auto, (max-width: 580px) 100vw, 580px\" \/><figcaption id=\"caption-attachment-99381\" class=\"wp-caption-text\">As\u00ed funciona hoy este comedor solidario en la parroquia Andacollo, s\u00f3lo para llevar a casa.<\/figcaption><\/figure>\n<figure id=\"attachment_99382\" aria-describedby=\"caption-attachment-99382\" style=\"width: 580px\" class=\"wp-caption alignnone\"><img data-recalc-dims=\"1\" loading=\"lazy\" decoding=\"async\" class=\"size-full wp-image-99382\" src=\"https:\/\/i0.wp.com\/eltrabajo.cl\/portal\/wp-content\/uploads\/2020\/06\/Andacollo4.jpg?resize=580%2C360&#038;ssl=1\" alt=\"APOYEMOS TODOS.- Cuenta corriente Parroquia Andacollo por si alguien quiere ayudar: Scotiabank N\u00ba 9725843-55 \/ RUT: 73.700.600-K.\" width=\"580\" height=\"360\" srcset=\"https:\/\/i0.wp.com\/eltrabajo.cl\/portal\/wp-content\/uploads\/2020\/06\/Andacollo4.jpg?w=580&amp;ssl=1 580w, https:\/\/i0.wp.com\/eltrabajo.cl\/portal\/wp-content\/uploads\/2020\/06\/Andacollo4.jpg?resize=300%2C186&amp;ssl=1 300w, https:\/\/i0.wp.com\/eltrabajo.cl\/portal\/wp-content\/uploads\/2020\/06\/Andacollo4.jpg?resize=200%2C124&amp;ssl=1 200w, https:\/\/i0.wp.com\/eltrabajo.cl\/portal\/wp-content\/uploads\/2020\/06\/Andacollo4.jpg?resize=150%2C93&amp;ssl=1 150w\" sizes=\"auto, (max-width: 580px) 100vw, 580px\" \/><figcaption id=\"caption-attachment-99382\" class=\"wp-caption-text\">APOYEMOS TODOS.- Cuenta corriente Parroquia Andacollo por si alguien quiere ayudar: Scotiabank N\u00ba 9725843-55 \/ RUT: 73.700.600-K.<\/figcaption><\/figure>\n<figure id=\"attachment_99380\" aria-describedby=\"caption-attachment-99380\" style=\"width: 578px\" class=\"wp-caption alignnone\"><img data-recalc-dims=\"1\" loading=\"lazy\" decoding=\"async\" class=\"size-full wp-image-99380\" src=\"https:\/\/i0.wp.com\/eltrabajo.cl\/portal\/wp-content\/uploads\/2020\/06\/Andacollo_Guillermo-Brito.jpg?resize=578%2C600&#038;ssl=1\" alt=\"Guillermo Brito, coordinador Comedor Solidario Andacollo.\" width=\"578\" height=\"600\" srcset=\"https:\/\/i0.wp.com\/eltrabajo.cl\/portal\/wp-content\/uploads\/2020\/06\/Andacollo_Guillermo-Brito.jpg?w=578&amp;ssl=1 578w, https:\/\/i0.wp.com\/eltrabajo.cl\/portal\/wp-content\/uploads\/2020\/06\/Andacollo_Guillermo-Brito.jpg?resize=289%2C300&amp;ssl=1 289w, https:\/\/i0.wp.com\/eltrabajo.cl\/portal\/wp-content\/uploads\/2020\/06\/Andacollo_Guillermo-Brito.jpg?resize=145%2C150&amp;ssl=1 145w\" sizes=\"auto, (max-width: 578px) 100vw, 578px\" \/><figcaption id=\"caption-attachment-99380\" class=\"wp-caption-text\">Guillermo Brito, coordinador Comedor Solidario Andacollo.<\/figcaption><\/figure>\n","protected":false},"excerpt":{"rendered":"<p>\u00a1Volvieron las ollas comunes a San Felipe!: Muy desesperados est\u00e1n en el comedor de la Parroquia\u00a0 Andacollo, porque no est\u00e1n teniendo la ayuda necesaria para poder cocinar alimentos para la gran cantidad&#8230;<\/p>\n","protected":false},"author":482,"featured_media":99381,"comment_status":"closed","ping_status":"closed","sticky":false,"template":"","format":"standard","meta":{"advanced_seo_description":"","jetpack_seo_html_title":"","jetpack_seo_noindex":false,"_jetpack_memberships_contains_paid_content":false,"footnotes":""},"categories":[15],"tags":[],"class_list":["post-99379","post","type-post","status-publish","format-standard","has-post-thumbnail","hentry","category-comunidad"],"jetpack_featured_media_url":"https:\/\/i0.wp.com\/eltrabajo.cl\/portal\/wp-content\/uploads\/2020\/06\/Andacollo3.jpg?fit=580%2C359&ssl=1","jetpack_sharing_enabled":true,"jetpack_likes_enabled":true,"jetpack-related-posts":[],"_links":{"self":[{"href":"https:\/\/eltrabajo.cl\/portal\/wp-json\/wp\/v2\/posts\/99379","targetHints":{"allow":["GET"]}}],"collection":[{"href":"https:\/\/eltrabajo.cl\/portal\/wp-json\/wp\/v2\/posts"}],"about":[{"href":"https:\/\/eltrabajo.cl\/portal\/wp-json\/wp\/v2\/types\/post"}],"author":[{"embeddable":true,"href":"https:\/\/eltrabajo.cl\/portal\/wp-json\/wp\/v2\/users\/482"}],"replies":[{"embeddable":true,"href":"https:\/\/eltrabajo.cl\/portal\/wp-json\/wp\/v2\/comments?post=99379"}],"version-history":[{"count":0,"href":"https:\/\/eltrabajo.cl\/portal\/wp-json\/wp\/v2\/posts\/99379\/revisions"}],"wp:featuredmedia":[{"embeddable":true,"href":"https:\/\/eltrabajo.cl\/portal\/wp-json\/wp\/v2\/media\/99381"}],"wp:attachment":[{"href":"https:\/\/eltrabajo.cl\/portal\/wp-json\/wp\/v2\/media?parent=99379"}],"wp:term":[{"taxonomy":"category","embeddable":true,"href":"https:\/\/eltrabajo.cl\/portal\/wp-json\/wp\/v2\/categories?post=99379"},{"taxonomy":"post_tag","embeddable":true,"href":"https:\/\/eltrabajo.cl\/portal\/wp-json\/wp\/v2\/tags?post=99379"}],"curies":[{"name":"wp","href":"https:\/\/api.w.org\/{rel}","templated":true}]}}