{"id":99384,"date":"2020-06-08T08:00:00","date_gmt":"2020-06-08T12:00:00","guid":{"rendered":"https:\/\/www.eltrabajo.cl\/portal\/?p=99384"},"modified":"2020-06-07T22:37:22","modified_gmt":"2020-06-08T02:37:22","slug":"a-808-contagiados-asciende-impacto-de-la-pandemia-por-coronavirus-en-aconcagua","status":"publish","type":"post","link":"https:\/\/eltrabajo.cl\/portal\/a-808-contagiados-asciende-impacto-de-la-pandemia-por-coronavirus-en-aconcagua\/","title":{"rendered":"A 808 contagiados asciende impacto de la Pandemia por Coronavirus en Aconcagua"},"content":{"rendered":"<p style=\"text-align: justify;\"><span style=\"color: #c81400;\"><strong>S\u00f3lo el s\u00e1bado se registraron 88 positivos en el valle:<\/strong><\/span><\/p>\n<p style=\"text-align: justify;\">En pocos d\u00edas y para angustia de todos en el Valle de Aconcagua podemos decir que la intensidad del Coronavirus ya se volvi\u00f3 peligrosamente exponencial en nuestras comunas, lo que dispara muchas alertas en cada rinc\u00f3n de la zona.<\/p>\n<p style=\"text-align: justify;\">En ese sentido San Felipe entr\u00f3 a liderar la cantidad de personas contagiadas con el Covid-19, registrando en total 236 casos, mientras que el Valle del Aconcagua solamente el d\u00eda s\u00e1bado fueron reportados 88 nuevos casos y ayer domingo 67 nuevos positivos del virus, lo que hace un total de 155 casos s\u00f3lo este fin de semana.<\/p>\n<p style=\"text-align: justify;\">Tambi\u00e9n se inform\u00f3 de la muerte de una persona de 75 a\u00f1os de Llay-Llay, quien falleci\u00f3 en el Hospital de esa comuna. En tanto el Gobernador de Los Andes Sergio Salazar Vargas inform\u00f3 que 19 adultos mayores del Hogar de Cristo fueron trasladados a diversos hospitales luego de comprobarse contagio por el Covid-19. Resumiendo, las cifras ya se establecen en <strong>808<\/strong> casos de contagio y 12 personas fallecidas.<\/p>\n<p style=\"text-align: justify;\">\n<p style=\"text-align: justify;\"><span style=\"color: #c81400;\"><strong>Total por comuna<\/strong><\/span><\/p>\n<p style=\"text-align: justify;\">San Felipe: 236<\/p>\n<p style=\"text-align: justify;\">Los Andes: 224<\/p>\n<p style=\"text-align: justify;\">Calle Larga: 77<\/p>\n<p style=\"text-align: justify;\">Llay Llay: 72<\/p>\n<p style=\"text-align: justify;\">Rinconada: 50<\/p>\n<p style=\"text-align: justify;\">Putaendo: 43<\/p>\n<p style=\"text-align: justify;\">Santa Mar\u00eda: 38<\/p>\n<p style=\"text-align: justify;\">San Esteban: 33<\/p>\n<p style=\"text-align: justify;\">Catemu: 20<\/p>\n<p style=\"text-align: justify;\">Panquehue: 15<\/p>\n<p style=\"text-align: justify;\"><strong>TOTAL: <\/strong><strong>808<\/strong><\/p>\n<figure id=\"attachment_99385\" aria-describedby=\"caption-attachment-99385\" style=\"width: 580px\" class=\"wp-caption alignnone\"><a href=\"https:\/\/i0.wp.com\/eltrabajo.cl\/portal\/wp-content\/uploads\/2020\/06\/mapa.jpg?ssl=1\"><img data-recalc-dims=\"1\" loading=\"lazy\" decoding=\"async\" class=\"wp-image-99385 size-full\" src=\"https:\/\/i0.wp.com\/eltrabajo.cl\/portal\/wp-content\/uploads\/2020\/06\/mapa-copia.jpg?resize=580%2C360&#038;ssl=1\" alt=\"Este es el cuadro con la informaci\u00f3n regional comuna por comuna proporcionado por la Seremi de Salud de Valpara\u00edso.\" width=\"580\" height=\"360\" srcset=\"https:\/\/i0.wp.com\/eltrabajo.cl\/portal\/wp-content\/uploads\/2020\/06\/mapa-copia.jpg?w=580&amp;ssl=1 580w, https:\/\/i0.wp.com\/eltrabajo.cl\/portal\/wp-content\/uploads\/2020\/06\/mapa-copia.jpg?resize=300%2C186&amp;ssl=1 300w, https:\/\/i0.wp.com\/eltrabajo.cl\/portal\/wp-content\/uploads\/2020\/06\/mapa-copia.jpg?resize=200%2C124&amp;ssl=1 200w, https:\/\/i0.wp.com\/eltrabajo.cl\/portal\/wp-content\/uploads\/2020\/06\/mapa-copia.jpg?resize=150%2C93&amp;ssl=1 150w\" sizes=\"auto, (max-width: 580px) 100vw, 580px\" \/><\/a><figcaption id=\"caption-attachment-99385\" class=\"wp-caption-text\">Este es el cuadro con la informaci\u00f3n regional comuna por comuna proporcionado por la Seremi de Salud de Valpara\u00edso.<\/figcaption><\/figure>\n<figure id=\"attachment_99387\" aria-describedby=\"caption-attachment-99387\" style=\"width: 579px\" class=\"wp-caption alignnone\"><img data-recalc-dims=\"1\" loading=\"lazy\" decoding=\"async\" class=\"size-full wp-image-99387\" src=\"https:\/\/i0.wp.com\/eltrabajo.cl\/portal\/wp-content\/uploads\/2020\/06\/mapa-local.jpg?resize=579%2C521&#038;ssl=1\" alt=\"En la imagen el cuadro elaborado por el Servicio de Salud Aconcagua, entregando el detalle total de los casos registrados hasta el momento y el n\u00famero de fallecidos que ya llega a 12 a nivel local.\" width=\"579\" height=\"521\" srcset=\"https:\/\/i0.wp.com\/eltrabajo.cl\/portal\/wp-content\/uploads\/2020\/06\/mapa-local.jpg?w=579&amp;ssl=1 579w, https:\/\/i0.wp.com\/eltrabajo.cl\/portal\/wp-content\/uploads\/2020\/06\/mapa-local.jpg?resize=300%2C270&amp;ssl=1 300w, https:\/\/i0.wp.com\/eltrabajo.cl\/portal\/wp-content\/uploads\/2020\/06\/mapa-local.jpg?resize=167%2C150&amp;ssl=1 167w, https:\/\/i0.wp.com\/eltrabajo.cl\/portal\/wp-content\/uploads\/2020\/06\/mapa-local.jpg?resize=150%2C135&amp;ssl=1 150w\" sizes=\"auto, (max-width: 579px) 100vw, 579px\" \/><figcaption id=\"caption-attachment-99387\" class=\"wp-caption-text\">En la imagen el cuadro elaborado por el Servicio de Salud Aconcagua, entregando el detalle total de los casos registrados hasta el momento y el n\u00famero de fallecidos que ya llega a 12 a nivel local.<\/figcaption><\/figure>\n","protected":false},"excerpt":{"rendered":"<p>S\u00f3lo el s\u00e1bado se registraron 88 positivos en el valle: En pocos d\u00edas y para angustia de todos en el Valle de Aconcagua podemos decir que la intensidad del Coronavirus ya se&#8230;<\/p>\n","protected":false},"author":482,"featured_media":99386,"comment_status":"closed","ping_status":"closed","sticky":false,"template":"","format":"standard","meta":{"advanced_seo_description":"","jetpack_seo_html_title":"","jetpack_seo_noindex":false,"_jetpack_memberships_contains_paid_content":false,"footnotes":""},"categories":[103],"tags":[],"class_list":["post-99384","post","type-post","status-publish","format-standard","has-post-thumbnail","hentry","category-cronica-2"],"jetpack_featured_media_url":"https:\/\/i0.wp.com\/eltrabajo.cl\/portal\/wp-content\/uploads\/2020\/06\/mapa-local-copia.jpg?fit=580%2C359&ssl=1","jetpack_sharing_enabled":true,"jetpack_likes_enabled":true,"jetpack-related-posts":[],"_links":{"self":[{"href":"https:\/\/eltrabajo.cl\/portal\/wp-json\/wp\/v2\/posts\/99384","targetHints":{"allow":["GET"]}}],"collection":[{"href":"https:\/\/eltrabajo.cl\/portal\/wp-json\/wp\/v2\/posts"}],"about":[{"href":"https:\/\/eltrabajo.cl\/portal\/wp-json\/wp\/v2\/types\/post"}],"author":[{"embeddable":true,"href":"https:\/\/eltrabajo.cl\/portal\/wp-json\/wp\/v2\/users\/482"}],"replies":[{"embeddable":true,"href":"https:\/\/eltrabajo.cl\/portal\/wp-json\/wp\/v2\/comments?post=99384"}],"version-history":[{"count":0,"href":"https:\/\/eltrabajo.cl\/portal\/wp-json\/wp\/v2\/posts\/99384\/revisions"}],"wp:featuredmedia":[{"embeddable":true,"href":"https:\/\/eltrabajo.cl\/portal\/wp-json\/wp\/v2\/media\/99386"}],"wp:attachment":[{"href":"https:\/\/eltrabajo.cl\/portal\/wp-json\/wp\/v2\/media?parent=99384"}],"wp:term":[{"taxonomy":"category","embeddable":true,"href":"https:\/\/eltrabajo.cl\/portal\/wp-json\/wp\/v2\/categories?post=99384"},{"taxonomy":"post_tag","embeddable":true,"href":"https:\/\/eltrabajo.cl\/portal\/wp-json\/wp\/v2\/tags?post=99384"}],"curies":[{"name":"wp","href":"https:\/\/api.w.org\/{rel}","templated":true}]}}