{"id":99391,"date":"2020-06-09T07:30:32","date_gmt":"2020-06-09T11:30:32","guid":{"rendered":"https:\/\/www.eltrabajo.cl\/portal\/?p=99391"},"modified":"2020-06-09T19:52:55","modified_gmt":"2020-06-09T23:52:55","slug":"campana-solidaria-para-reunir-utiles-de-aseo-femeninos-para-familias-por-pandemia","status":"publish","type":"post","link":"https:\/\/eltrabajo.cl\/portal\/campana-solidaria-para-reunir-utiles-de-aseo-femeninos-para-familias-por-pandemia\/","title":{"rendered":"Campa\u00f1a solidaria para reunir \u00fatiles de aseo femeninos para familias por pandemia"},"content":{"rendered":"<ul style=\"text-align: justify;\">\n<li><strong>Las agrupaciones de la mujer, con apoyo del municipio, lanzaron la iniciativa que permitir\u00e1 dotar de diversos implementos a las familias que lo requieran en medio la pandemia.<\/strong><\/li>\n<\/ul>\n<p style=\"text-align: justify;\">Agrupaciones de mujeres de la comuna, apoyadas por el municipio, han desarrollado una campa\u00f1a solidaria para reunir \u00fatiles de aseo femeninos y as\u00ed apoyar a las familias en estos tiempos de pandemia. As\u00ed lo se\u00f1al\u00f3 <strong>Silvana Vera<\/strong>, coordinadora de la Oficina municipal de la Mujer.<\/p>\n<p style=\"text-align: justify;\">\u00ab<em>En esta situaci\u00f3n que vivimos como pa\u00eds y tambi\u00e9n como ciudad, sobre todo la falta de empleo y que ha afectado, por cierto, a las mujeres, quienes no tienen con quien dejar a sus hijos y deben salir a buscar el sustento. En este contexto, en las diversas ayudas que ha entregado el gobierno y la municipalidad en cuanto a la alimentaci\u00f3n, tambi\u00e9n se ha visto la necesidad que son muy b\u00e1sicas en las propias mujeres, tales como sus \u00fatiles de aseo\u00bb,<\/em> sostuvo.<\/p>\n<p style=\"text-align: justify;\">En rigor, en conjunto con las organizaciones de mujeres, lo que se busca es que la ciudadan\u00eda done dichos implementos de aseo personal, tales como cepillos y pastas de dientes, shampoo, jab\u00f3n, toallas higi\u00e9nicas, entre otros, las que ser\u00e1n entregada a las familias que lo necesiten.<\/p>\n<p style=\"text-align: justify;\">Los interesados pueden dejar sus donaciones en la Oficina de la Mujer, ubicada en Mar\u00eda Eufrasia 1350, frente a la Fiscal\u00eda, de lunes a viernes de 08.30 a 13.00 horas.<\/p>\n<figure id=\"attachment_99392\" aria-describedby=\"caption-attachment-99392\" style=\"width: 580px\" class=\"wp-caption alignnone\"><img data-recalc-dims=\"1\" loading=\"lazy\" decoding=\"async\" class=\"size-full wp-image-99392\" src=\"https:\/\/i0.wp.com\/eltrabajo.cl\/portal\/wp-content\/uploads\/2020\/06\/campa%C3%B1a.jpg?resize=580%2C359&#038;ssl=1\" alt=\"La idea es que la ciudadan\u00eda done implementos de aseo personal como cepillos y pastas de dientes, shampoo, jab\u00f3n, toallas higi\u00e9nicas, entre otros, para entregarlos a las familias que lo necesiten.\" width=\"580\" height=\"359\" srcset=\"https:\/\/i0.wp.com\/eltrabajo.cl\/portal\/wp-content\/uploads\/2020\/06\/campa%C3%B1a.jpg?w=580&amp;ssl=1 580w, https:\/\/i0.wp.com\/eltrabajo.cl\/portal\/wp-content\/uploads\/2020\/06\/campa%C3%B1a.jpg?resize=300%2C186&amp;ssl=1 300w, https:\/\/i0.wp.com\/eltrabajo.cl\/portal\/wp-content\/uploads\/2020\/06\/campa%C3%B1a.jpg?resize=200%2C124&amp;ssl=1 200w, https:\/\/i0.wp.com\/eltrabajo.cl\/portal\/wp-content\/uploads\/2020\/06\/campa%C3%B1a.jpg?resize=150%2C93&amp;ssl=1 150w\" sizes=\"auto, (max-width: 580px) 100vw, 580px\" \/><figcaption id=\"caption-attachment-99392\" class=\"wp-caption-text\">La idea es que la ciudadan\u00eda done implementos de aseo personal como cepillos y pastas de dientes, shampoo, jab\u00f3n, toallas higi\u00e9nicas, entre otros, para entregarlos a las familias que lo necesiten.<\/figcaption><\/figure>\n","protected":false},"excerpt":{"rendered":"<p>Las agrupaciones de la mujer, con apoyo del municipio, lanzaron la iniciativa que permitir\u00e1 dotar de diversos implementos a las familias que lo requieran en medio la pandemia. Agrupaciones de mujeres de&#8230;<\/p>\n","protected":false},"author":482,"featured_media":99392,"comment_status":"closed","ping_status":"closed","sticky":false,"template":"","format":"standard","meta":{"advanced_seo_description":"","jetpack_seo_html_title":"","jetpack_seo_noindex":false,"_jetpack_memberships_contains_paid_content":false,"footnotes":""},"categories":[103],"tags":[],"class_list":["post-99391","post","type-post","status-publish","format-standard","has-post-thumbnail","hentry","category-cronica-2"],"jetpack_featured_media_url":"https:\/\/i0.wp.com\/eltrabajo.cl\/portal\/wp-content\/uploads\/2020\/06\/campa%C3%B1a.jpg?fit=580%2C359&ssl=1","jetpack_sharing_enabled":true,"jetpack_likes_enabled":true,"jetpack-related-posts":[],"_links":{"self":[{"href":"https:\/\/eltrabajo.cl\/portal\/wp-json\/wp\/v2\/posts\/99391","targetHints":{"allow":["GET"]}}],"collection":[{"href":"https:\/\/eltrabajo.cl\/portal\/wp-json\/wp\/v2\/posts"}],"about":[{"href":"https:\/\/eltrabajo.cl\/portal\/wp-json\/wp\/v2\/types\/post"}],"author":[{"embeddable":true,"href":"https:\/\/eltrabajo.cl\/portal\/wp-json\/wp\/v2\/users\/482"}],"replies":[{"embeddable":true,"href":"https:\/\/eltrabajo.cl\/portal\/wp-json\/wp\/v2\/comments?post=99391"}],"version-history":[{"count":0,"href":"https:\/\/eltrabajo.cl\/portal\/wp-json\/wp\/v2\/posts\/99391\/revisions"}],"wp:featuredmedia":[{"embeddable":true,"href":"https:\/\/eltrabajo.cl\/portal\/wp-json\/wp\/v2\/media\/99392"}],"wp:attachment":[{"href":"https:\/\/eltrabajo.cl\/portal\/wp-json\/wp\/v2\/media?parent=99391"}],"wp:term":[{"taxonomy":"category","embeddable":true,"href":"https:\/\/eltrabajo.cl\/portal\/wp-json\/wp\/v2\/categories?post=99391"},{"taxonomy":"post_tag","embeddable":true,"href":"https:\/\/eltrabajo.cl\/portal\/wp-json\/wp\/v2\/tags?post=99391"}],"curies":[{"name":"wp","href":"https:\/\/api.w.org\/{rel}","templated":true}]}}