{"id":99399,"date":"2020-06-09T07:40:17","date_gmt":"2020-06-09T11:40:17","guid":{"rendered":"https:\/\/www.eltrabajo.cl\/portal\/?p=99399"},"modified":"2020-06-09T00:16:42","modified_gmt":"2020-06-09T04:16:42","slug":"hospital-de-putaendo-recibe-a-9-pacientes-covid-19-de-hogar-de-cristo-los-andes","status":"publish","type":"post","link":"https:\/\/eltrabajo.cl\/portal\/hospital-de-putaendo-recibe-a-9-pacientes-covid-19-de-hogar-de-cristo-los-andes\/","title":{"rendered":"Hospital de Putaendo recibe a 9 pacientes Covid-19 de Hogar de Cristo Los Andes"},"content":{"rendered":"<ul style=\"text-align: justify;\">\n<li><strong>Director del Hospital San Antonio: \u00abNuestro equipo se ha preparado para enfrentar esta pandemia y as\u00ed cumplir adecuadamente su rol como hospital de descarga\u00bb, recalcando que la preparaci\u00f3n que durante meses ha tenido el Establecimiento les permite enfrentar en \u00f3ptimas condiciones las derivaciones que se realizan.<\/strong><\/li>\n<\/ul>\n<p style=\"text-align: justify;\"><strong>PUTAENDO<\/strong>.- <em>\u00abLa preparaci\u00f3n que ha tenido nuestra comunidad hospitalaria durante los \u00faltimos meses nos permite hoy estar en buenas condiciones para otorgar las atenciones y cuidados a las personas que sean derivadas a nuestro establecimiento desde cualquier punto de la red de salud\u00bb.<\/em> De esta manera el Dr. <strong>\u00d3scar Cruz Bustamante<\/strong>, director del Hospital San Antonio de Putaendo, destac\u00f3 el rol que cumple la instituci\u00f3n como establecimiento de descarga y m\u00e1s a\u00fan frente al aumento de contagios por Covid-19 en el valle de Aconcagua.<\/p>\n<p style=\"text-align: justify;\">El profesional hizo esta afirmaci\u00f3n luego que el HSAP recibiera nueve adultos mayores provenientes del Hogar de Cristo de Los Andes, donde se confirm\u00f3 un brote por Covid-19, los que fueron derivados hacia diferentes establecimientos de la red de salud, alcanzando con ello la suma de catorce casos activos que est\u00e1n siendo atendidos en el hospital putaendino.<\/p>\n<p style=\"text-align: justify;\">En este sentido, el directivo record\u00f3 que desde inicios del mes de marzo, el Hospital viene implementando una serie de medidas como ejercicios de simulaci\u00f3n, capacitaciones, habilitaci\u00f3n de nuevas camas cl\u00ednicas y readecuaci\u00f3n de sus instalaciones para diferenciar las atenciones generales de aquellas asociadas a enfermedades respiratorias.<\/p>\n<p style=\"text-align: justify;\">Junto con ello, el Dr. Cruz insisti\u00f3 en el llamado a extremar las medidas de autocuidado como el distanciamiento social, el uso de mascarilla y el lavado frecuente de manos. Destac\u00f3 tambi\u00e9n de manera importante el compromiso mostrado por todo el equipo cl\u00ednico y administrativo frente a esta contingencia ocurrida durante el fin de semana, ya que se gestion\u00f3 de manera muy r\u00e1pida todo lo necesario para el traslado de estos pacientes al establecimiento.<\/p>\n<p style=\"text-align: justify;\">\n<figure id=\"attachment_99400\" aria-describedby=\"caption-attachment-99400\" style=\"width: 580px\" class=\"wp-caption alignnone\"><img data-recalc-dims=\"1\" loading=\"lazy\" decoding=\"async\" class=\"size-full wp-image-99400\" src=\"https:\/\/i0.wp.com\/eltrabajo.cl\/portal\/wp-content\/uploads\/2020\/06\/REFERENCIAL-EQUIPO-HSAP.jpg?resize=580%2C359&#038;ssl=1\" alt=\"Desde inicios del mes de marzo, el Hospital viene implementando una serie de medidas como ejercicios de simulaci\u00f3n, capacitaciones, habilitaci\u00f3n de nuevas camas cl\u00ednicas y readecuaci\u00f3n de sus instalaciones (Archivo).\" width=\"580\" height=\"359\" srcset=\"https:\/\/i0.wp.com\/eltrabajo.cl\/portal\/wp-content\/uploads\/2020\/06\/REFERENCIAL-EQUIPO-HSAP.jpg?w=580&amp;ssl=1 580w, https:\/\/i0.wp.com\/eltrabajo.cl\/portal\/wp-content\/uploads\/2020\/06\/REFERENCIAL-EQUIPO-HSAP.jpg?resize=300%2C186&amp;ssl=1 300w, https:\/\/i0.wp.com\/eltrabajo.cl\/portal\/wp-content\/uploads\/2020\/06\/REFERENCIAL-EQUIPO-HSAP.jpg?resize=200%2C124&amp;ssl=1 200w, https:\/\/i0.wp.com\/eltrabajo.cl\/portal\/wp-content\/uploads\/2020\/06\/REFERENCIAL-EQUIPO-HSAP.jpg?resize=150%2C93&amp;ssl=1 150w\" sizes=\"auto, (max-width: 580px) 100vw, 580px\" \/><figcaption id=\"caption-attachment-99400\" class=\"wp-caption-text\">Desde inicios del mes de marzo, el Hospital viene implementando una serie de medidas como ejercicios de simulaci\u00f3n, capacitaciones, habilitaci\u00f3n de nuevas camas cl\u00ednicas y readecuaci\u00f3n de sus instalaciones (Archivo).<\/figcaption><\/figure>\n","protected":false},"excerpt":{"rendered":"<p>Director del Hospital San Antonio: \u00abNuestro equipo se ha preparado para enfrentar esta pandemia y as\u00ed cumplir adecuadamente su rol como hospital de descarga\u00bb, recalcando que la preparaci\u00f3n que durante meses ha&#8230;<\/p>\n","protected":false},"author":482,"featured_media":99400,"comment_status":"closed","ping_status":"closed","sticky":false,"template":"","format":"standard","meta":{"advanced_seo_description":"","jetpack_seo_html_title":"","jetpack_seo_noindex":false,"_jetpack_memberships_contains_paid_content":false,"footnotes":""},"categories":[103],"tags":[],"class_list":["post-99399","post","type-post","status-publish","format-standard","has-post-thumbnail","hentry","category-cronica-2"],"jetpack_featured_media_url":"https:\/\/i0.wp.com\/eltrabajo.cl\/portal\/wp-content\/uploads\/2020\/06\/REFERENCIAL-EQUIPO-HSAP.jpg?fit=580%2C359&ssl=1","jetpack_sharing_enabled":true,"jetpack_likes_enabled":true,"jetpack-related-posts":[],"_links":{"self":[{"href":"https:\/\/eltrabajo.cl\/portal\/wp-json\/wp\/v2\/posts\/99399","targetHints":{"allow":["GET"]}}],"collection":[{"href":"https:\/\/eltrabajo.cl\/portal\/wp-json\/wp\/v2\/posts"}],"about":[{"href":"https:\/\/eltrabajo.cl\/portal\/wp-json\/wp\/v2\/types\/post"}],"author":[{"embeddable":true,"href":"https:\/\/eltrabajo.cl\/portal\/wp-json\/wp\/v2\/users\/482"}],"replies":[{"embeddable":true,"href":"https:\/\/eltrabajo.cl\/portal\/wp-json\/wp\/v2\/comments?post=99399"}],"version-history":[{"count":0,"href":"https:\/\/eltrabajo.cl\/portal\/wp-json\/wp\/v2\/posts\/99399\/revisions"}],"wp:featuredmedia":[{"embeddable":true,"href":"https:\/\/eltrabajo.cl\/portal\/wp-json\/wp\/v2\/media\/99400"}],"wp:attachment":[{"href":"https:\/\/eltrabajo.cl\/portal\/wp-json\/wp\/v2\/media?parent=99399"}],"wp:term":[{"taxonomy":"category","embeddable":true,"href":"https:\/\/eltrabajo.cl\/portal\/wp-json\/wp\/v2\/categories?post=99399"},{"taxonomy":"post_tag","embeddable":true,"href":"https:\/\/eltrabajo.cl\/portal\/wp-json\/wp\/v2\/tags?post=99399"}],"curies":[{"name":"wp","href":"https:\/\/api.w.org\/{rel}","templated":true}]}}