{"id":99402,"date":"2020-06-09T07:45:53","date_gmt":"2020-06-09T11:45:53","guid":{"rendered":"https:\/\/www.eltrabajo.cl\/portal\/?p=99402"},"modified":"2020-06-09T00:19:06","modified_gmt":"2020-06-09T04:19:06","slug":"ayer-despidieron-a-conocida-propietaria-de-restaurante-valeria-en-bucalemu","status":"publish","type":"post","link":"https:\/\/eltrabajo.cl\/portal\/ayer-despidieron-a-conocida-propietaria-de-restaurante-valeria-en-bucalemu\/","title":{"rendered":"Ayer despidieron a conocida propietaria de Restaurante Valeria en Bucalemu"},"content":{"rendered":"<p style=\"text-align: justify;\"><span style=\"color: #c81400;\"><strong>Alicia del Carmen Cuevas D\u00edaz muri\u00f3 a los 80 a\u00f1os este domingo:<\/strong><\/span><\/p>\n<p style=\"text-align: justify;\">Hoy en <strong>Diario El Trabajo<\/strong> queremos mostrar a nuestros lectores y con todo el respeto que corresponde para la protagonista de esta historia y de sus familiares, c\u00f3mo fue despedida ayer lunes en Bucalemu una de las empresarias locales due\u00f1a del Restaurante Valeria, do\u00f1a <strong>Alicia del Carmen Cuevas D\u00edaz<\/strong>, de 80 a\u00f1os de edad, luego que el Coronavirus le arrebatara la vida.<\/p>\n<p style=\"text-align: justify;\">\u2018<em>Carmencita<\/em>\u2019, como era conocida esta vecina, lleg\u00f3 del sur hace 50 a\u00f1os. Siempre fue luchadora, porfiada en que ella alg\u00fan d\u00eda tendr\u00eda su propio restaurante. Arrendaba locales para sacar adelante a su familia junto a su <span style=\"color: #c81400;\">esposo<\/span> <strong>Luis Iv\u00e1n Villanueva<\/strong>, con quien sac\u00f3 adelante a sus dos hijas: <strong>Valeria<\/strong> y <strong>Noelia<\/strong>.<\/p>\n<p style=\"text-align: justify;\">En 1995 dej\u00f3 de arrendar local y se apost\u00f3 todas sus fichas al comprar su casa y en el mismo terreno poner su restaurante, su sue\u00f1o lo hab\u00eda cumplido, logrando tambi\u00e9n ganarse con los a\u00f1os el cari\u00f1o y apoyo de todos en Bucalemu, su clientela creci\u00f3 y le hac\u00eda tambi\u00e9n el peso a otros empresarios en el sector.<\/p>\n<p style=\"text-align: justify;\">\n<p style=\"text-align: justify;\"><span style=\"color: #c81400;\"><strong>LA TRAGEDIA<\/strong><\/span><\/p>\n<p style=\"text-align: justify;\">La semana pasada ella se sinti\u00f3 mal, los s\u00edntomas del Covid-19 se hicieron presente y en tan s\u00f3lo 72 horas Carmencita falleci\u00f3 en el Hospital San Camilo el domingo a las 9:30 horas, dejando a sus familiares y a todos en Bucalemu sin habla. Su querida Carmen Cuevas, \u2018la Alegr\u00eda de Bucalemu\u2019 hab\u00eda dejado de existir.<\/p>\n<p style=\"text-align: justify;\">\u00ab<em>Les agradezco este gesto. Ella siempre fue una mujer muy luchadora y emprendedora, siempre ayudando a los dem\u00e1s. Ella me cri\u00f3 y me ense\u00f1\u00f3 ser una mujer fuerte, lo m\u00e1s terrible es no poder despedirla como se lo merec\u00eda y poder acariciarla. A los lectores del diario y a mis vecinos les digo que tomen conciencia, este dolor no se lo deseo a nadie. Ella dej\u00f3 dos hijas y una nieta, a m\u00ed que me cri\u00f3, porque ella es mi madre, tambi\u00e9n dej\u00f3 siete nietos y cinco bisnietos, y a su compa\u00f1ero de 33 a\u00f1os con quien comparti\u00f3 toda una vida juntos<\/em>\u00bb, coment\u00f3 emocionada a <strong>Diario El Trabajo<\/strong> la nieta de Carmencita, <strong>Valeria L\u00f3pez Astorga<\/strong>.<\/p>\n<p style=\"text-align: justify;\">\n<p style=\"text-align: justify;\"><span style=\"color: #c81400;\"><strong>SUS FUNERALES<\/strong><\/span><\/p>\n<p style=\"text-align: justify;\">Los funerales de esta ejemplar vecina fueron sin cuerpo presente. Vecinos y familiares instalaron un peque\u00f1o altar con su fotograf\u00eda en la entrada de su casa, algunos rezaron, otros cantaron himnos, pero todos en el barrio estaban muy dolidos con su deceso. La carroza f\u00fanebre lleg\u00f3 con el cuerpo de la vecina, sus vecinos salieron a despedirla con un estruendoso aplauso masivo, en la esquina de la calle donde ella viv\u00eda tambi\u00e9n dejaron un enorme cartel con una dedicatoria. Sus restos mortales desde el mediod\u00eda de ayer lunes descansan en el Cementerio Municipal de San Felipe, en El Almendral.<\/p>\n<p style=\"text-align: justify;\">Todo el personal administrativo, gerencial y period\u00edstico de <strong>Diario El Trabajo<\/strong> nos unimos al dolor de los familiares de esta empresaria, esperando que tengan fortaleza y resignaci\u00f3n. \u00a1<strong>Descansa en Paz Alicia del Carmen Cuevas D\u00edaz<\/strong>!<\/p>\n<p style=\"text-align: justify;\"><strong>Roberto Gonz\u00e1lez Short<\/strong><\/p>\n<p style=\"text-align: justify;\">\n<figure id=\"attachment_99403\" aria-describedby=\"caption-attachment-99403\" style=\"width: 580px\" class=\"wp-caption alignnone\"><img data-recalc-dims=\"1\" loading=\"lazy\" decoding=\"async\" class=\"size-full wp-image-99403\" src=\"https:\/\/i0.wp.com\/eltrabajo.cl\/portal\/wp-content\/uploads\/2020\/06\/Carmencita1.jpg?resize=580%2C360&#038;ssl=1\" alt=\"ADI\u00d3S CARMENCITA.- Con pa\u00f1uelos  blancos, globos en la calle, l\u00e1grimas y aplausos, as\u00ed despidieron a la due\u00f1a de Restaurante Valeria de Catemu. El Covid-19 se sigue llevando a los mejores.\" width=\"580\" height=\"360\" srcset=\"https:\/\/i0.wp.com\/eltrabajo.cl\/portal\/wp-content\/uploads\/2020\/06\/Carmencita1.jpg?w=580&amp;ssl=1 580w, https:\/\/i0.wp.com\/eltrabajo.cl\/portal\/wp-content\/uploads\/2020\/06\/Carmencita1.jpg?resize=300%2C186&amp;ssl=1 300w, https:\/\/i0.wp.com\/eltrabajo.cl\/portal\/wp-content\/uploads\/2020\/06\/Carmencita1.jpg?resize=200%2C124&amp;ssl=1 200w, https:\/\/i0.wp.com\/eltrabajo.cl\/portal\/wp-content\/uploads\/2020\/06\/Carmencita1.jpg?resize=150%2C93&amp;ssl=1 150w\" sizes=\"auto, (max-width: 580px) 100vw, 580px\" \/><figcaption id=\"caption-attachment-99403\" class=\"wp-caption-text\">ADI\u00d3S CARMENCITA.- Con pa\u00f1uelos blancos, globos en la calle, l\u00e1grimas y aplausos, as\u00ed despidieron a la due\u00f1a de Restaurante Valeria de Catemu. El Covid-19 se sigue llevando a los mejores.<\/figcaption><\/figure>\n<figure id=\"attachment_99404\" aria-describedby=\"caption-attachment-99404\" style=\"width: 578px\" class=\"wp-caption alignnone\"><img data-recalc-dims=\"1\" loading=\"lazy\" decoding=\"async\" class=\"size-full wp-image-99404\" src=\"https:\/\/i0.wp.com\/eltrabajo.cl\/portal\/wp-content\/uploads\/2020\/06\/Carmencita2.jpg?resize=578%2C386&#038;ssl=1\" alt=\"SENSIBLE DEDICATORIA.- Esta es la dedicatoria que sus vecinos pegaron en la puerta principal de una casa a la entrada de la calle donde Carmencita viv\u00eda.\" width=\"578\" height=\"386\" srcset=\"https:\/\/i0.wp.com\/eltrabajo.cl\/portal\/wp-content\/uploads\/2020\/06\/Carmencita2.jpg?w=578&amp;ssl=1 578w, https:\/\/i0.wp.com\/eltrabajo.cl\/portal\/wp-content\/uploads\/2020\/06\/Carmencita2.jpg?resize=300%2C200&amp;ssl=1 300w, https:\/\/i0.wp.com\/eltrabajo.cl\/portal\/wp-content\/uploads\/2020\/06\/Carmencita2.jpg?resize=200%2C134&amp;ssl=1 200w, https:\/\/i0.wp.com\/eltrabajo.cl\/portal\/wp-content\/uploads\/2020\/06\/Carmencita2.jpg?resize=150%2C100&amp;ssl=1 150w\" sizes=\"auto, (max-width: 578px) 100vw, 578px\" \/><figcaption id=\"caption-attachment-99404\" class=\"wp-caption-text\">SENSIBLE DEDICATORIA.- Esta es la dedicatoria que sus vecinos pegaron en la puerta principal de una casa a la entrada de la calle donde Carmencita viv\u00eda.<\/figcaption><\/figure>\n<figure id=\"attachment_99405\" aria-describedby=\"caption-attachment-99405\" style=\"width: 580px\" class=\"wp-caption alignnone\"><img data-recalc-dims=\"1\" loading=\"lazy\" decoding=\"async\" class=\"size-full wp-image-99405\" src=\"https:\/\/i0.wp.com\/eltrabajo.cl\/portal\/wp-content\/uploads\/2020\/06\/Carmencita_Alicia-del-Carmen-Cuevas-Diaz.jpg?resize=580%2C598&#038;ssl=1\" alt=\"Alicia del Carmen Cuevas D\u00edaz, empresaria que falleci\u00f3 por Coronavirus este domingo en el Hospital San Camilo.\" width=\"580\" height=\"598\" srcset=\"https:\/\/i0.wp.com\/eltrabajo.cl\/portal\/wp-content\/uploads\/2020\/06\/Carmencita_Alicia-del-Carmen-Cuevas-Diaz.jpg?w=580&amp;ssl=1 580w, https:\/\/i0.wp.com\/eltrabajo.cl\/portal\/wp-content\/uploads\/2020\/06\/Carmencita_Alicia-del-Carmen-Cuevas-Diaz.jpg?resize=291%2C300&amp;ssl=1 291w, https:\/\/i0.wp.com\/eltrabajo.cl\/portal\/wp-content\/uploads\/2020\/06\/Carmencita_Alicia-del-Carmen-Cuevas-Diaz.jpg?resize=145%2C150&amp;ssl=1 145w\" sizes=\"auto, (max-width: 580px) 100vw, 580px\" \/><figcaption id=\"caption-attachment-99405\" class=\"wp-caption-text\">Alicia del Carmen Cuevas D\u00edaz, empresaria que falleci\u00f3 por Coronavirus este domingo en el Hospital San Camilo.<\/figcaption><\/figure>\n","protected":false},"excerpt":{"rendered":"<p>Alicia del Carmen Cuevas D\u00edaz muri\u00f3 a los 80 a\u00f1os este domingo: Hoy en Diario El Trabajo queremos mostrar a nuestros lectores y con todo el respeto que corresponde para la protagonista&#8230;<\/p>\n","protected":false},"author":482,"featured_media":99403,"comment_status":"closed","ping_status":"closed","sticky":false,"template":"","format":"standard","meta":{"advanced_seo_description":"","jetpack_seo_html_title":"","jetpack_seo_noindex":false,"_jetpack_memberships_contains_paid_content":false,"footnotes":""},"categories":[15],"tags":[],"class_list":["post-99402","post","type-post","status-publish","format-standard","has-post-thumbnail","hentry","category-comunidad"],"jetpack_featured_media_url":"https:\/\/i0.wp.com\/eltrabajo.cl\/portal\/wp-content\/uploads\/2020\/06\/Carmencita1.jpg?fit=580%2C360&ssl=1","jetpack_sharing_enabled":true,"jetpack_likes_enabled":true,"jetpack-related-posts":[],"_links":{"self":[{"href":"https:\/\/eltrabajo.cl\/portal\/wp-json\/wp\/v2\/posts\/99402","targetHints":{"allow":["GET"]}}],"collection":[{"href":"https:\/\/eltrabajo.cl\/portal\/wp-json\/wp\/v2\/posts"}],"about":[{"href":"https:\/\/eltrabajo.cl\/portal\/wp-json\/wp\/v2\/types\/post"}],"author":[{"embeddable":true,"href":"https:\/\/eltrabajo.cl\/portal\/wp-json\/wp\/v2\/users\/482"}],"replies":[{"embeddable":true,"href":"https:\/\/eltrabajo.cl\/portal\/wp-json\/wp\/v2\/comments?post=99402"}],"version-history":[{"count":0,"href":"https:\/\/eltrabajo.cl\/portal\/wp-json\/wp\/v2\/posts\/99402\/revisions"}],"wp:featuredmedia":[{"embeddable":true,"href":"https:\/\/eltrabajo.cl\/portal\/wp-json\/wp\/v2\/media\/99403"}],"wp:attachment":[{"href":"https:\/\/eltrabajo.cl\/portal\/wp-json\/wp\/v2\/media?parent=99402"}],"wp:term":[{"taxonomy":"category","embeddable":true,"href":"https:\/\/eltrabajo.cl\/portal\/wp-json\/wp\/v2\/categories?post=99402"},{"taxonomy":"post_tag","embeddable":true,"href":"https:\/\/eltrabajo.cl\/portal\/wp-json\/wp\/v2\/tags?post=99402"}],"curies":[{"name":"wp","href":"https:\/\/api.w.org\/{rel}","templated":true}]}}