{"id":99413,"date":"2020-06-09T07:55:01","date_gmt":"2020-06-09T11:55:01","guid":{"rendered":"https:\/\/www.eltrabajo.cl\/portal\/?p=99413"},"modified":"2020-06-09T00:23:19","modified_gmt":"2020-06-09T04:23:19","slug":"motochorros-asaltan-a-joven-para-robarle-celular-que-portaba-en-un-banano","status":"publish","type":"post","link":"https:\/\/eltrabajo.cl\/portal\/motochorros-asaltan-a-joven-para-robarle-celular-que-portaba-en-un-banano\/","title":{"rendered":"\u2018Motochorros\u2019 asaltan a joven para robarle celular que portaba en un banano"},"content":{"rendered":"<p style=\"text-align: justify;\"><span style=\"color: #c81400;\"><strong>Asalto en Quebrada Herrera:<\/strong><\/span><\/p>\n<p style=\"text-align: justify;\">Mal ojo tuvieron dos sujetos que usando el m\u00e9todo del \u2018moto chorro\u2019 y pensando que su v\u00edctima llevaba dinero en su banano, lo asaltaron violentamente en la Calle Central, cercano a una Villa del sector Las Tres Canchas en Quebrada Herrera.<\/p>\n<p style=\"text-align: justify;\">El asalto ocurri\u00f3 el d\u00eda s\u00e1bado faltando minutos para las seis de la tarde, cuando la v\u00edctima, un joven de 20 a\u00f1os de edad aproximadamente, caminaba hacia su casa por la vereda portando su banano. En esas circunstancias vio\u00a0 que se detuvo una motocicleta con dos sujetos a bordo, quienes manten\u00edan sus respectivos cascos y mascarilla por la emergencia. En ese momento dice que se dio vuelta en un gesto para ver qu\u00e9 estaban haciendo cuando <em>\u00abveo a\u00a0 un tipo que viene\u2026 me pega una \u2018pat\u00e1\u2019 en el pecho, me bot\u00f3 \u2018altiro\u2019 al suelo y me empez\u00f3 a pegar; me dec\u00eda \u2018entrega el banano tal por cual\u2019. Ah\u00ed le dije: \u2018hermano ando con el puro celu\u2019. \u2018No, entrega, entrega, entrega\u2019, peg\u00e1ndome \u2018pat\u00e1s\u2019 en la cabeza, me peg\u00f3 unos combos. Fue as\u00ed s\u00faper r\u00e1pido, as\u00ed de momento, se suben y se fueron\u00bb,<\/em> relat\u00f3 la v\u00edctima a FMVida.<\/p>\n<p style=\"text-align: justify;\">Cabe destacar que por petici\u00f3n de la v\u00edctima se reserv\u00f3 su identidad por motivos de seguridad.<\/p>\n<p style=\"text-align: justify;\">Reconoce que nunca pens\u00f3 que los sujetos lo pudieran asaltar, porque fue todo muy r\u00e1pido que no le dio tiempo de pedir ayuda.<\/p>\n<p style=\"text-align: justify;\">A consecuencia de lo anterior el joven result\u00f3 con heridas leves.<\/p>\n<p style=\"text-align: justify;\">Le robaron el banano que portaba, donde llevaba su celular avaluado en unos 140 mil pesos.<\/p>\n<p style=\"text-align: justify;\">Realiz\u00f3 la denuncia correspondiente ante Carabineros.<\/p>\n<p style=\"text-align: justify;\">Consultado sobre alg\u00fan acento en particular, dijo que el sujeto que lo golpe\u00f3 era chileno, el otro ignora porque no pronunci\u00f3 ninguna palabra.<\/p>\n<p style=\"text-align: justify;\">La moto era de color verde, tipo enduro que se usan para subir cerros.<\/p>\n<p style=\"text-align: justify;\">\u00ab<em>Yo pienso que donde me vieron con el banano han dicho este loco anda con plata y cuestiones as\u00ed\u00bb,<\/em> dice el afectado.<\/p>\n<p style=\"text-align: justify;\">Comenta que nunca le hab\u00eda tocado vivir una situaci\u00f3n as\u00ed, solamente lo hab\u00eda visto en otras personas. Porque como suele sucede no se piensa que le pueda ocurrir a uno.<\/p>\n<p style=\"text-align: justify;\">Todos los antecedentes fueron puestos a disposici\u00f3n del Ministerio P\u00fablico.<\/p>\n<p style=\"text-align: justify;\">\n<figure id=\"attachment_99414\" aria-describedby=\"caption-attachment-99414\" style=\"width: 580px\" class=\"wp-caption alignnone\"><img data-recalc-dims=\"1\" loading=\"lazy\" decoding=\"async\" class=\"size-full wp-image-99414\" src=\"https:\/\/i0.wp.com\/eltrabajo.cl\/portal\/wp-content\/uploads\/2020\/06\/cancha.jpg?resize=580%2C360&#038;ssl=1\" alt=\"En este lugar, Calle Central, cercano a una Villa del sector Las Tres Canchas en Quebrada Herrera, se produjo el asalto.\" width=\"580\" height=\"360\" srcset=\"https:\/\/i0.wp.com\/eltrabajo.cl\/portal\/wp-content\/uploads\/2020\/06\/cancha.jpg?w=580&amp;ssl=1 580w, https:\/\/i0.wp.com\/eltrabajo.cl\/portal\/wp-content\/uploads\/2020\/06\/cancha.jpg?resize=300%2C186&amp;ssl=1 300w, https:\/\/i0.wp.com\/eltrabajo.cl\/portal\/wp-content\/uploads\/2020\/06\/cancha.jpg?resize=200%2C124&amp;ssl=1 200w, https:\/\/i0.wp.com\/eltrabajo.cl\/portal\/wp-content\/uploads\/2020\/06\/cancha.jpg?resize=150%2C93&amp;ssl=1 150w\" sizes=\"auto, (max-width: 580px) 100vw, 580px\" \/><figcaption id=\"caption-attachment-99414\" class=\"wp-caption-text\">En este lugar, Calle Central, cercano a una Villa del sector Las Tres Canchas en Quebrada Herrera, se produjo el asalto.<\/figcaption><\/figure>\n","protected":false},"excerpt":{"rendered":"<p>Asalto en Quebrada Herrera: Mal ojo tuvieron dos sujetos que usando el m\u00e9todo del \u2018moto chorro\u2019 y pensando que su v\u00edctima llevaba dinero en su banano, lo asaltaron violentamente en la Calle&#8230;<\/p>\n","protected":false},"author":482,"featured_media":99414,"comment_status":"closed","ping_status":"closed","sticky":false,"template":"","format":"standard","meta":{"advanced_seo_description":"","jetpack_seo_html_title":"","jetpack_seo_noindex":false,"_jetpack_memberships_contains_paid_content":false,"footnotes":""},"categories":[21],"tags":[],"class_list":["post-99413","post","type-post","status-publish","format-standard","has-post-thumbnail","hentry","category-policial"],"jetpack_featured_media_url":"https:\/\/i0.wp.com\/eltrabajo.cl\/portal\/wp-content\/uploads\/2020\/06\/cancha.jpg?fit=580%2C360&ssl=1","jetpack_sharing_enabled":true,"jetpack_likes_enabled":true,"jetpack-related-posts":[],"_links":{"self":[{"href":"https:\/\/eltrabajo.cl\/portal\/wp-json\/wp\/v2\/posts\/99413","targetHints":{"allow":["GET"]}}],"collection":[{"href":"https:\/\/eltrabajo.cl\/portal\/wp-json\/wp\/v2\/posts"}],"about":[{"href":"https:\/\/eltrabajo.cl\/portal\/wp-json\/wp\/v2\/types\/post"}],"author":[{"embeddable":true,"href":"https:\/\/eltrabajo.cl\/portal\/wp-json\/wp\/v2\/users\/482"}],"replies":[{"embeddable":true,"href":"https:\/\/eltrabajo.cl\/portal\/wp-json\/wp\/v2\/comments?post=99413"}],"version-history":[{"count":0,"href":"https:\/\/eltrabajo.cl\/portal\/wp-json\/wp\/v2\/posts\/99413\/revisions"}],"wp:featuredmedia":[{"embeddable":true,"href":"https:\/\/eltrabajo.cl\/portal\/wp-json\/wp\/v2\/media\/99414"}],"wp:attachment":[{"href":"https:\/\/eltrabajo.cl\/portal\/wp-json\/wp\/v2\/media?parent=99413"}],"wp:term":[{"taxonomy":"category","embeddable":true,"href":"https:\/\/eltrabajo.cl\/portal\/wp-json\/wp\/v2\/categories?post=99413"},{"taxonomy":"post_tag","embeddable":true,"href":"https:\/\/eltrabajo.cl\/portal\/wp-json\/wp\/v2\/tags?post=99413"}],"curies":[{"name":"wp","href":"https:\/\/api.w.org\/{rel}","templated":true}]}}