{"id":99416,"date":"2020-06-09T08:00:30","date_gmt":"2020-06-09T12:00:30","guid":{"rendered":"https:\/\/www.eltrabajo.cl\/portal\/?p=99416"},"modified":"2020-06-09T00:25:37","modified_gmt":"2020-06-09T04:25:37","slug":"conmocion-causa-automovilista-al-sufrir-infarto-al-corazon-mientras-conducia","status":"publish","type":"post","link":"https:\/\/eltrabajo.cl\/portal\/conmocion-causa-automovilista-al-sufrir-infarto-al-corazon-mientras-conducia\/","title":{"rendered":"Conmoci\u00f3n causa automovilista al sufrir infarto al coraz\u00f3n mientras conduc\u00eda"},"content":{"rendered":"<p style=\"text-align: justify;\"><span style=\"color: #c81400;\"><strong>Emergencia en calle Prat, entre Navarro y Maip\u00fa:<\/strong><\/span><\/p>\n<ul style=\"text-align: justify;\">\n<li><strong>Conductor debi\u00f3 ser asistido largo rato por personal del SAMU antes de poder estabilizarlo y trasladarlo a un centro asistencial.<\/strong><\/li>\n<\/ul>\n<p style=\"text-align: justify;\">El conductor de un autom\u00f3vil sufri\u00f3 un paro card\u00edaco cuando ayer, pasadas las dos de la tarde, manejaba su autom\u00f3vil por calle Prat entre Navarro y Avenida Maip\u00fa. Se trata una persona muy conocida ya que en su momento se desempe\u00f1\u00f3 como\u00a0 garz\u00f3n en el restaurante Reinares ubicado en calle Carlos Condell de esta ciudad.<\/p>\n<p style=\"text-align: justify;\">Una persona presente en el lugar, al ser consultada sobre la situaci\u00f3n, nos confirm\u00f3 que efectivamente el conductor era el conocido ex garz\u00f3n del Reinares, m\u00e1s conocido como \u2018Pato\u2019, indicando que la situaci\u00f3n se dio en el momento que manejaba su autom\u00f3vil: <em>\u00abDec\u00edan que aceleraba, aceleraba, fueron a ver y ya estaba desmayado, le hab\u00eda dado un ataque, le quebraron el vidrio para sacarlo desde adentro del auto\u00bb,<\/em> se\u00f1al\u00f3.<\/p>\n<p style=\"text-align: justify;\">En la oportunidad se reuni\u00f3 bastante gente alrededor del veh\u00edculo, generando\u00a0 aglomeraci\u00f3n y preocupaci\u00f3n en las personas que a esa hora transitaban por calle Prat, ya que muchos de ellos lo conoc\u00edan.<\/p>\n<p style=\"text-align: justify;\">Adem\u00e1s se vivieron momentos de profunda preocupaci\u00f3n por la situaci\u00f3n que estaba viviendo esta persona, principalmente por parte de los familiares directos que estaban ah\u00ed.<\/p>\n<p style=\"text-align: justify;\">Mientras todo esto acontec\u00eda, personal del SAMU realizaba intensas maniobras para salvarle la vida. Eso se pod\u00eda apreciar a metros del lugar, como trabajaban arduamente. Tuvieron que ir a buscar algunos elementos para poder seguir efectuando labores de reanimaci\u00f3n. Mientras la persona permanec\u00eda en el suelo, para posteriormente ser subido a una camilla donde sigui\u00f3 el trabajo exhaustivo para poder estabilizarlo. Una vez logrado esto lo llevaron hasta la ambulancia dispuesta en el lugar.<\/p>\n<p style=\"text-align: justify;\">Pasados varios minutos la ambulancia retrocedi\u00f3 para enfilar por calle Prat, virar hacia la derecha en Avenida Maip\u00fa y dirigirse al Hospital San Camilo, todo esto custodiado por otra ambulancia.<\/p>\n<p style=\"text-align: justify;\">Comentar que todos los profesionales de la salud estaban provistos de todo su equipo de seguridad, producto de la emergencia sanitaria.<\/p>\n<p style=\"text-align: justify;\">Importante aclarar que en un primer momento se dijo que hab\u00eda chocado con un \u00e1rbol existente en el lugar, pero esa situaci\u00f3n se descart\u00f3 completamente. Eso s\u00ed, el autom\u00f3vil qued\u00f3 a cent\u00edmetros del mismo \u00e1rbol frente al templo de Conferencias b\u00edblicas y tambi\u00e9n al propio local donde va a dejar comida \u2018Magaly\u2019, ambos ubicados en calle Prat.<\/p>\n<p style=\"text-align: justify;\">En el procedimiento se constituy\u00f3 personal de Carabineros, del SAMU y Bomberos.<\/p>\n<p style=\"text-align: justify;\">Hasta el cierre de la presente edici\u00f3n, la persona continuaba siendo atendida en el Hospital San Camilo. Esperamos su pronta recuperaci\u00f3n.<\/p>\n<p style=\"text-align: justify;\">\n<figure id=\"attachment_99417\" aria-describedby=\"caption-attachment-99417\" style=\"width: 580px\" class=\"wp-caption alignnone\"><img data-recalc-dims=\"1\" loading=\"lazy\" decoding=\"async\" class=\"size-full wp-image-99417\" src=\"https:\/\/i0.wp.com\/eltrabajo.cl\/portal\/wp-content\/uploads\/2020\/06\/infarto-1-portada.jpg?resize=580%2C359&#038;ssl=1\" alt=\"Bastante conmoci\u00f3n caus\u00f3 el incidente en calle Prat, donde un automovilista sufri\u00f3 un paro cardio respiratorio mientras conduc\u00eda su veh\u00edculo, quedando a cent\u00edmetros de un \u00e1rbol.\" width=\"580\" height=\"359\" srcset=\"https:\/\/i0.wp.com\/eltrabajo.cl\/portal\/wp-content\/uploads\/2020\/06\/infarto-1-portada.jpg?w=580&amp;ssl=1 580w, https:\/\/i0.wp.com\/eltrabajo.cl\/portal\/wp-content\/uploads\/2020\/06\/infarto-1-portada.jpg?resize=300%2C186&amp;ssl=1 300w, https:\/\/i0.wp.com\/eltrabajo.cl\/portal\/wp-content\/uploads\/2020\/06\/infarto-1-portada.jpg?resize=200%2C124&amp;ssl=1 200w, https:\/\/i0.wp.com\/eltrabajo.cl\/portal\/wp-content\/uploads\/2020\/06\/infarto-1-portada.jpg?resize=150%2C93&amp;ssl=1 150w\" sizes=\"auto, (max-width: 580px) 100vw, 580px\" \/><figcaption id=\"caption-attachment-99417\" class=\"wp-caption-text\">Bastante conmoci\u00f3n caus\u00f3 el incidente en calle Prat, donde un automovilista sufri\u00f3 un paro cardio respiratorio mientras conduc\u00eda su veh\u00edculo, quedando a cent\u00edmetros de un \u00e1rbol.<\/figcaption><\/figure>\n<figure id=\"attachment_99418\" aria-describedby=\"caption-attachment-99418\" style=\"width: 580px\" class=\"wp-caption alignnone\"><img data-recalc-dims=\"1\" loading=\"lazy\" decoding=\"async\" class=\"size-full wp-image-99418\" src=\"https:\/\/i0.wp.com\/eltrabajo.cl\/portal\/wp-content\/uploads\/2020\/06\/infarto-2.jpg?resize=580%2C358&#038;ssl=1\" alt=\"Personal del SAMU debi\u00f3 trabajar intensamente para estabilizar al conocido ex garz\u00f3n antes de poder subirlo a la ambulancia para trasladarlo al hospital.\" width=\"580\" height=\"358\" srcset=\"https:\/\/i0.wp.com\/eltrabajo.cl\/portal\/wp-content\/uploads\/2020\/06\/infarto-2.jpg?w=580&amp;ssl=1 580w, https:\/\/i0.wp.com\/eltrabajo.cl\/portal\/wp-content\/uploads\/2020\/06\/infarto-2.jpg?resize=300%2C185&amp;ssl=1 300w, https:\/\/i0.wp.com\/eltrabajo.cl\/portal\/wp-content\/uploads\/2020\/06\/infarto-2.jpg?resize=200%2C123&amp;ssl=1 200w, https:\/\/i0.wp.com\/eltrabajo.cl\/portal\/wp-content\/uploads\/2020\/06\/infarto-2.jpg?resize=150%2C93&amp;ssl=1 150w\" sizes=\"auto, (max-width: 580px) 100vw, 580px\" \/><figcaption id=\"caption-attachment-99418\" class=\"wp-caption-text\">Personal del SAMU debi\u00f3 trabajar intensamente para estabilizar al conocido ex garz\u00f3n antes de poder subirlo a la ambulancia para trasladarlo al hospital.<\/figcaption><\/figure>\n<figure id=\"attachment_99419\" aria-describedby=\"caption-attachment-99419\" style=\"width: 580px\" class=\"wp-caption alignnone\"><img data-recalc-dims=\"1\" loading=\"lazy\" decoding=\"async\" class=\"size-full wp-image-99419\" src=\"https:\/\/i0.wp.com\/eltrabajo.cl\/portal\/wp-content\/uploads\/2020\/06\/infarto-auto.jpg?resize=580%2C358&#038;ssl=1\" alt=\"Al fondo se aprecia el autom\u00f3vil blanco detenido junto a un \u00e1rbol contra el cual estuvo a punto de estrellarse.\" width=\"580\" height=\"358\" srcset=\"https:\/\/i0.wp.com\/eltrabajo.cl\/portal\/wp-content\/uploads\/2020\/06\/infarto-auto.jpg?w=580&amp;ssl=1 580w, https:\/\/i0.wp.com\/eltrabajo.cl\/portal\/wp-content\/uploads\/2020\/06\/infarto-auto.jpg?resize=300%2C185&amp;ssl=1 300w, https:\/\/i0.wp.com\/eltrabajo.cl\/portal\/wp-content\/uploads\/2020\/06\/infarto-auto.jpg?resize=200%2C123&amp;ssl=1 200w, https:\/\/i0.wp.com\/eltrabajo.cl\/portal\/wp-content\/uploads\/2020\/06\/infarto-auto.jpg?resize=150%2C93&amp;ssl=1 150w\" sizes=\"auto, (max-width: 580px) 100vw, 580px\" \/><figcaption id=\"caption-attachment-99419\" class=\"wp-caption-text\">Al fondo se aprecia el autom\u00f3vil blanco detenido junto a un \u00e1rbol contra el cual estuvo a punto de estrellarse.<\/figcaption><\/figure>\n","protected":false},"excerpt":{"rendered":"<p>Emergencia en calle Prat, entre Navarro y Maip\u00fa: Conductor debi\u00f3 ser asistido largo rato por personal del SAMU antes de poder estabilizarlo y trasladarlo a un centro asistencial. El conductor de un&#8230;<\/p>\n","protected":false},"author":482,"featured_media":99417,"comment_status":"closed","ping_status":"closed","sticky":false,"template":"","format":"standard","meta":{"advanced_seo_description":"","jetpack_seo_html_title":"","jetpack_seo_noindex":false,"_jetpack_memberships_contains_paid_content":false,"footnotes":""},"categories":[21],"tags":[],"class_list":["post-99416","post","type-post","status-publish","format-standard","has-post-thumbnail","hentry","category-policial"],"jetpack_featured_media_url":"https:\/\/i0.wp.com\/eltrabajo.cl\/portal\/wp-content\/uploads\/2020\/06\/infarto-1-portada.jpg?fit=580%2C359&ssl=1","jetpack_sharing_enabled":true,"jetpack_likes_enabled":true,"jetpack-related-posts":[],"_links":{"self":[{"href":"https:\/\/eltrabajo.cl\/portal\/wp-json\/wp\/v2\/posts\/99416","targetHints":{"allow":["GET"]}}],"collection":[{"href":"https:\/\/eltrabajo.cl\/portal\/wp-json\/wp\/v2\/posts"}],"about":[{"href":"https:\/\/eltrabajo.cl\/portal\/wp-json\/wp\/v2\/types\/post"}],"author":[{"embeddable":true,"href":"https:\/\/eltrabajo.cl\/portal\/wp-json\/wp\/v2\/users\/482"}],"replies":[{"embeddable":true,"href":"https:\/\/eltrabajo.cl\/portal\/wp-json\/wp\/v2\/comments?post=99416"}],"version-history":[{"count":0,"href":"https:\/\/eltrabajo.cl\/portal\/wp-json\/wp\/v2\/posts\/99416\/revisions"}],"wp:featuredmedia":[{"embeddable":true,"href":"https:\/\/eltrabajo.cl\/portal\/wp-json\/wp\/v2\/media\/99417"}],"wp:attachment":[{"href":"https:\/\/eltrabajo.cl\/portal\/wp-json\/wp\/v2\/media?parent=99416"}],"wp:term":[{"taxonomy":"category","embeddable":true,"href":"https:\/\/eltrabajo.cl\/portal\/wp-json\/wp\/v2\/categories?post=99416"},{"taxonomy":"post_tag","embeddable":true,"href":"https:\/\/eltrabajo.cl\/portal\/wp-json\/wp\/v2\/tags?post=99416"}],"curies":[{"name":"wp","href":"https:\/\/api.w.org\/{rel}","templated":true}]}}