{"id":99423,"date":"2020-06-09T22:00:02","date_gmt":"2020-06-10T02:00:02","guid":{"rendered":"https:\/\/www.eltrabajo.cl\/portal\/?p=99423"},"modified":"2020-06-09T20:16:32","modified_gmt":"2020-06-10T00:16:32","slug":"en-julio-parte-postulacion-para-acogerse-a-prorroga-pago-patente-comercial","status":"publish","type":"post","link":"https:\/\/eltrabajo.cl\/portal\/en-julio-parte-postulacion-para-acogerse-a-prorroga-pago-patente-comercial\/","title":{"rendered":"En julio parte postulaci\u00f3n para acogerse a pr\u00f3rroga pago patente comercial"},"content":{"rendered":"<p style=\"text-align: justify;\"><span style=\"color: #c81400;\"><strong>Para primer semestre tributario:<\/strong><\/span><\/p>\n<ul style=\"text-align: justify;\">\n<li><strong>Medida impulsada por alcalde Freire fue votada por el Concejo Municipal, y el Departamento de Rentas ya trabaja para que postulen a beneficio.<\/strong><\/li>\n<\/ul>\n<p style=\"text-align: justify;\">El Departamento de Rentas, por instrucci\u00f3n del alcalde Patricio Freire Canto y aprobado por el Concejo Municipal, desde el 1 de julio iniciar\u00e1 el proceso informativo para que las micro, peque\u00f1as y medianas empresas se acojan a la pr\u00f3rroga del pago de la patente comercial para el primer semestre del a\u00f1o tributario 2020-2021, sin multas ni inter\u00e9s, de acuerdo con lo que establece la Ley N\u00b0 21.207.<\/p>\n<p style=\"text-align: justify;\">De esta manera, el pago de esta cuota semestral se podr\u00e1 pactar en cuotas mensuales iguales y sucesivas.<\/p>\n<p style=\"text-align: justify;\">Para acceder a este beneficio, los comerciantes deber\u00e1n estar al d\u00eda en el pago de la patente comercial del segundo semestre del a\u00f1o tributario 2019-2020.<\/p>\n<p style=\"text-align: justify;\">Lo anterior, son parte de las medidas dispuestas por el municipio para aliviar las cargas econ\u00f3micas de los comerciantes sanfelipe\u00f1os, entendiendo la profunda crisis que ha originado en el sector la pandemia por Covid-19.<\/p>\n<p style=\"text-align: justify;\">Pese a que son pocas las atribuciones con las que cuenta el municipio o que la ley permite para enfrentar la crisis de los comerciantes, desde hace meses se ha trabajado con diferentes organizaciones del comercio y tambi\u00e9n con locatarios de forma individual, con el prop\u00f3sito de orientarlos para acceder a los distintos beneficios que est\u00e1 ofreciendo hoy el Estado.<\/p>\n<p style=\"text-align: justify;\">La jefa del departamento de Rentas del municipio, <strong>Margarita Guerra<\/strong>, indic\u00f3 que, a contar de julio, los comerciantes podr\u00e1n consultar sobre este beneficio y solicitar el formulario para postular.<\/p>\n<p style=\"text-align: justify;\">\u00ab<em>Lo importante es que los comerciantes tengan cancelada la cuota anterior y que se acerquen para conocer m\u00e1s detalles sobre este beneficio\u00bb,<\/em> sostuvo.<\/p>\n<p style=\"text-align: justify;\">\n<figure id=\"attachment_99424\" aria-describedby=\"caption-attachment-99424\" style=\"width: 580px\" class=\"wp-caption alignnone\"><img data-recalc-dims=\"1\" loading=\"lazy\" decoding=\"async\" class=\"size-full wp-image-99424\" src=\"https:\/\/i0.wp.com\/eltrabajo.cl\/portal\/wp-content\/uploads\/2020\/06\/Rentas.jpg?resize=580%2C358&#038;ssl=1\" alt=\"Desde el departamento de Rentas del municipio se inform\u00f3 que a contar de julio los comerciantes podr\u00e1n consultar sobre este beneficio y solicitar el formulario para postular.\" width=\"580\" height=\"358\" srcset=\"https:\/\/i0.wp.com\/eltrabajo.cl\/portal\/wp-content\/uploads\/2020\/06\/Rentas.jpg?w=580&amp;ssl=1 580w, https:\/\/i0.wp.com\/eltrabajo.cl\/portal\/wp-content\/uploads\/2020\/06\/Rentas.jpg?resize=300%2C185&amp;ssl=1 300w, https:\/\/i0.wp.com\/eltrabajo.cl\/portal\/wp-content\/uploads\/2020\/06\/Rentas.jpg?resize=200%2C123&amp;ssl=1 200w, https:\/\/i0.wp.com\/eltrabajo.cl\/portal\/wp-content\/uploads\/2020\/06\/Rentas.jpg?resize=150%2C93&amp;ssl=1 150w\" sizes=\"auto, (max-width: 580px) 100vw, 580px\" \/><figcaption id=\"caption-attachment-99424\" class=\"wp-caption-text\">Desde el departamento de Rentas del municipio se inform\u00f3 que a contar de julio los comerciantes podr\u00e1n consultar sobre este beneficio y solicitar el formulario para postular.<\/figcaption><\/figure>\n","protected":false},"excerpt":{"rendered":"<p>Para primer semestre tributario: Medida impulsada por alcalde Freire fue votada por el Concejo Municipal, y el Departamento de Rentas ya trabaja para que postulen a beneficio. El Departamento de Rentas, por&#8230;<\/p>\n","protected":false},"author":482,"featured_media":99424,"comment_status":"closed","ping_status":"closed","sticky":false,"template":"","format":"standard","meta":{"advanced_seo_description":"","jetpack_seo_html_title":"","jetpack_seo_noindex":false,"_jetpack_memberships_contains_paid_content":false,"footnotes":""},"categories":[103],"tags":[],"class_list":["post-99423","post","type-post","status-publish","format-standard","has-post-thumbnail","hentry","category-cronica-2"],"jetpack_featured_media_url":"https:\/\/i0.wp.com\/eltrabajo.cl\/portal\/wp-content\/uploads\/2020\/06\/Rentas.jpg?fit=580%2C358&ssl=1","jetpack_sharing_enabled":true,"jetpack_likes_enabled":true,"jetpack-related-posts":[],"_links":{"self":[{"href":"https:\/\/eltrabajo.cl\/portal\/wp-json\/wp\/v2\/posts\/99423","targetHints":{"allow":["GET"]}}],"collection":[{"href":"https:\/\/eltrabajo.cl\/portal\/wp-json\/wp\/v2\/posts"}],"about":[{"href":"https:\/\/eltrabajo.cl\/portal\/wp-json\/wp\/v2\/types\/post"}],"author":[{"embeddable":true,"href":"https:\/\/eltrabajo.cl\/portal\/wp-json\/wp\/v2\/users\/482"}],"replies":[{"embeddable":true,"href":"https:\/\/eltrabajo.cl\/portal\/wp-json\/wp\/v2\/comments?post=99423"}],"version-history":[{"count":0,"href":"https:\/\/eltrabajo.cl\/portal\/wp-json\/wp\/v2\/posts\/99423\/revisions"}],"wp:featuredmedia":[{"embeddable":true,"href":"https:\/\/eltrabajo.cl\/portal\/wp-json\/wp\/v2\/media\/99424"}],"wp:attachment":[{"href":"https:\/\/eltrabajo.cl\/portal\/wp-json\/wp\/v2\/media?parent=99423"}],"wp:term":[{"taxonomy":"category","embeddable":true,"href":"https:\/\/eltrabajo.cl\/portal\/wp-json\/wp\/v2\/categories?post=99423"},{"taxonomy":"post_tag","embeddable":true,"href":"https:\/\/eltrabajo.cl\/portal\/wp-json\/wp\/v2\/tags?post=99423"}],"curies":[{"name":"wp","href":"https:\/\/api.w.org\/{rel}","templated":true}]}}