{"id":99426,"date":"2020-06-09T22:05:47","date_gmt":"2020-06-10T02:05:47","guid":{"rendered":"https:\/\/www.eltrabajo.cl\/portal\/?p=99426"},"modified":"2020-06-09T20:18:20","modified_gmt":"2020-06-10T00:18:20","slug":"concejo-municipal-de-calle-larga-exige-decretar-cuarentena-para-aconcagua","status":"publish","type":"post","link":"https:\/\/eltrabajo.cl\/portal\/concejo-municipal-de-calle-larga-exige-decretar-cuarentena-para-aconcagua\/","title":{"rendered":"Concejo Municipal de Calle Larga exige decretar Cuarentena para Aconcagua"},"content":{"rendered":"<p style=\"text-align: justify;\">A trav\u00e9s de una declaraci\u00f3n p\u00fablica, el Concejo Municipal de Calle Larga exigi\u00f3 al presidente Sebasti\u00e1n Pi\u00f1era decretar cuarentena para el Valle de Aconcagua. El texto de la declaraci\u00f3n es el siguiente:<\/p>\n<p style=\"text-align: justify;\">\u00abAl Presidente de la Republica Sebasti\u00e1n Pi\u00f1era Eche\u00f1ique.<\/p>\n<p style=\"text-align: justify;\">\u00abAnte el impacto de la pandemia del Covid-19 en nuestro Valle de Aconcagua, compartimos y reiteramos la solicitud de cuarentena realizada por\u00a0 la \u2018Asociaci\u00f3n de Municipalidades de la Regi\u00f3n de Aconcagua\u2019, que representa a 17 comunas de la zona.<\/p>\n<p style=\"text-align: justify;\">\u00abConsideramos que es nuestro deber como autoridades representantes del pueblo a trav\u00e9s de mandato electoral, solicitar de forma urgente esta medida a fin de enfrentar la actual emergencia sanitaria de mejor manera, considerando el acrecentamiento explosivo de los contagios en el Valle de Aconcagua, superando ampliamente los 40 contagiados por cada 100 mil habitantes, adem\u00e1s se debe tomar en consideraci\u00f3n el d\u00e9ficit de equipamiento optimo (ventiladores) para atender casos cr\u00edticos en ambos edificios hospitalarios del Valle y la lentitud en los resultados de los ex\u00e1menes PCR en el hospital San Camilo de San Felipe producto del colapso del sistema.<\/p>\n<p style=\"text-align: justify;\">\u00abPor estos motivos y el convencimiento que cada d\u00eda que pasa aumenta de forma explosiva el contagio y la posibilidad de resultados fatales en nuestra poblaci\u00f3n, es que solicitamos en\u00e9rgicamente se aplique esta medida de cuarentena en nuestro Valle de Aconcagua, teniendo conciencia de que dichas atribuciones son potestad de vuestra autoridad, cerrar el comercio, exceptuando los que venden productos de primera necesidad y las farmacias que son actividades de urgente necesidad, ya que NO queremos ver m\u00e1s muertes por aplicaci\u00f3n de medidas titubeantes, tard\u00edas y parciales, en que las autoridades regionales de Valpara\u00edso han demostrado ser ineficaces, permitiendo que cantidad de gente contagiada versus la densidad de nuestra poblaci\u00f3n, no permitiendo tomar medidas de protecci\u00f3n hacia la comunidad con la urgencia de adoptar medidas para paliar en parte el desbordante contagio en la zona.<\/p>\n<p style=\"text-align: justify;\">\u00abPor lo anterior, exigimos al Gobierno, la aplicaci\u00f3n <strong>inmediata de una cuarentena preventiva<\/strong>, y el cese inmediato de actividades laborales, productivas y econ\u00f3micas en todos los servicios que no sean imprescindibles para el abastecimiento de condiciones b\u00e1sicas para la vida y salud de la poblaci\u00f3n\u00bb.<\/p>\n<p style=\"text-align: justify;\">\n<figure id=\"attachment_99427\" aria-describedby=\"caption-attachment-99427\" style=\"width: 580px\" class=\"wp-caption alignnone\"><img data-recalc-dims=\"1\" loading=\"lazy\" decoding=\"async\" class=\"size-full wp-image-99427\" src=\"https:\/\/i0.wp.com\/eltrabajo.cl\/portal\/wp-content\/uploads\/2020\/06\/Concejo-Municipal-Calle-Larga.jpg?resize=580%2C359&#038;ssl=1\" alt=\"El Concejo Municipal de Calle Larga exigi\u00f3 al presidente Pi\u00f1era decretar cuarentena para el Valle de Aconcagua.\" width=\"580\" height=\"359\" srcset=\"https:\/\/i0.wp.com\/eltrabajo.cl\/portal\/wp-content\/uploads\/2020\/06\/Concejo-Municipal-Calle-Larga.jpg?w=580&amp;ssl=1 580w, https:\/\/i0.wp.com\/eltrabajo.cl\/portal\/wp-content\/uploads\/2020\/06\/Concejo-Municipal-Calle-Larga.jpg?resize=300%2C186&amp;ssl=1 300w, https:\/\/i0.wp.com\/eltrabajo.cl\/portal\/wp-content\/uploads\/2020\/06\/Concejo-Municipal-Calle-Larga.jpg?resize=200%2C124&amp;ssl=1 200w, https:\/\/i0.wp.com\/eltrabajo.cl\/portal\/wp-content\/uploads\/2020\/06\/Concejo-Municipal-Calle-Larga.jpg?resize=150%2C93&amp;ssl=1 150w\" sizes=\"auto, (max-width: 580px) 100vw, 580px\" \/><figcaption id=\"caption-attachment-99427\" class=\"wp-caption-text\">El Concejo Municipal de Calle Larga exigi\u00f3 al presidente Pi\u00f1era decretar cuarentena para el Valle de Aconcagua.<\/figcaption><\/figure>\n","protected":false},"excerpt":{"rendered":"<p>A trav\u00e9s de una declaraci\u00f3n p\u00fablica, el Concejo Municipal de Calle Larga exigi\u00f3 al presidente Sebasti\u00e1n Pi\u00f1era decretar cuarentena para el Valle de Aconcagua. El texto de la declaraci\u00f3n es el siguiente:&#8230;<\/p>\n","protected":false},"author":482,"featured_media":99427,"comment_status":"closed","ping_status":"closed","sticky":false,"template":"","format":"standard","meta":{"advanced_seo_description":"","jetpack_seo_html_title":"","jetpack_seo_noindex":false,"_jetpack_memberships_contains_paid_content":false,"footnotes":""},"categories":[103],"tags":[],"class_list":["post-99426","post","type-post","status-publish","format-standard","has-post-thumbnail","hentry","category-cronica-2"],"jetpack_featured_media_url":"https:\/\/i0.wp.com\/eltrabajo.cl\/portal\/wp-content\/uploads\/2020\/06\/Concejo-Municipal-Calle-Larga.jpg?fit=580%2C359&ssl=1","jetpack_sharing_enabled":true,"jetpack_likes_enabled":true,"jetpack-related-posts":[],"_links":{"self":[{"href":"https:\/\/eltrabajo.cl\/portal\/wp-json\/wp\/v2\/posts\/99426","targetHints":{"allow":["GET"]}}],"collection":[{"href":"https:\/\/eltrabajo.cl\/portal\/wp-json\/wp\/v2\/posts"}],"about":[{"href":"https:\/\/eltrabajo.cl\/portal\/wp-json\/wp\/v2\/types\/post"}],"author":[{"embeddable":true,"href":"https:\/\/eltrabajo.cl\/portal\/wp-json\/wp\/v2\/users\/482"}],"replies":[{"embeddable":true,"href":"https:\/\/eltrabajo.cl\/portal\/wp-json\/wp\/v2\/comments?post=99426"}],"version-history":[{"count":0,"href":"https:\/\/eltrabajo.cl\/portal\/wp-json\/wp\/v2\/posts\/99426\/revisions"}],"wp:featuredmedia":[{"embeddable":true,"href":"https:\/\/eltrabajo.cl\/portal\/wp-json\/wp\/v2\/media\/99427"}],"wp:attachment":[{"href":"https:\/\/eltrabajo.cl\/portal\/wp-json\/wp\/v2\/media?parent=99426"}],"wp:term":[{"taxonomy":"category","embeddable":true,"href":"https:\/\/eltrabajo.cl\/portal\/wp-json\/wp\/v2\/categories?post=99426"},{"taxonomy":"post_tag","embeddable":true,"href":"https:\/\/eltrabajo.cl\/portal\/wp-json\/wp\/v2\/tags?post=99426"}],"curies":[{"name":"wp","href":"https:\/\/api.w.org\/{rel}","templated":true}]}}