{"id":99429,"date":"2020-06-09T22:10:32","date_gmt":"2020-06-10T02:10:32","guid":{"rendered":"https:\/\/www.eltrabajo.cl\/portal\/?p=99429"},"modified":"2020-06-09T20:19:56","modified_gmt":"2020-06-10T00:19:56","slug":"chacareros-de-diego-de-almagro-esperan-volver-a-la-feria-a-la-brevedad","status":"publish","type":"post","link":"https:\/\/eltrabajo.cl\/portal\/chacareros-de-diego-de-almagro-esperan-volver-a-la-feria-a-la-brevedad\/","title":{"rendered":"\u2018Chacareros\u2019 de Diego de Almagro esperan volver a la feria a la brevedad"},"content":{"rendered":"<ul style=\"text-align: justify;\">\n<li><strong>Siguen sin entender por qu\u00e9 en San Felipe no pueden funcionar el domingo, mientras que en otras partes s\u00ed.<\/strong><\/li>\n<\/ul>\n<p style=\"text-align: justify;\">De nuevo no van a poder funcionar los chacareros en la Feria Diego de Almagro de San Felipe, los cuales en todo caso se encuentran esperanzados en poder retomar el trabajo pues este martes, en sesi\u00f3n ordinaria del Concejo Municipal, recibieron el apoyo un\u00e1nime de todos los concejales para que pronto vuelvan a trabajar. Ahora todo depende de lo que determine la municipalidad de San Felipe.<\/p>\n<p style=\"text-align: justify;\">Cabe destacar que los comerciantes cuestionan el hecho que en otras ciudades las ferias libres funcionan con el apoyo de la autoridad sanitaria e incluso del ministro de Agricultura, que ha catalogado los productos que se venden en estos lugares como de primera necesidad.<\/p>\n<p style=\"text-align: justify;\">La tesorera de los chacareros de la Feria Diego de Almagro, <strong>Julia Gonz\u00e1lez<\/strong>, convers\u00f3 ayer con nuestro medio al salir de la sesi\u00f3n del concejo, indicando que ahora queda hacer una nueva mesa t\u00e9cnica para ver que la\u00a0 administraci\u00f3n nos deje trabajar, <em>\u00abporque ese ser\u00eda nuestro tal\u00f3n de Aquiles en este momento\u00bb,<\/em> dijo Julia Gonz\u00e1lez.<\/p>\n<p style=\"text-align: justify;\">&#8211; <strong>\u00bfEsta mesa t\u00e9cnica ser\u00eda para fijar una fecha y volver a trabajar los d\u00edas domingos?<\/strong><\/p>\n<p style=\"text-align: justify;\">&#8211; S\u00ed, tendr\u00edamos que ver la mesa de trabajo y ver las condiciones que ellos nos van a pedir y nosotros lo que tenemos que cumplir.<\/p>\n<p style=\"text-align: justify;\">&#8211; <strong>\u00bfQu\u00e9 opini\u00f3n les merece contar con este apoyo del concejo?, porque en el fondo ellos se pusieron en su lugar, porque hay gente desesperada. Hemos conversado con Jos\u00e9 Quijanes, presidente de los chacareros, y nos dec\u00eda que era dram\u00e1tica la situaci\u00f3n de algunos?<\/strong><\/p>\n<p style=\"text-align: justify;\">&#8211; Claro, en este momento se est\u00e1 volviendo desesperante no poder trabajar, todos sabemos que dependemos de lo que logremos producir. En este momento es muy favorable que el Concejo est\u00e9 cien por ciento con nosotros, ahora veamos la parte administrativa qu\u00e9 tanto est\u00e1 dispuesta a tendernos la mano en este momento, porque ya vamos a apelar m\u00e1s a su solidaridad que a su trabajo, porque tenemos un porcentaje importante de locatarios que est\u00e1 desesperado y con ganas de trabajar.<\/p>\n<p style=\"text-align: justify;\">&#8211; <strong>El presidente de \u2018Los Chacareros\u2019, Jos\u00e9 Quijanes, ha dicho que hay poca voluntad por parte de la municipalidad de San Felipe para solucionar este problema y autorizarlos a funcionar, \u00bfconcuerdan ustedes con su presidente en ese sentido?<\/strong><\/p>\n<p style=\"text-align: justify;\">&#8211; S\u00ed, nosotros apoyamos cien por ciento a don Jos\u00e9 Quijanes como presidente, si \u00e9l dice que tiene poco apoyo del municipio en cuanto a los trabajadores. S\u00ed, nosotros lo apoyamos porque la verdad hemos cumplido en un cien por ciento con las disposiciones y con lo que ellos nos han solicitado a nosotros, entonces falta que ellos (municipio) cumplan su parte tambi\u00e9n.<\/p>\n<p style=\"text-align: justify;\">&#8211; <strong>Aclarar que hasta el momento no hay feria el d\u00eda domingo.<\/strong><\/p>\n<p style=\"text-align: justify;\">&#8211; No, este domingo no, pero el pr\u00f3ximo yo creo que\u00a0 vamos caminando para all\u00e1.<\/p>\n<p style=\"text-align: justify;\">&#8211; <strong>\u00bfPor qu\u00e9 en otros lugares s\u00ed y en San Felipe no? Llama la atenci\u00f3n, incluso cuentan con el apoyo del ministro de Agricultura Antonio Walker. Uno ve en la TV que est\u00e1n funcionando en otros lados s\u00ed y en San Felipe no. \u00bfQu\u00e9 piensa usted?<\/strong><\/p>\n<p style=\"text-align: justify;\">&#8211; La verdad que nosotros siempre nos hemos hecho la misma pregunta \u00bfPor qu\u00e9 San Felipe no y los dem\u00e1s si?, y la respuesta nunca ha sido concreta, siempre han sido como vueltas en el aire; de hecho nosotros nos dirigimos tambi\u00e9n a la gobernaci\u00f3n, la gobernaci\u00f3n tambi\u00e9n nos dio su apoyo, solamente pasa por un tema municipal, y tal como dijo don Jos\u00e9 Quijanes, es falta de solidaridad de parte de ellos hacia nosotros. Solamente ellos (municipio) est\u00e1n poniendo el tope para no trabajar.<\/p>\n<p style=\"text-align: justify;\">&#8211; <strong>Dicen que algunos perdieron su cosecha, \u00bfqu\u00e9 hay de cierto en aquello?<\/strong><\/p>\n<p style=\"text-align: justify;\">&#8211; S\u00ed, hay muchos que eran peque\u00f1os agricultores, tenemos escasez de agua en la zona, todos sabemos que estamos en sequ\u00eda y tenemos personas que ten\u00edan lechugas, cilantro; bueno, ten\u00edan varias cositas que sacaban y llevaban el d\u00eda domingo para la venta. Eso se perdi\u00f3 porque se debe entender que si no puedes cosechar durante cinco semanas, eso se pierde.<\/p>\n<p style=\"text-align: justify;\">&#8211; <strong>Es decir, todav\u00eda no entienden por qu\u00e9 en otros lados s\u00ed y ac\u00e1 no.<\/strong><\/p>\n<p style=\"text-align: justify;\">-En el fondo no podr\u00edamos decir la certeza por qu\u00e9 no, si es mala voluntad del municipio o es verdad lo que se dice, que ellos en alg\u00fan momento quieren sacar la feria de Diego de Almagro, pero en concreto no tenemos ninguna resoluci\u00f3n por qu\u00e9 s\u00ed o por qu\u00e9 no podemos trabajar.<\/p>\n<p style=\"text-align: justify;\">&#8211; <strong>\u00bfCu\u00e1ndo se lleva a cabo esta mesa t\u00e9cnica, en la semana; cu\u00e1ndo m\u00e1s o menos?, porque ya parece restaurante de tantas mesas que han tenido.<\/strong><\/p>\n<p style=\"text-align: justify;\">&#8211; La verdad que s\u00ed hemos tenido bastantes mesas de trabajo, de hecho la semana anterior tuvimos tres mesas de trabajo, pero ahora estamos presionando para que la mesa de trabajo sea lo antes posible, a m\u00e1s tardar ma\u00f1ana (hoy) o el jueves, ya que nosotros necesitamos trabajar por eso vamos a seguir presionando.<\/p>\n<p style=\"text-align: justify;\">&#8211; <strong>\u00bfEst\u00e1n dispuestos a trabajar este domingo si se autoriza?<\/strong><\/p>\n<p style=\"text-align: justify;\">&#8211; Obvio, si nosotros tenemos toda la disponibilidad para trabajar, aunque sea a media marcha, todo sea por recuperar nuestro lugar de trabajo.<\/p>\n<p style=\"text-align: justify;\">Importante se\u00f1alar que la feria de los chacareros lleva tres semanas sin funcionar.<\/p>\n<p style=\"text-align: justify;\">\n<figure id=\"attachment_99430\" aria-describedby=\"caption-attachment-99430\" style=\"width: 580px\" class=\"wp-caption alignnone\"><img data-recalc-dims=\"1\" loading=\"lazy\" decoding=\"async\" class=\"size-full wp-image-99430\" src=\"https:\/\/i0.wp.com\/eltrabajo.cl\/portal\/wp-content\/uploads\/2020\/06\/Julia-Gonzalez-feria.jpg?resize=580%2C358&#038;ssl=1\" alt=\"Julia Gonz\u00e1lez, tesorera de la feria Los Chacareros.\" width=\"580\" height=\"358\" srcset=\"https:\/\/i0.wp.com\/eltrabajo.cl\/portal\/wp-content\/uploads\/2020\/06\/Julia-Gonzalez-feria.jpg?w=580&amp;ssl=1 580w, https:\/\/i0.wp.com\/eltrabajo.cl\/portal\/wp-content\/uploads\/2020\/06\/Julia-Gonzalez-feria.jpg?resize=300%2C185&amp;ssl=1 300w, https:\/\/i0.wp.com\/eltrabajo.cl\/portal\/wp-content\/uploads\/2020\/06\/Julia-Gonzalez-feria.jpg?resize=200%2C123&amp;ssl=1 200w, https:\/\/i0.wp.com\/eltrabajo.cl\/portal\/wp-content\/uploads\/2020\/06\/Julia-Gonzalez-feria.jpg?resize=150%2C93&amp;ssl=1 150w\" sizes=\"auto, (max-width: 580px) 100vw, 580px\" \/><figcaption id=\"caption-attachment-99430\" class=\"wp-caption-text\">Julia Gonz\u00e1lez, tesorera de la feria Los Chacareros.<\/figcaption><\/figure>\n","protected":false},"excerpt":{"rendered":"<p>Siguen sin entender por qu\u00e9 en San Felipe no pueden funcionar el domingo, mientras que en otras partes s\u00ed. De nuevo no van a poder funcionar los chacareros en la Feria Diego&#8230;<\/p>\n","protected":false},"author":482,"featured_media":99430,"comment_status":"closed","ping_status":"closed","sticky":false,"template":"","format":"standard","meta":{"advanced_seo_description":"","jetpack_seo_html_title":"","jetpack_seo_noindex":false,"_jetpack_memberships_contains_paid_content":false,"footnotes":""},"categories":[103],"tags":[],"class_list":["post-99429","post","type-post","status-publish","format-standard","has-post-thumbnail","hentry","category-cronica-2"],"jetpack_featured_media_url":"https:\/\/i0.wp.com\/eltrabajo.cl\/portal\/wp-content\/uploads\/2020\/06\/Julia-Gonzalez-feria.jpg?fit=580%2C358&ssl=1","jetpack_sharing_enabled":true,"jetpack_likes_enabled":true,"jetpack-related-posts":[],"_links":{"self":[{"href":"https:\/\/eltrabajo.cl\/portal\/wp-json\/wp\/v2\/posts\/99429","targetHints":{"allow":["GET"]}}],"collection":[{"href":"https:\/\/eltrabajo.cl\/portal\/wp-json\/wp\/v2\/posts"}],"about":[{"href":"https:\/\/eltrabajo.cl\/portal\/wp-json\/wp\/v2\/types\/post"}],"author":[{"embeddable":true,"href":"https:\/\/eltrabajo.cl\/portal\/wp-json\/wp\/v2\/users\/482"}],"replies":[{"embeddable":true,"href":"https:\/\/eltrabajo.cl\/portal\/wp-json\/wp\/v2\/comments?post=99429"}],"version-history":[{"count":0,"href":"https:\/\/eltrabajo.cl\/portal\/wp-json\/wp\/v2\/posts\/99429\/revisions"}],"wp:featuredmedia":[{"embeddable":true,"href":"https:\/\/eltrabajo.cl\/portal\/wp-json\/wp\/v2\/media\/99430"}],"wp:attachment":[{"href":"https:\/\/eltrabajo.cl\/portal\/wp-json\/wp\/v2\/media?parent=99429"}],"wp:term":[{"taxonomy":"category","embeddable":true,"href":"https:\/\/eltrabajo.cl\/portal\/wp-json\/wp\/v2\/categories?post=99429"},{"taxonomy":"post_tag","embeddable":true,"href":"https:\/\/eltrabajo.cl\/portal\/wp-json\/wp\/v2\/tags?post=99429"}],"curies":[{"name":"wp","href":"https:\/\/api.w.org\/{rel}","templated":true}]}}